{"id":489,"date":"2015-08-30T21:56:07","date_gmt":"2015-08-30T20:56:07","guid":{"rendered":"http:\/\/itineraires.sudvelo.com\/miles\/?p=489"},"modified":"2015-10-21T10:06:52","modified_gmt":"2015-10-21T09:06:52","slug":"qui-va-piano-va-sano-et-qui-va-sano-va-a-furano","status":"publish","type":"post","link":"https:\/\/itineraires.sudvelo.com\/miles\/2015\/08\/30\/qui-va-piano-va-sano-et-qui-va-sano-va-a-furano\/","title":{"rendered":"Qui va piano va sano et qui va sano va \u00e0 Furano."},"content":{"rendered":"<p>Hotel du petit melon, Furano, 17h.<br \/>\nC&rsquo;est l&rsquo;heure des lessives et des douches dans notre petit h\u00f4tel mignon mais quelle chaleur dans cette chambre ! <\/p>\n<p>A la fin de ce r\u00e9sum\u00e9 vous aurez\u00a0 l&rsquo;honneur et l&rsquo;avantage d&rsquo;entendre \u00ab\u00a0le mot du commodore beureugeureu\u00a0\u00bb qui reviendra sur le comportement de la troupe, l&rsquo;\u00e9tat d&rsquo;esprit, le sentiment g\u00e9n\u00e9ral de ce p\u00e9riple apr\u00e8s 7jours. Ne le manquez pas ! <\/p>\n<p>94km aujourd&rsquo;hui, 2 petits cols pour environ 600 ou 700m de d+&#8230; <\/p>\n<p><a href=\"https:\/\/i0.wp.com\/itineraires.sudvelo.com\/miles\/wp-content\/uploads\/2015\/08\/wpid-wp-14409235819882.jpg\"><img data-recalc-dims=\"1\" decoding=\"async\" title=\"wp-1440923581988\" class=\"alignnone size-full\"  alt=\"image\" src=\"https:\/\/i0.wp.com\/itineraires.sudvelo.com\/miles\/wp-content\/uploads\/2015\/08\/wpid-wp-14409235819882.jpg?w=610\" \/><\/a><\/p>\n<p>Partis de shikaoi, dans le district de kamikawa, nous voil\u00e0 \u00e0 Furano,\u00a0 zone de production de melon et d&rsquo;oignon&#8230; de vin para\u00eet il aussi. On verra \u00e7a ce soir au restaurant. <\/p>\n<p><a href=\"https:\/\/i0.wp.com\/itineraires.sudvelo.com\/miles\/wp-content\/uploads\/2015\/08\/wpid-wp-14409236046242.jpg\"><img data-recalc-dims=\"1\" decoding=\"async\" title=\"wp-1440923604624\" class=\"alignnone size-full\"  alt=\"image\" src=\"https:\/\/i0.wp.com\/itineraires.sudvelo.com\/miles\/wp-content\/uploads\/2015\/08\/wpid-wp-14409236046242.jpg?w=610\" \/><\/a><\/p>\n<p><a href=\"https:\/\/i0.wp.com\/itineraires.sudvelo.com\/miles\/wp-content\/uploads\/2015\/08\/wpid-wp-14409236156292.jpg\"><img data-recalc-dims=\"1\" decoding=\"async\" title=\"wp-1440923615629\" class=\"alignnone size-full\"  alt=\"image\" src=\"https:\/\/i0.wp.com\/itineraires.sudvelo.com\/miles\/wp-content\/uploads\/2015\/08\/wpid-wp-14409236156292.jpg?w=610\" \/><\/a><\/p>\n<p>Pour r\u00e9pondre \u00e0 Rve, on a travers\u0117 des regions agricoles hier et avant hier ce qui explique que nous n&rsquo;ayons pas pris beaucoup de photos. Aujourd&rsquo;hui un joli col, une ambiance un peu montagnes cevenoles\u00a0 (mais avec du ch\u00eane,\u00a0 du boulot et du bambou nain qui tapisse le sol). Le temps un peu charg\u00e9 nous cache souvent les reliefs. On chemine aussi souvent en fonds de vall\u00e9es. <\/p>\n<p>A midi nous avons \u00e0 nouveau fait une halte dans un petit restau au bord de route tenu par une dame d&rsquo;un certain \u00e2ge.\u00a0 Elle s&rsquo;est d\u00e9brouill\u00e9e \u00e0 r\u00e9organiser les tables et repositionner ses clients pour nous accueillir. Par contre impossible de lui faire nous servir une bi\u00e8re : interdiction de servir des bi\u00e8res aux cyclistes en activit\u00e9 !\u00a0 C&rsquo;est ce qu&rsquo;on a compris. Celle de ce soir n&rsquo;en sera que meilleure \ud83d\ude42 <\/p>\n<p>Arriv\u00e9e \u00e0 Furano \u00e0 15h30 par une petite route bord\u00e9e de rizi\u00e8res et de champs d&rsquo;oignons. On pense avoir aper\u00e7u quelques vignes bien cach\u00e9es&#8230; suspens pour ce soir. <\/p>\n<p><a href=\"https:\/\/i0.wp.com\/itineraires.sudvelo.com\/miles\/wp-content\/uploads\/2015\/08\/wpid-wp-14409236383432.jpg\"><img data-recalc-dims=\"1\" decoding=\"async\" title=\"wp-1440923638343\" class=\"alignnone size-full\"  alt=\"image\" src=\"https:\/\/i0.wp.com\/itineraires.sudvelo.com\/miles\/wp-content\/uploads\/2015\/08\/wpid-wp-14409236383432.jpg?w=610\" \/><\/a><\/p>\n<p>Apr\u00e8s une semaine de velo, 700km en 7 jours, les organismes ont besoin d&rsquo;un peu de repos que nous allons prendre sur ment demain en restant une nuit de plus \u00e0 Furano. <\/p>\n<p>Et maintenant, laissons place au mot du commodore.<\/p>\n<p><iframe loading=\"lazy\" title=\"Commodore is speaking\" width=\"610\" height=\"343\" src=\"https:\/\/www.youtube.com\/embed\/xsKjJ8foA8Q?feature=oembed\" frameborder=\"0\" allow=\"accelerometer; autoplay; clipboard-write; encrypted-media; gyroscope; picture-in-picture; web-share\" referrerpolicy=\"strict-origin-when-cross-origin\" allowfullscreen><\/iframe><\/p>\n","protected":false},"excerpt":{"rendered":"<p>Hotel du petit melon, Furano, 17h. C&rsquo;est l&rsquo;heure des lessives et des douches dans notre petit h\u00f4tel mignon mais quelle chaleur dans cette chambre ! A la fin de ce r\u00e9sum\u00e9 vous aurez\u00a0 l&rsquo;honneur et l&rsquo;avantage d&rsquo;entendre \u00ab\u00a0le mot du commodore beureugeureu\u00a0\u00bb qui reviendra sur le comportement de la troupe, l&rsquo;\u00e9tat d&rsquo;esprit, le sentiment g\u00e9n\u00e9ral [&hellip;]<\/p>\n","protected":false},"author":2,"featured_media":0,"comment_status":"open","ping_status":"open","sticky":false,"template":"","format":"standard","meta":{"jetpack_post_was_ever_published":false,"_jetpack_newsletter_access":"","_jetpack_dont_email_post_to_subs":false,"_jetpack_newsletter_tier_id":0,"_jetpack_memberships_contains_paywalled_content":false,"_jetpack_memberships_contains_paid_content":false,"footnotes":"","jetpack_publicize_message":"","jetpack_publicize_feature_enabled":true,"jetpack_social_post_already_shared":true,"jetpack_social_options":{"image_generator_settings":{"template":"highway","enabled":false},"version":2}},"categories":[29,5,3,8,7],"tags":[],"class_list":["post-489","post","type-post","status-publish","format-standard","hentry","category-hokkaido","category-japon","category-periples","category-sudvelo","category-voyages"],"jetpack_publicize_connections":[],"jetpack_featured_media_url":"","jetpack_sharing_enabled":true,"jetpack_shortlink":"https:\/\/wp.me\/p6ioUK-7T","jetpack_likes_enabled":true,"_links":{"self":[{"href":"https:\/\/itineraires.sudvelo.com\/miles\/wp-json\/wp\/v2\/posts\/489"}],"collection":[{"href":"https:\/\/itineraires.sudvelo.com\/miles\/wp-json\/wp\/v2\/posts"}],"about":[{"href":"https:\/\/itineraires.sudvelo.com\/miles\/wp-json\/wp\/v2\/types\/post"}],"author":[{"embeddable":true,"href":"https:\/\/itineraires.sudvelo.com\/miles\/wp-json\/wp\/v2\/users\/2"}],"replies":[{"embeddable":true,"href":"https:\/\/itineraires.sudvelo.com\/miles\/wp-json\/wp\/v2\/comments?post=489"}],"version-history":[{"count":1,"href":"https:\/\/itineraires.sudvelo.com\/miles\/wp-json\/wp\/v2\/posts\/489\/revisions"}],"predecessor-version":[{"id":490,"href":"https:\/\/itineraires.sudvelo.com\/miles\/wp-json\/wp\/v2\/posts\/489\/revisions\/490"}],"wp:attachment":[{"href":"https:\/\/itineraires.sudvelo.com\/miles\/wp-json\/wp\/v2\/media?parent=489"}],"wp:term":[{"taxonomy":"category","embeddable":true,"href":"https:\/\/itineraires.sudvelo.com\/miles\/wp-json\/wp\/v2\/categories?post=489"},{"taxonomy":"post_tag","embeddable":true,"href":"https:\/\/itineraires.sudvelo.com\/miles\/wp-json\/wp\/v2\/tags?post=489"}],"curies":[{"name":"wp","href":"https:\/\/api.w.org\/{rel}","templated":true}]}}