{"id":4772,"date":"2024-06-22T20:28:23","date_gmt":"2024-06-22T19:28:23","guid":{"rendered":"https:\/\/itineraires.sudvelo.com\/miles\/?p=4772"},"modified":"2024-06-23T15:18:37","modified_gmt":"2024-06-23T14:18:37","slug":"arrivederci-ciao","status":"publish","type":"post","link":"https:\/\/itineraires.sudvelo.com\/miles\/2024\/06\/22\/arrivederci-ciao\/","title":{"rendered":"Arrivederci, ciao"},"content":{"rendered":"\n<p>Cette fois-ci c&rsquo;est termin\u00e9. Apr\u00e8s une derni\u00e8re nuit d&rsquo;ivresse dans notre appartement rdc plein centre de Porto Torres, on a pli\u00e9 les gaules, rang\u00e9 le linge sale dans le sac \u00e0 linge sale, r\u00e9organis\u00e9 les sacoches pour la travers\u00e9e, achet\u00e9 le Nougat pour coller aux dents des coll\u00e8gues au petit d\u00e9jeuner de Mardi, puis on est mont\u00e9 dans cet \u00e9norme navire de Corsica Ferry qui nous d\u00e9posera \u00e0 Toulon, Inch Allah, \u00e0 22h45, heure \u00e0 laquelle on enfourchera \u00e0 nouveau nos bikes pour rejoindre notre voiture gar\u00e9e \u00e0 7km de l\u00e0. Restera ensuite 2h de bagnole pour retrouver la couette de st Mathieu de Tr\u00e9viers.<\/p>\n\n\n\n<p>Apr\u00e8s moult compte rendus sans grand int\u00e9r\u00eat, autre que d&rsquo;essayer de partager un peu \u00ab\u00a0l&rsquo;ambiance \u00e0 bord\u00a0\u00bb, la direction de la publication fait un virage \u00e0 180\u00b0 pour t\u00e9moigner d&rsquo;un drame qui s\u00e9vit sur cette magnifique \u00eele, quotidiennement, partout et sans aucune action qui permettrait d&rsquo;endiguer ce qu&rsquo;on pourrait appeler un \u00ab\u00a0fl\u00e9au insulaire\u00a0\u00bb. Partout le long des routes et des chemins, nous avons \u00e9t\u00e9 confront\u00e9s de fa\u00e7on presque permanente \u00e0 la rencontre inopportune des d\u00e9chets et d\u00e9chetteries sauvages. Le long de certaines routes ressemblait \u00e0 un encha\u00eenement de d\u00e9potoirs, compos\u00e9s de sacs plastics pleins ou vides, de mobilier de jardin, parfois m\u00eame de composants \u00e9lectroniques, &#8230; une machine \u00e0 laver attendait son linge depuis certainement bien longtemps entre 2 sacs poubelle pleins et 2 lauriers roses en pleine floraison&#8230; un table de jardin cass\u00e9e et quelques autres plastics non identifi\u00e9s marquaient le d\u00e9but du chemin qui descend une magnifique cala de Maddalena&#8230;<\/p>\n\n\n\n<p>L&rsquo;\u00eele a la c\u00f4te magnifique cache le long de ses routes trop de d\u00e9chets, essentiellement plastics donc \u00ab\u00a0\u00e9ternels\u00a0\u00bb voir \u00ab\u00a0ultimes\u00a0\u00bb. C&rsquo;est assez incompr\u00e9hensible lorsqu&rsquo;on voit le soin apport\u00e9 au tri de d\u00e9chets dans les g\u00eetes que nous avons occup\u00e9s tout au long du s\u00e9jour. Par ailleurs les villes et villages sont tr\u00e8s propres donc ce n&rsquo;est pas un \u00ab\u00a0probl\u00e8me g\u00e9n\u00e9ral de propret\u00e9\u00a0\u00bb&#8230; mais \u00e0 v\u00e9lo c&rsquo;est assez choquant de voir tout cela.<\/p>\n\n\n\n<figure class=\"wp-block-image size-large\"><img loading=\"lazy\" decoding=\"async\" width=\"2000\" height=\"1500\" data-attachment-id=\"4773\" data-permalink=\"https:\/\/itineraires.sudvelo.com\/miles\/2024\/06\/22\/arrivederci-ciao\/20240619_1750174470122115291240246\/\" data-orig-file=\"https:\/\/i0.wp.com\/itineraires.sudvelo.com\/miles\/wp-content\/uploads\/2024\/06\/20240619_1750174470122115291240246.jpg?fit=2000%2C1500&amp;ssl=1\" data-orig-size=\"2000,1500\" data-comments-opened=\"1\" data-image-meta=\"{&quot;aperture&quot;:&quot;0&quot;,&quot;credit&quot;:&quot;&quot;,&quot;camera&quot;:&quot;&quot;,&quot;caption&quot;:&quot;&quot;,&quot;created_timestamp&quot;:&quot;0&quot;,&quot;copyright&quot;:&quot;&quot;,&quot;focal_length&quot;:&quot;0&quot;,&quot;iso&quot;:&quot;0&quot;,&quot;shutter_speed&quot;:&quot;0&quot;,&quot;title&quot;:&quot;&quot;,&quot;orientation&quot;:&quot;0&quot;}\" data-image-title=\"20240619_1750174470122115291240246\" data-image-description=\"\" data-image-caption=\"\" data-medium-file=\"https:\/\/i0.wp.com\/itineraires.sudvelo.com\/miles\/wp-content\/uploads\/2024\/06\/20240619_1750174470122115291240246.jpg?fit=300%2C225&amp;ssl=1\" data-large-file=\"https:\/\/i0.wp.com\/itineraires.sudvelo.com\/miles\/wp-content\/uploads\/2024\/06\/20240619_1750174470122115291240246.jpg?fit=610%2C458&amp;ssl=1\" tabindex=\"0\" role=\"button\" src=\"https:\/\/i2.wp.com\/itineraires.sudvelo.com\/miles\/wp-content\/uploads\/2024\/06\/20240619_1750174470122115291240246.jpg?fit=474%2C356\" alt=\"\" class=\"wp-image-4773\" srcset=\"https:\/\/i0.wp.com\/itineraires.sudvelo.com\/miles\/wp-content\/uploads\/2024\/06\/20240619_1750174470122115291240246.jpg?w=2000&amp;ssl=1 2000w, https:\/\/i0.wp.com\/itineraires.sudvelo.com\/miles\/wp-content\/uploads\/2024\/06\/20240619_1750174470122115291240246.jpg?resize=300%2C225&amp;ssl=1 300w, https:\/\/i0.wp.com\/itineraires.sudvelo.com\/miles\/wp-content\/uploads\/2024\/06\/20240619_1750174470122115291240246.jpg?resize=1024%2C768&amp;ssl=1 1024w, https:\/\/i0.wp.com\/itineraires.sudvelo.com\/miles\/wp-content\/uploads\/2024\/06\/20240619_1750174470122115291240246.jpg?resize=768%2C576&amp;ssl=1 768w, https:\/\/i0.wp.com\/itineraires.sudvelo.com\/miles\/wp-content\/uploads\/2024\/06\/20240619_1750174470122115291240246.jpg?resize=1536%2C1152&amp;ssl=1 1536w, https:\/\/i0.wp.com\/itineraires.sudvelo.com\/miles\/wp-content\/uploads\/2024\/06\/20240619_1750174470122115291240246.jpg?w=1220 1220w, https:\/\/i0.wp.com\/itineraires.sudvelo.com\/miles\/wp-content\/uploads\/2024\/06\/20240619_1750174470122115291240246.jpg?w=1830 1830w\" sizes=\"(max-width: 610px) 100vw, 610px\" \/><\/figure>\n\n\n\n<p>L&rsquo;autre \u00ab\u00a0petit point noir\u00a0\u00bb (mais c&rsquo;est le cas dans tous les beaux endroits maritimes accessibles de notre plan\u00e8te en surchauffe), c&rsquo;est la sur fr\u00e9quentation, m\u00eame en tout d\u00e9but de saison, des c\u00f4tes par des petits bateaux \u00e0 moteur (sans parler des hors bord ou yacht)&#8230; on les voit partout le long des plages, dans les criques m\u00eame les plus retir\u00e9es de la c\u00f4te Est. Triste de voir d\u00e9filer dans une petite baie des bateaux lou\u00e9s par des jeunes qui filment \u00e0 20m du rivage un lieu o\u00f9 l&rsquo;on parvient depuis le parking en 1h de marche&#8230; et o\u00f9 l&rsquo;on croit pouvoir \u00eatre tranquille.<\/p>\n\n\n\n<p>Mais ces deux c\u00f4t\u00e9s un peu \u00ab\u00a0sombres\u00a0\u00bb de l&rsquo;\u00eele ne g\u00e2chent pas tout le reste, et en particulier l&rsquo;accueil des Sardes, tous pr\u00e9venants, sympas, faisant de gros efforts pour nous comprendre, souriants. Les paysages de l&rsquo;int\u00e9rieur, les villages authentiques (coup de c\u0153ur pour Alghero, Ortosolo, San Pantaleo, Bosa), les quelques super restau !!<\/p>\n\n\n\n<p>On a aim\u00e9 aussi le c\u00f4t\u00e9 serein de ce voyage o\u00f9\u00a0 nous n&rsquo;\u00e9tions jamais dans des situations compliqu\u00e9es. A noter aussi un co\u00fbt de la vie bien inferieur au notre.<\/p>\n\n\n\n<p>Bref on s&rsquo;est r\u00e9gal\u00e9, arrivederci !<\/p>\n\n\n\n<figure class=\"wp-block-gallery columns-2 is-cropped wp-block-gallery-1 is-layout-flex wp-block-gallery-is-layout-flex\"><ul class=\"blocks-gallery-grid\"><li class=\"blocks-gallery-item\"><figure><img data-recalc-dims=\"1\" loading=\"lazy\" decoding=\"async\" width=\"610\" height=\"813\" data-attachment-id=\"4776\" data-permalink=\"https:\/\/itineraires.sudvelo.com\/miles\/2024\/06\/22\/arrivederci-ciao\/20240622_1003417620529595230042386\/\" data-orig-file=\"https:\/\/i0.wp.com\/itineraires.sudvelo.com\/miles\/wp-content\/uploads\/2024\/06\/20240622_1003417620529595230042386.jpg?fit=1512%2C2016&amp;ssl=1\" data-orig-size=\"1512,2016\" data-comments-opened=\"1\" data-image-meta=\"{&quot;aperture&quot;:&quot;0&quot;,&quot;credit&quot;:&quot;&quot;,&quot;camera&quot;:&quot;&quot;,&quot;caption&quot;:&quot;&quot;,&quot;created_timestamp&quot;:&quot;0&quot;,&quot;copyright&quot;:&quot;&quot;,&quot;focal_length&quot;:&quot;0&quot;,&quot;iso&quot;:&quot;0&quot;,&quot;shutter_speed&quot;:&quot;0&quot;,&quot;title&quot;:&quot;&quot;,&quot;orientation&quot;:&quot;0&quot;}\" data-image-title=\"20240622_1003417620529595230042386\" data-image-description=\"\" data-image-caption=\"\" data-medium-file=\"https:\/\/i0.wp.com\/itineraires.sudvelo.com\/miles\/wp-content\/uploads\/2024\/06\/20240622_1003417620529595230042386.jpg?fit=225%2C300&amp;ssl=1\" data-large-file=\"https:\/\/i0.wp.com\/itineraires.sudvelo.com\/miles\/wp-content\/uploads\/2024\/06\/20240622_1003417620529595230042386.jpg?fit=610%2C813&amp;ssl=1\" tabindex=\"0\" role=\"button\" src=\"https:\/\/i0.wp.com\/itineraires.sudvelo.com\/miles\/wp-content\/uploads\/2024\/06\/20240622_1003417620529595230042386-768x1024.jpg?resize=610%2C813&#038;ssl=1\" alt=\"\" data-id=\"4776\" class=\"wp-image-4776\" srcset=\"https:\/\/i0.wp.com\/itineraires.sudvelo.com\/miles\/wp-content\/uploads\/2024\/06\/20240622_1003417620529595230042386.jpg?resize=768%2C1024&amp;ssl=1 768w, https:\/\/i0.wp.com\/itineraires.sudvelo.com\/miles\/wp-content\/uploads\/2024\/06\/20240622_1003417620529595230042386.jpg?resize=225%2C300&amp;ssl=1 225w, https:\/\/i0.wp.com\/itineraires.sudvelo.com\/miles\/wp-content\/uploads\/2024\/06\/20240622_1003417620529595230042386.jpg?resize=1152%2C1536&amp;ssl=1 1152w, https:\/\/i0.wp.com\/itineraires.sudvelo.com\/miles\/wp-content\/uploads\/2024\/06\/20240622_1003417620529595230042386.jpg?w=1512&amp;ssl=1 1512w, https:\/\/i0.wp.com\/itineraires.sudvelo.com\/miles\/wp-content\/uploads\/2024\/06\/20240622_1003417620529595230042386.jpg?w=1220 1220w\" sizes=\"(max-width: 610px) 100vw, 610px\" \/><\/figure><\/li><li class=\"blocks-gallery-item\"><figure><img data-recalc-dims=\"1\" loading=\"lazy\" decoding=\"async\" width=\"610\" height=\"813\" data-attachment-id=\"4777\" data-permalink=\"https:\/\/itineraires.sudvelo.com\/miles\/2024\/06\/22\/arrivederci-ciao\/20240622_1003352696211887808945711\/\" data-orig-file=\"https:\/\/i0.wp.com\/itineraires.sudvelo.com\/miles\/wp-content\/uploads\/2024\/06\/20240622_1003352696211887808945711.jpg?fit=1512%2C2016&amp;ssl=1\" data-orig-size=\"1512,2016\" data-comments-opened=\"1\" data-image-meta=\"{&quot;aperture&quot;:&quot;0&quot;,&quot;credit&quot;:&quot;&quot;,&quot;camera&quot;:&quot;&quot;,&quot;caption&quot;:&quot;&quot;,&quot;created_timestamp&quot;:&quot;0&quot;,&quot;copyright&quot;:&quot;&quot;,&quot;focal_length&quot;:&quot;0&quot;,&quot;iso&quot;:&quot;0&quot;,&quot;shutter_speed&quot;:&quot;0&quot;,&quot;title&quot;:&quot;&quot;,&quot;orientation&quot;:&quot;0&quot;}\" data-image-title=\"20240622_1003352696211887808945711\" data-image-description=\"\" data-image-caption=\"\" data-medium-file=\"https:\/\/i0.wp.com\/itineraires.sudvelo.com\/miles\/wp-content\/uploads\/2024\/06\/20240622_1003352696211887808945711.jpg?fit=225%2C300&amp;ssl=1\" data-large-file=\"https:\/\/i0.wp.com\/itineraires.sudvelo.com\/miles\/wp-content\/uploads\/2024\/06\/20240622_1003352696211887808945711.jpg?fit=610%2C813&amp;ssl=1\" tabindex=\"0\" role=\"button\" src=\"https:\/\/i0.wp.com\/itineraires.sudvelo.com\/miles\/wp-content\/uploads\/2024\/06\/20240622_1003352696211887808945711-768x1024.jpg?resize=610%2C813&#038;ssl=1\" alt=\"\" data-id=\"4777\" class=\"wp-image-4777\" srcset=\"https:\/\/i0.wp.com\/itineraires.sudvelo.com\/miles\/wp-content\/uploads\/2024\/06\/20240622_1003352696211887808945711.jpg?resize=768%2C1024&amp;ssl=1 768w, https:\/\/i0.wp.com\/itineraires.sudvelo.com\/miles\/wp-content\/uploads\/2024\/06\/20240622_1003352696211887808945711.jpg?resize=225%2C300&amp;ssl=1 225w, https:\/\/i0.wp.com\/itineraires.sudvelo.com\/miles\/wp-content\/uploads\/2024\/06\/20240622_1003352696211887808945711.jpg?resize=1152%2C1536&amp;ssl=1 1152w, https:\/\/i0.wp.com\/itineraires.sudvelo.com\/miles\/wp-content\/uploads\/2024\/06\/20240622_1003352696211887808945711.jpg?w=1512&amp;ssl=1 1512w, https:\/\/i0.wp.com\/itineraires.sudvelo.com\/miles\/wp-content\/uploads\/2024\/06\/20240622_1003352696211887808945711.jpg?w=1220 1220w\" sizes=\"(max-width: 610px) 100vw, 610px\" \/><\/figure><\/li><\/ul><\/figure>\n","protected":false},"excerpt":{"rendered":"<p>Cette fois-ci c&rsquo;est termin\u00e9. Apr\u00e8s une derni\u00e8re nuit d&rsquo;ivresse dans notre appartement rdc plein centre de Porto Torres, on a pli\u00e9 les gaules, rang\u00e9 le linge sale dans le sac \u00e0 linge sale, r\u00e9organis\u00e9 les sacoches pour la travers\u00e9e, achet\u00e9 le Nougat pour coller aux dents des coll\u00e8gues au petit d\u00e9jeuner de Mardi, puis on [&hellip;]<\/p>\n","protected":false},"author":2,"featured_media":0,"comment_status":"open","ping_status":"open","sticky":false,"template":"","format":"aside","meta":{"jetpack_post_was_ever_published":false,"_jetpack_newsletter_access":"","_jetpack_dont_email_post_to_subs":false,"_jetpack_newsletter_tier_id":0,"_jetpack_memberships_contains_paywalled_content":false,"_jetpack_memberships_contains_paid_content":false,"footnotes":"","jetpack_publicize_message":"","jetpack_publicize_feature_enabled":true,"jetpack_social_post_already_shared":true,"jetpack_social_options":{"image_generator_settings":{"template":"highway","enabled":false},"version":2}},"categories":[58],"tags":[],"class_list":["post-4772","post","type-post","status-publish","format-aside","hentry","category-sardaigne","post_format-post-format-aside"],"jetpack_publicize_connections":[],"jetpack_featured_media_url":"","jetpack_sharing_enabled":true,"jetpack_shortlink":"https:\/\/wp.me\/p6ioUK-1eY","jetpack_likes_enabled":true,"_links":{"self":[{"href":"https:\/\/itineraires.sudvelo.com\/miles\/wp-json\/wp\/v2\/posts\/4772"}],"collection":[{"href":"https:\/\/itineraires.sudvelo.com\/miles\/wp-json\/wp\/v2\/posts"}],"about":[{"href":"https:\/\/itineraires.sudvelo.com\/miles\/wp-json\/wp\/v2\/types\/post"}],"author":[{"embeddable":true,"href":"https:\/\/itineraires.sudvelo.com\/miles\/wp-json\/wp\/v2\/users\/2"}],"replies":[{"embeddable":true,"href":"https:\/\/itineraires.sudvelo.com\/miles\/wp-json\/wp\/v2\/comments?post=4772"}],"version-history":[{"count":4,"href":"https:\/\/itineraires.sudvelo.com\/miles\/wp-json\/wp\/v2\/posts\/4772\/revisions"}],"predecessor-version":[{"id":4781,"href":"https:\/\/itineraires.sudvelo.com\/miles\/wp-json\/wp\/v2\/posts\/4772\/revisions\/4781"}],"wp:attachment":[{"href":"https:\/\/itineraires.sudvelo.com\/miles\/wp-json\/wp\/v2\/media?parent=4772"}],"wp:term":[{"taxonomy":"category","embeddable":true,"href":"https:\/\/itineraires.sudvelo.com\/miles\/wp-json\/wp\/v2\/categories?post=4772"},{"taxonomy":"post_tag","embeddable":true,"href":"https:\/\/itineraires.sudvelo.com\/miles\/wp-json\/wp\/v2\/tags?post=4772"}],"curies":[{"name":"wp","href":"https:\/\/api.w.org\/{rel}","templated":true}]}}