{"id":4752,"date":"2024-06-19T19:46:53","date_gmt":"2024-06-19T18:46:53","guid":{"rendered":"https:\/\/itineraires.sudvelo.com\/miles\/?p=4752"},"modified":"2024-06-19T19:46:53","modified_gmt":"2024-06-19T18:46:53","slug":"dopo-il-giorno-di-riposo-encore-il-giorno-di-reposo","status":"publish","type":"post","link":"https:\/\/itineraires.sudvelo.com\/miles\/2024\/06\/19\/dopo-il-giorno-di-riposo-encore-il-giorno-di-reposo\/","title":{"rendered":"dopo il giorno di riposo&#8230; encore il giorno di reposo."},"content":{"rendered":"\n<p>C&rsquo;est un joli B&amp;B qui nous a servi de refuge ces 2 jours. Malheureusement nous etions nombreux \u00e0 profiter des lieux, et surtout essentiellement des moustiques qui nous ont bien ab\u00eem\u00e9 la premi\u00e8re nuit.<\/p>\n\n\n\n<p><br \/>Aujourd&rsquo;hui toute la journ\u00e9e le ciel est rest\u00e9 voil\u00e9. \u00c7a ne nous a pas emp\u00eacher ni d&rsquo;avoir chaud, ni d&rsquo;appr\u00e9cier le magnifique d\u00e9cor alentour.<br \/>Un tour sur l&rsquo;\u00eele voisine de Caprera, avec ses chaos rocheux tout en tafoni (ces sculptures naturelles polies par le vent et le sel), l&rsquo;eau \u00e9tait magnifiquement ti\u00e8de, ce qui nous a rapidement conduit \u00e0 nous immerger.<\/p>\n\n\n\n<figure class=\"wp-block-gallery columns-3 is-cropped wp-block-gallery-1 is-layout-flex wp-block-gallery-is-layout-flex\"><ul class=\"blocks-gallery-grid\"><li class=\"blocks-gallery-item\"><figure><img data-recalc-dims=\"1\" loading=\"lazy\" decoding=\"async\" width=\"610\" height=\"813\" data-attachment-id=\"4757\" data-permalink=\"https:\/\/itineraires.sudvelo.com\/miles\/2024\/06\/19\/dopo-il-giorno-di-riposo-encore-il-giorno-di-reposo\/img-20240619-wa00103053419290783055807\/\" data-orig-file=\"https:\/\/i0.wp.com\/itineraires.sudvelo.com\/miles\/wp-content\/uploads\/2024\/06\/img-20240619-wa00103053419290783055807.jpg?fit=1200%2C1600&amp;ssl=1\" data-orig-size=\"1200,1600\" data-comments-opened=\"1\" data-image-meta=\"{&quot;aperture&quot;:&quot;0&quot;,&quot;credit&quot;:&quot;&quot;,&quot;camera&quot;:&quot;&quot;,&quot;caption&quot;:&quot;&quot;,&quot;created_timestamp&quot;:&quot;0&quot;,&quot;copyright&quot;:&quot;&quot;,&quot;focal_length&quot;:&quot;0&quot;,&quot;iso&quot;:&quot;0&quot;,&quot;shutter_speed&quot;:&quot;0&quot;,&quot;title&quot;:&quot;&quot;,&quot;orientation&quot;:&quot;0&quot;}\" data-image-title=\"img-20240619-wa00103053419290783055807\" data-image-description=\"\" data-image-caption=\"\" data-medium-file=\"https:\/\/i0.wp.com\/itineraires.sudvelo.com\/miles\/wp-content\/uploads\/2024\/06\/img-20240619-wa00103053419290783055807.jpg?fit=225%2C300&amp;ssl=1\" data-large-file=\"https:\/\/i0.wp.com\/itineraires.sudvelo.com\/miles\/wp-content\/uploads\/2024\/06\/img-20240619-wa00103053419290783055807.jpg?fit=610%2C813&amp;ssl=1\" tabindex=\"0\" role=\"button\" src=\"https:\/\/i0.wp.com\/itineraires.sudvelo.com\/miles\/wp-content\/uploads\/2024\/06\/img-20240619-wa00103053419290783055807-768x1024.jpg?resize=610%2C813&#038;ssl=1\" alt=\"\" data-id=\"4757\" class=\"wp-image-4757\" srcset=\"https:\/\/i0.wp.com\/itineraires.sudvelo.com\/miles\/wp-content\/uploads\/2024\/06\/img-20240619-wa00103053419290783055807.jpg?resize=768%2C1024&amp;ssl=1 768w, https:\/\/i0.wp.com\/itineraires.sudvelo.com\/miles\/wp-content\/uploads\/2024\/06\/img-20240619-wa00103053419290783055807.jpg?resize=225%2C300&amp;ssl=1 225w, https:\/\/i0.wp.com\/itineraires.sudvelo.com\/miles\/wp-content\/uploads\/2024\/06\/img-20240619-wa00103053419290783055807.jpg?resize=1152%2C1536&amp;ssl=1 1152w, https:\/\/i0.wp.com\/itineraires.sudvelo.com\/miles\/wp-content\/uploads\/2024\/06\/img-20240619-wa00103053419290783055807.jpg?w=1200&amp;ssl=1 1200w\" sizes=\"(max-width: 610px) 100vw, 610px\" \/><\/figure><\/li><li class=\"blocks-gallery-item\"><figure><img data-recalc-dims=\"1\" loading=\"lazy\" decoding=\"async\" width=\"610\" height=\"813\" data-attachment-id=\"4756\" data-permalink=\"https:\/\/itineraires.sudvelo.com\/miles\/2024\/06\/19\/dopo-il-giorno-di-riposo-encore-il-giorno-di-reposo\/img-20240619-wa00035620653800053644428\/\" data-orig-file=\"https:\/\/i0.wp.com\/itineraires.sudvelo.com\/miles\/wp-content\/uploads\/2024\/06\/img-20240619-wa00035620653800053644428.jpg?fit=1200%2C1600&amp;ssl=1\" data-orig-size=\"1200,1600\" data-comments-opened=\"1\" data-image-meta=\"{&quot;aperture&quot;:&quot;0&quot;,&quot;credit&quot;:&quot;&quot;,&quot;camera&quot;:&quot;&quot;,&quot;caption&quot;:&quot;&quot;,&quot;created_timestamp&quot;:&quot;0&quot;,&quot;copyright&quot;:&quot;&quot;,&quot;focal_length&quot;:&quot;0&quot;,&quot;iso&quot;:&quot;0&quot;,&quot;shutter_speed&quot;:&quot;0&quot;,&quot;title&quot;:&quot;&quot;,&quot;orientation&quot;:&quot;0&quot;}\" data-image-title=\"img-20240619-wa00035620653800053644428\" data-image-description=\"\" data-image-caption=\"\" data-medium-file=\"https:\/\/i0.wp.com\/itineraires.sudvelo.com\/miles\/wp-content\/uploads\/2024\/06\/img-20240619-wa00035620653800053644428.jpg?fit=225%2C300&amp;ssl=1\" data-large-file=\"https:\/\/i0.wp.com\/itineraires.sudvelo.com\/miles\/wp-content\/uploads\/2024\/06\/img-20240619-wa00035620653800053644428.jpg?fit=610%2C813&amp;ssl=1\" tabindex=\"0\" role=\"button\" src=\"https:\/\/i0.wp.com\/itineraires.sudvelo.com\/miles\/wp-content\/uploads\/2024\/06\/img-20240619-wa00035620653800053644428-768x1024.jpg?resize=610%2C813&#038;ssl=1\" alt=\"\" data-id=\"4756\" class=\"wp-image-4756\" srcset=\"https:\/\/i0.wp.com\/itineraires.sudvelo.com\/miles\/wp-content\/uploads\/2024\/06\/img-20240619-wa00035620653800053644428.jpg?resize=768%2C1024&amp;ssl=1 768w, https:\/\/i0.wp.com\/itineraires.sudvelo.com\/miles\/wp-content\/uploads\/2024\/06\/img-20240619-wa00035620653800053644428.jpg?resize=225%2C300&amp;ssl=1 225w, https:\/\/i0.wp.com\/itineraires.sudvelo.com\/miles\/wp-content\/uploads\/2024\/06\/img-20240619-wa00035620653800053644428.jpg?resize=1152%2C1536&amp;ssl=1 1152w, https:\/\/i0.wp.com\/itineraires.sudvelo.com\/miles\/wp-content\/uploads\/2024\/06\/img-20240619-wa00035620653800053644428.jpg?w=1200&amp;ssl=1 1200w\" sizes=\"(max-width: 610px) 100vw, 610px\" \/><\/figure><\/li><li class=\"blocks-gallery-item\"><figure><img data-recalc-dims=\"1\" loading=\"lazy\" decoding=\"async\" width=\"610\" height=\"458\" data-attachment-id=\"4755\" data-permalink=\"https:\/\/itineraires.sudvelo.com\/miles\/2024\/06\/19\/dopo-il-giorno-di-riposo-encore-il-giorno-di-reposo\/img-20240619-wa00057912220706159980780\/\" data-orig-file=\"https:\/\/i0.wp.com\/itineraires.sudvelo.com\/miles\/wp-content\/uploads\/2024\/06\/img-20240619-wa00057912220706159980780.jpg?fit=1600%2C1200&amp;ssl=1\" data-orig-size=\"1600,1200\" data-comments-opened=\"1\" data-image-meta=\"{&quot;aperture&quot;:&quot;0&quot;,&quot;credit&quot;:&quot;&quot;,&quot;camera&quot;:&quot;&quot;,&quot;caption&quot;:&quot;&quot;,&quot;created_timestamp&quot;:&quot;0&quot;,&quot;copyright&quot;:&quot;&quot;,&quot;focal_length&quot;:&quot;0&quot;,&quot;iso&quot;:&quot;0&quot;,&quot;shutter_speed&quot;:&quot;0&quot;,&quot;title&quot;:&quot;&quot;,&quot;orientation&quot;:&quot;0&quot;}\" data-image-title=\"img-20240619-wa00057912220706159980780\" data-image-description=\"\" data-image-caption=\"\" data-medium-file=\"https:\/\/i0.wp.com\/itineraires.sudvelo.com\/miles\/wp-content\/uploads\/2024\/06\/img-20240619-wa00057912220706159980780.jpg?fit=300%2C225&amp;ssl=1\" data-large-file=\"https:\/\/i0.wp.com\/itineraires.sudvelo.com\/miles\/wp-content\/uploads\/2024\/06\/img-20240619-wa00057912220706159980780.jpg?fit=610%2C458&amp;ssl=1\" tabindex=\"0\" role=\"button\" src=\"https:\/\/i0.wp.com\/itineraires.sudvelo.com\/miles\/wp-content\/uploads\/2024\/06\/img-20240619-wa00057912220706159980780-1024x768.jpg?resize=610%2C458&#038;ssl=1\" alt=\"\" data-id=\"4755\" class=\"wp-image-4755\" srcset=\"https:\/\/i0.wp.com\/itineraires.sudvelo.com\/miles\/wp-content\/uploads\/2024\/06\/img-20240619-wa00057912220706159980780.jpg?resize=1024%2C768&amp;ssl=1 1024w, https:\/\/i0.wp.com\/itineraires.sudvelo.com\/miles\/wp-content\/uploads\/2024\/06\/img-20240619-wa00057912220706159980780.jpg?resize=300%2C225&amp;ssl=1 300w, https:\/\/i0.wp.com\/itineraires.sudvelo.com\/miles\/wp-content\/uploads\/2024\/06\/img-20240619-wa00057912220706159980780.jpg?resize=768%2C576&amp;ssl=1 768w, https:\/\/i0.wp.com\/itineraires.sudvelo.com\/miles\/wp-content\/uploads\/2024\/06\/img-20240619-wa00057912220706159980780.jpg?resize=1536%2C1152&amp;ssl=1 1536w, https:\/\/i0.wp.com\/itineraires.sudvelo.com\/miles\/wp-content\/uploads\/2024\/06\/img-20240619-wa00057912220706159980780.jpg?w=1600&amp;ssl=1 1600w, https:\/\/i0.wp.com\/itineraires.sudvelo.com\/miles\/wp-content\/uploads\/2024\/06\/img-20240619-wa00057912220706159980780.jpg?w=1220 1220w\" sizes=\"(max-width: 610px) 100vw, 610px\" \/><\/figure><\/li><li class=\"blocks-gallery-item\"><figure><img data-recalc-dims=\"1\" loading=\"lazy\" decoding=\"async\" width=\"610\" height=\"458\" data-attachment-id=\"4758\" data-permalink=\"https:\/\/itineraires.sudvelo.com\/miles\/2024\/06\/19\/dopo-il-giorno-di-riposo-encore-il-giorno-di-reposo\/20240619_121854581544923936310515\/\" data-orig-file=\"https:\/\/i0.wp.com\/itineraires.sudvelo.com\/miles\/wp-content\/uploads\/2024\/06\/20240619_121854581544923936310515.jpg?fit=2000%2C1500&amp;ssl=1\" data-orig-size=\"2000,1500\" data-comments-opened=\"1\" data-image-meta=\"{&quot;aperture&quot;:&quot;0&quot;,&quot;credit&quot;:&quot;&quot;,&quot;camera&quot;:&quot;&quot;,&quot;caption&quot;:&quot;&quot;,&quot;created_timestamp&quot;:&quot;0&quot;,&quot;copyright&quot;:&quot;&quot;,&quot;focal_length&quot;:&quot;0&quot;,&quot;iso&quot;:&quot;0&quot;,&quot;shutter_speed&quot;:&quot;0&quot;,&quot;title&quot;:&quot;&quot;,&quot;orientation&quot;:&quot;0&quot;}\" data-image-title=\"20240619_121854581544923936310515\" data-image-description=\"\" data-image-caption=\"\" data-medium-file=\"https:\/\/i0.wp.com\/itineraires.sudvelo.com\/miles\/wp-content\/uploads\/2024\/06\/20240619_121854581544923936310515.jpg?fit=300%2C225&amp;ssl=1\" data-large-file=\"https:\/\/i0.wp.com\/itineraires.sudvelo.com\/miles\/wp-content\/uploads\/2024\/06\/20240619_121854581544923936310515.jpg?fit=610%2C458&amp;ssl=1\" tabindex=\"0\" role=\"button\" src=\"https:\/\/i0.wp.com\/itineraires.sudvelo.com\/miles\/wp-content\/uploads\/2024\/06\/20240619_121854581544923936310515-1024x768.jpg?resize=610%2C458&#038;ssl=1\" alt=\"\" data-id=\"4758\" class=\"wp-image-4758\" srcset=\"https:\/\/i0.wp.com\/itineraires.sudvelo.com\/miles\/wp-content\/uploads\/2024\/06\/20240619_121854581544923936310515.jpg?resize=1024%2C768&amp;ssl=1 1024w, https:\/\/i0.wp.com\/itineraires.sudvelo.com\/miles\/wp-content\/uploads\/2024\/06\/20240619_121854581544923936310515.jpg?resize=300%2C225&amp;ssl=1 300w, https:\/\/i0.wp.com\/itineraires.sudvelo.com\/miles\/wp-content\/uploads\/2024\/06\/20240619_121854581544923936310515.jpg?resize=768%2C576&amp;ssl=1 768w, https:\/\/i0.wp.com\/itineraires.sudvelo.com\/miles\/wp-content\/uploads\/2024\/06\/20240619_121854581544923936310515.jpg?resize=1536%2C1152&amp;ssl=1 1536w, https:\/\/i0.wp.com\/itineraires.sudvelo.com\/miles\/wp-content\/uploads\/2024\/06\/20240619_121854581544923936310515.jpg?w=2000&amp;ssl=1 2000w, https:\/\/i0.wp.com\/itineraires.sudvelo.com\/miles\/wp-content\/uploads\/2024\/06\/20240619_121854581544923936310515.jpg?w=1220 1220w, https:\/\/i0.wp.com\/itineraires.sudvelo.com\/miles\/wp-content\/uploads\/2024\/06\/20240619_121854581544923936310515.jpg?w=1830 1830w\" sizes=\"(max-width: 610px) 100vw, 610px\" \/><\/figure><\/li><li class=\"blocks-gallery-item\"><figure><img data-recalc-dims=\"1\" loading=\"lazy\" decoding=\"async\" width=\"610\" height=\"458\" data-attachment-id=\"4759\" data-permalink=\"https:\/\/itineraires.sudvelo.com\/miles\/2024\/06\/19\/dopo-il-giorno-di-riposo-encore-il-giorno-di-reposo\/20240619_1129154035568823834717863\/\" data-orig-file=\"https:\/\/i0.wp.com\/itineraires.sudvelo.com\/miles\/wp-content\/uploads\/2024\/06\/20240619_1129154035568823834717863.jpg?fit=2000%2C1500&amp;ssl=1\" data-orig-size=\"2000,1500\" data-comments-opened=\"1\" data-image-meta=\"{&quot;aperture&quot;:&quot;0&quot;,&quot;credit&quot;:&quot;&quot;,&quot;camera&quot;:&quot;&quot;,&quot;caption&quot;:&quot;&quot;,&quot;created_timestamp&quot;:&quot;0&quot;,&quot;copyright&quot;:&quot;&quot;,&quot;focal_length&quot;:&quot;0&quot;,&quot;iso&quot;:&quot;0&quot;,&quot;shutter_speed&quot;:&quot;0&quot;,&quot;title&quot;:&quot;&quot;,&quot;orientation&quot;:&quot;0&quot;}\" data-image-title=\"20240619_1129154035568823834717863\" data-image-description=\"\" data-image-caption=\"\" data-medium-file=\"https:\/\/i0.wp.com\/itineraires.sudvelo.com\/miles\/wp-content\/uploads\/2024\/06\/20240619_1129154035568823834717863.jpg?fit=300%2C225&amp;ssl=1\" data-large-file=\"https:\/\/i0.wp.com\/itineraires.sudvelo.com\/miles\/wp-content\/uploads\/2024\/06\/20240619_1129154035568823834717863.jpg?fit=610%2C458&amp;ssl=1\" tabindex=\"0\" role=\"button\" src=\"https:\/\/i0.wp.com\/itineraires.sudvelo.com\/miles\/wp-content\/uploads\/2024\/06\/20240619_1129154035568823834717863-1024x768.jpg?resize=610%2C458&#038;ssl=1\" alt=\"\" data-id=\"4759\" class=\"wp-image-4759\" srcset=\"https:\/\/i0.wp.com\/itineraires.sudvelo.com\/miles\/wp-content\/uploads\/2024\/06\/20240619_1129154035568823834717863.jpg?resize=1024%2C768&amp;ssl=1 1024w, https:\/\/i0.wp.com\/itineraires.sudvelo.com\/miles\/wp-content\/uploads\/2024\/06\/20240619_1129154035568823834717863.jpg?resize=300%2C225&amp;ssl=1 300w, https:\/\/i0.wp.com\/itineraires.sudvelo.com\/miles\/wp-content\/uploads\/2024\/06\/20240619_1129154035568823834717863.jpg?resize=768%2C576&amp;ssl=1 768w, https:\/\/i0.wp.com\/itineraires.sudvelo.com\/miles\/wp-content\/uploads\/2024\/06\/20240619_1129154035568823834717863.jpg?resize=1536%2C1152&amp;ssl=1 1536w, https:\/\/i0.wp.com\/itineraires.sudvelo.com\/miles\/wp-content\/uploads\/2024\/06\/20240619_1129154035568823834717863.jpg?w=2000&amp;ssl=1 2000w, https:\/\/i0.wp.com\/itineraires.sudvelo.com\/miles\/wp-content\/uploads\/2024\/06\/20240619_1129154035568823834717863.jpg?w=1220 1220w, https:\/\/i0.wp.com\/itineraires.sudvelo.com\/miles\/wp-content\/uploads\/2024\/06\/20240619_1129154035568823834717863.jpg?w=1830 1830w\" sizes=\"(max-width: 610px) 100vw, 610px\" \/><\/figure><\/li><\/ul><\/figure>\n\n\n\n<p>Bref, dans ce chaos apparaissent parfois crocodiles des girafes ou \u00e9l\u00e9phants\u2026 aucune \u00e9tude scientifique s\u00e9rieuse n&rsquo;a jamais d\u00e9montr\u00e9 leur absence.<\/p>\n\n\n\n<p>Figurez vous que si demain matin les moustiques ne nous ont pas compl\u00e8tement d\u00e9vor\u00e9, nous repartirons sur la grande \u00eele pour faire le plus de km possibles vers Puerto Torres. En effet demain est le dernier jour avec un vent d&rsquo;est. Apr\u00e8s demain \u00e7a passe \u00e0 l&rsquo;ouest avec des rafales \u00e0 60km\/h. Il sera alors difficile de progresser avec notre chargement et nous ne tenons pas \u00e0 rater le bateau de samedi 11h, donc on va prendre de l&rsquo;avance.<\/p>\n\n\n\n<p>Pour finir, cette petite vid\u00e9o. Pour paraphraser un c\u00e9l\u00e8bre flim de d\u00e9tournement de flim&#8230; \u00ab\u00a0attention, ce flim n&rsquo;est pas un flim de cyclimse\u00a0\u00bb&#8230;<\/p>\n\n\n\n<p>C&rsquo;est une expression artistique d&rsquo;une rencontre avec un petit animal des for\u00eats facile \u00e0 adopter et qui ne grandira plus. L&rsquo;acteur principal d&rsquo;excuse d&rsquo;avance pour la maltrait\u00e9e animale dont il fut l&rsquo;auteur. Il s&rsquo;excuse aussi aupr\u00e8s de son amour propre et peut \u00eatre aussi celui de ses proches qui pourraient souffrir de le voir dans ce r\u00f4le pourtant grandiose d&rsquo;Hannibal tringue&#8230;<\/p>\n\n\n\n<figure class=\"wp-block-video\"><video controls src=\"https:\/\/itineraires.sudvelo.com\/miles\/wp-content\/uploads\/2024\/06\/km_20240619-Copie_480p_25f_20240619_164928.mp4\"><\/video><\/figure>\n","protected":false},"excerpt":{"rendered":"<p>C&rsquo;est un joli B&amp;B qui nous a servi de refuge ces 2 jours. Malheureusement nous etions nombreux \u00e0 profiter des lieux, et surtout essentiellement des moustiques qui nous ont bien ab\u00eem\u00e9 la premi\u00e8re nuit. Aujourd&rsquo;hui toute la journ\u00e9e le ciel est rest\u00e9 voil\u00e9. \u00c7a ne nous a pas emp\u00eacher ni d&rsquo;avoir chaud, ni d&rsquo;appr\u00e9cier le [&hellip;]<\/p>\n","protected":false},"author":2,"featured_media":0,"comment_status":"open","ping_status":"open","sticky":false,"template":"","format":"aside","meta":{"jetpack_post_was_ever_published":false,"_jetpack_newsletter_access":"","_jetpack_dont_email_post_to_subs":false,"_jetpack_newsletter_tier_id":0,"_jetpack_memberships_contains_paywalled_content":false,"_jetpack_memberships_contains_paid_content":false,"footnotes":"","jetpack_publicize_message":"","jetpack_publicize_feature_enabled":true,"jetpack_social_post_already_shared":true,"jetpack_social_options":{"image_generator_settings":{"template":"highway","enabled":false},"version":2}},"categories":[58],"tags":[],"class_list":["post-4752","post","type-post","status-publish","format-aside","hentry","category-sardaigne","post_format-post-format-aside"],"jetpack_publicize_connections":[],"jetpack_featured_media_url":"","jetpack_sharing_enabled":true,"jetpack_shortlink":"https:\/\/wp.me\/p6ioUK-1eE","jetpack_likes_enabled":true,"_links":{"self":[{"href":"https:\/\/itineraires.sudvelo.com\/miles\/wp-json\/wp\/v2\/posts\/4752"}],"collection":[{"href":"https:\/\/itineraires.sudvelo.com\/miles\/wp-json\/wp\/v2\/posts"}],"about":[{"href":"https:\/\/itineraires.sudvelo.com\/miles\/wp-json\/wp\/v2\/types\/post"}],"author":[{"embeddable":true,"href":"https:\/\/itineraires.sudvelo.com\/miles\/wp-json\/wp\/v2\/users\/2"}],"replies":[{"embeddable":true,"href":"https:\/\/itineraires.sudvelo.com\/miles\/wp-json\/wp\/v2\/comments?post=4752"}],"version-history":[{"count":3,"href":"https:\/\/itineraires.sudvelo.com\/miles\/wp-json\/wp\/v2\/posts\/4752\/revisions"}],"predecessor-version":[{"id":4762,"href":"https:\/\/itineraires.sudvelo.com\/miles\/wp-json\/wp\/v2\/posts\/4752\/revisions\/4762"}],"wp:attachment":[{"href":"https:\/\/itineraires.sudvelo.com\/miles\/wp-json\/wp\/v2\/media?parent=4752"}],"wp:term":[{"taxonomy":"category","embeddable":true,"href":"https:\/\/itineraires.sudvelo.com\/miles\/wp-json\/wp\/v2\/categories?post=4752"},{"taxonomy":"post_tag","embeddable":true,"href":"https:\/\/itineraires.sudvelo.com\/miles\/wp-json\/wp\/v2\/tags?post=4752"}],"curies":[{"name":"wp","href":"https:\/\/api.w.org\/{rel}","templated":true}]}}