{"id":4740,"date":"2024-06-17T14:16:33","date_gmt":"2024-06-17T13:16:33","guid":{"rendered":"https:\/\/itineraires.sudvelo.com\/miles\/2024\/06\/17\/budoni-cannigione\/"},"modified":"2024-06-17T14:16:33","modified_gmt":"2024-06-17T13:16:33","slug":"budoni-cannigione","status":"publish","type":"post","link":"https:\/\/itineraires.sudvelo.com\/miles\/2024\/06\/17\/budoni-cannigione\/","title":{"rendered":"Budoni &#8211; Cannigione"},"content":{"rendered":"\n<p>Premi\u00e8re vraie journ\u00e9e dans la circulation Sarde.<\/p>\n\n\n\n<p>D\u00e8s Budoni nord on a senti qu&rsquo;on entrait dans une section tr\u00e8s circulante. Juste un petit repis dans les roues d&rsquo;un beau groupe de cyclos, puis notre Garmin dit \u00ab\u00a0\u00e0 gauche\u00a0\u00bb alors qu&rsquo;ils continuent vers la mer.<\/p>\n\n\n\n<p>Retour donc sur la ss125, sorte de nationale plut\u00f4t jolie par endroit mais toujours un peu trop \u00e9troite pour la densit\u00e9 de voitures qui nous doublent. On est sur les nerfs pendant 25km environ, et ce n&rsquo;est qu&rsquo;un d\u00e9but.<\/p>\n\n\n\n<p>Alors bien s\u00fbr le traceur est en cause&#8230; mais l&rsquo;id\u00e9e \u00e9tait aujourd&rsquo;hui de \u00ab\u00a0borner\u00a0\u00bb en trac\u00e9 directe pour prendre du temps dans les jours qui viennent, sur la Costa Esmeralda. Donc on consid\u00e8re que malgr\u00e9 le stress de cette journ\u00e9e, la mission est accomplie : on pourra profiter un max de ce c\u00f4t\u00e9 de l&rsquo;\u00eele r\u00e9put\u00e9 merveilleux.<\/p>\n\n\n\n<p>On retient quand m\u00eame une travers\u00e9e d&rsquo;Olbia sur une belle piste cyclable le long du port.<\/p>\n\n\n\n<figure class=\"wp-block-image size-large\"><img loading=\"lazy\" decoding=\"async\" width=\"2000\" height=\"1500\" data-attachment-id=\"4734\" data-permalink=\"https:\/\/itineraires.sudvelo.com\/miles\/2024\/06\/17\/budoni-cannigione\/20240617_105059492838064521947270\/\" data-orig-file=\"https:\/\/i0.wp.com\/itineraires.sudvelo.com\/miles\/wp-content\/uploads\/2024\/06\/20240617_105059492838064521947270.jpg?fit=2000%2C1500&amp;ssl=1\" data-orig-size=\"2000,1500\" data-comments-opened=\"1\" data-image-meta=\"{&quot;aperture&quot;:&quot;0&quot;,&quot;credit&quot;:&quot;&quot;,&quot;camera&quot;:&quot;&quot;,&quot;caption&quot;:&quot;&quot;,&quot;created_timestamp&quot;:&quot;0&quot;,&quot;copyright&quot;:&quot;&quot;,&quot;focal_length&quot;:&quot;0&quot;,&quot;iso&quot;:&quot;0&quot;,&quot;shutter_speed&quot;:&quot;0&quot;,&quot;title&quot;:&quot;&quot;,&quot;orientation&quot;:&quot;0&quot;}\" data-image-title=\"20240617_105059492838064521947270\" data-image-description=\"\" data-image-caption=\"\" data-medium-file=\"https:\/\/i0.wp.com\/itineraires.sudvelo.com\/miles\/wp-content\/uploads\/2024\/06\/20240617_105059492838064521947270.jpg?fit=300%2C225&amp;ssl=1\" data-large-file=\"https:\/\/i0.wp.com\/itineraires.sudvelo.com\/miles\/wp-content\/uploads\/2024\/06\/20240617_105059492838064521947270.jpg?fit=610%2C458&amp;ssl=1\" tabindex=\"0\" role=\"button\" src=\"https:\/\/i2.wp.com\/itineraires.sudvelo.com\/miles\/wp-content\/uploads\/2024\/06\/20240617_105059492838064521947270.jpg?fit=474%2C356\" alt=\"\" class=\"wp-image-4734\" srcset=\"https:\/\/i0.wp.com\/itineraires.sudvelo.com\/miles\/wp-content\/uploads\/2024\/06\/20240617_105059492838064521947270.jpg?w=2000&amp;ssl=1 2000w, https:\/\/i0.wp.com\/itineraires.sudvelo.com\/miles\/wp-content\/uploads\/2024\/06\/20240617_105059492838064521947270.jpg?resize=300%2C225&amp;ssl=1 300w, https:\/\/i0.wp.com\/itineraires.sudvelo.com\/miles\/wp-content\/uploads\/2024\/06\/20240617_105059492838064521947270.jpg?resize=1024%2C768&amp;ssl=1 1024w, https:\/\/i0.wp.com\/itineraires.sudvelo.com\/miles\/wp-content\/uploads\/2024\/06\/20240617_105059492838064521947270.jpg?resize=768%2C576&amp;ssl=1 768w, https:\/\/i0.wp.com\/itineraires.sudvelo.com\/miles\/wp-content\/uploads\/2024\/06\/20240617_105059492838064521947270.jpg?resize=1536%2C1152&amp;ssl=1 1536w, https:\/\/i0.wp.com\/itineraires.sudvelo.com\/miles\/wp-content\/uploads\/2024\/06\/20240617_105059492838064521947270.jpg?w=1220 1220w, https:\/\/i0.wp.com\/itineraires.sudvelo.com\/miles\/wp-content\/uploads\/2024\/06\/20240617_105059492838064521947270.jpg?w=1830 1830w\" sizes=\"(max-width: 610px) 100vw, 610px\" \/><\/figure>\n\n\n\n<p>Une halte magique \u00e0 San Pantaleo, sur une placette charmante avec une vue sur la splendide montagne et une rencontre avec un groupe de cyclistes itin\u00e9rants encore plus luxe que nous (voiture suiveuses, v\u00e9lo \u00e9lectriques, guide&#8230;),<\/p>\n\n\n\n<figure class=\"wp-block-image size-large\"><img loading=\"lazy\" decoding=\"async\" width=\"1512\" height=\"2016\" data-attachment-id=\"4737\" data-permalink=\"https:\/\/itineraires.sudvelo.com\/miles\/2024\/06\/17\/budoni-cannigione\/20240617_1235358062170475576493943\/\" data-orig-file=\"https:\/\/i0.wp.com\/itineraires.sudvelo.com\/miles\/wp-content\/uploads\/2024\/06\/20240617_1235358062170475576493943.jpg?fit=1512%2C2016&amp;ssl=1\" data-orig-size=\"1512,2016\" data-comments-opened=\"1\" data-image-meta=\"{&quot;aperture&quot;:&quot;0&quot;,&quot;credit&quot;:&quot;&quot;,&quot;camera&quot;:&quot;&quot;,&quot;caption&quot;:&quot;&quot;,&quot;created_timestamp&quot;:&quot;0&quot;,&quot;copyright&quot;:&quot;&quot;,&quot;focal_length&quot;:&quot;0&quot;,&quot;iso&quot;:&quot;0&quot;,&quot;shutter_speed&quot;:&quot;0&quot;,&quot;title&quot;:&quot;&quot;,&quot;orientation&quot;:&quot;0&quot;}\" data-image-title=\"20240617_1235358062170475576493943\" data-image-description=\"\" data-image-caption=\"\" data-medium-file=\"https:\/\/i0.wp.com\/itineraires.sudvelo.com\/miles\/wp-content\/uploads\/2024\/06\/20240617_1235358062170475576493943.jpg?fit=225%2C300&amp;ssl=1\" data-large-file=\"https:\/\/i0.wp.com\/itineraires.sudvelo.com\/miles\/wp-content\/uploads\/2024\/06\/20240617_1235358062170475576493943.jpg?fit=610%2C813&amp;ssl=1\" tabindex=\"0\" role=\"button\" src=\"https:\/\/i0.wp.com\/itineraires.sudvelo.com\/miles\/wp-content\/uploads\/2024\/06\/20240617_1235358062170475576493943.jpg?fit=474%2C632\" alt=\"\" class=\"wp-image-4737\" srcset=\"https:\/\/i0.wp.com\/itineraires.sudvelo.com\/miles\/wp-content\/uploads\/2024\/06\/20240617_1235358062170475576493943.jpg?w=1512&amp;ssl=1 1512w, https:\/\/i0.wp.com\/itineraires.sudvelo.com\/miles\/wp-content\/uploads\/2024\/06\/20240617_1235358062170475576493943.jpg?resize=225%2C300&amp;ssl=1 225w, https:\/\/i0.wp.com\/itineraires.sudvelo.com\/miles\/wp-content\/uploads\/2024\/06\/20240617_1235358062170475576493943.jpg?resize=768%2C1024&amp;ssl=1 768w, https:\/\/i0.wp.com\/itineraires.sudvelo.com\/miles\/wp-content\/uploads\/2024\/06\/20240617_1235358062170475576493943.jpg?resize=1152%2C1536&amp;ssl=1 1152w, https:\/\/i0.wp.com\/itineraires.sudvelo.com\/miles\/wp-content\/uploads\/2024\/06\/20240617_1235358062170475576493943.jpg?w=1220 1220w\" sizes=\"(max-width: 610px) 100vw, 610px\" \/><\/figure>\n\n\n\n<figure class=\"wp-block-image\"><img data-recalc-dims=\"1\" loading=\"lazy\" decoding=\"async\" width=\"610\" height=\"458\" data-attachment-id=\"4736\" data-permalink=\"https:\/\/itineraires.sudvelo.com\/miles\/2024\/06\/17\/budoni-cannigione\/20240617_123655993064290835771803\/\" data-orig-file=\"https:\/\/i0.wp.com\/itineraires.sudvelo.com\/miles\/wp-content\/uploads\/2024\/06\/20240617_123655993064290835771803.jpg?fit=2000%2C1500&amp;ssl=1\" data-orig-size=\"2000,1500\" data-comments-opened=\"1\" data-image-meta=\"{&quot;aperture&quot;:&quot;0&quot;,&quot;credit&quot;:&quot;&quot;,&quot;camera&quot;:&quot;&quot;,&quot;caption&quot;:&quot;&quot;,&quot;created_timestamp&quot;:&quot;0&quot;,&quot;copyright&quot;:&quot;&quot;,&quot;focal_length&quot;:&quot;0&quot;,&quot;iso&quot;:&quot;0&quot;,&quot;shutter_speed&quot;:&quot;0&quot;,&quot;title&quot;:&quot;&quot;,&quot;orientation&quot;:&quot;0&quot;}\" data-image-title=\"20240617_123655993064290835771803\" data-image-description=\"\" data-image-caption=\"\" data-medium-file=\"https:\/\/i0.wp.com\/itineraires.sudvelo.com\/miles\/wp-content\/uploads\/2024\/06\/20240617_123655993064290835771803.jpg?fit=300%2C225&amp;ssl=1\" data-large-file=\"https:\/\/i0.wp.com\/itineraires.sudvelo.com\/miles\/wp-content\/uploads\/2024\/06\/20240617_123655993064290835771803.jpg?fit=610%2C458&amp;ssl=1\" tabindex=\"0\" role=\"button\" src=\"https:\/\/i0.wp.com\/itineraires.sudvelo.com\/miles\/wp-content\/uploads\/2024\/06\/20240617_123655993064290835771803-1024x768.jpg?resize=610%2C458&#038;ssl=1\" alt=\"\" class=\"wp-image-4736\" srcset=\"https:\/\/i0.wp.com\/itineraires.sudvelo.com\/miles\/wp-content\/uploads\/2024\/06\/20240617_123655993064290835771803.jpg?resize=1024%2C768&amp;ssl=1 1024w, https:\/\/i0.wp.com\/itineraires.sudvelo.com\/miles\/wp-content\/uploads\/2024\/06\/20240617_123655993064290835771803.jpg?resize=300%2C225&amp;ssl=1 300w, https:\/\/i0.wp.com\/itineraires.sudvelo.com\/miles\/wp-content\/uploads\/2024\/06\/20240617_123655993064290835771803.jpg?resize=768%2C576&amp;ssl=1 768w, https:\/\/i0.wp.com\/itineraires.sudvelo.com\/miles\/wp-content\/uploads\/2024\/06\/20240617_123655993064290835771803.jpg?resize=1536%2C1152&amp;ssl=1 1536w, https:\/\/i0.wp.com\/itineraires.sudvelo.com\/miles\/wp-content\/uploads\/2024\/06\/20240617_123655993064290835771803.jpg?w=2000&amp;ssl=1 2000w, https:\/\/i0.wp.com\/itineraires.sudvelo.com\/miles\/wp-content\/uploads\/2024\/06\/20240617_123655993064290835771803.jpg?w=1220 1220w, https:\/\/i0.wp.com\/itineraires.sudvelo.com\/miles\/wp-content\/uploads\/2024\/06\/20240617_123655993064290835771803.jpg?w=1830 1830w\" sizes=\"(max-width: 610px) 100vw, 610px\" \/><\/figure>\n\n\n\n<figure class=\"wp-block-image\"><img data-recalc-dims=\"1\" loading=\"lazy\" decoding=\"async\" width=\"610\" height=\"458\" data-attachment-id=\"4735\" data-permalink=\"https:\/\/itineraires.sudvelo.com\/miles\/2024\/06\/17\/budoni-cannigione\/20240617_1237287853689901319803842\/\" data-orig-file=\"https:\/\/i0.wp.com\/itineraires.sudvelo.com\/miles\/wp-content\/uploads\/2024\/06\/20240617_1237287853689901319803842.jpg?fit=2000%2C1500&amp;ssl=1\" data-orig-size=\"2000,1500\" data-comments-opened=\"1\" data-image-meta=\"{&quot;aperture&quot;:&quot;0&quot;,&quot;credit&quot;:&quot;&quot;,&quot;camera&quot;:&quot;&quot;,&quot;caption&quot;:&quot;&quot;,&quot;created_timestamp&quot;:&quot;0&quot;,&quot;copyright&quot;:&quot;&quot;,&quot;focal_length&quot;:&quot;0&quot;,&quot;iso&quot;:&quot;0&quot;,&quot;shutter_speed&quot;:&quot;0&quot;,&quot;title&quot;:&quot;&quot;,&quot;orientation&quot;:&quot;0&quot;}\" data-image-title=\"20240617_1237287853689901319803842\" data-image-description=\"\" data-image-caption=\"\" data-medium-file=\"https:\/\/i0.wp.com\/itineraires.sudvelo.com\/miles\/wp-content\/uploads\/2024\/06\/20240617_1237287853689901319803842.jpg?fit=300%2C225&amp;ssl=1\" data-large-file=\"https:\/\/i0.wp.com\/itineraires.sudvelo.com\/miles\/wp-content\/uploads\/2024\/06\/20240617_1237287853689901319803842.jpg?fit=610%2C458&amp;ssl=1\" tabindex=\"0\" role=\"button\" src=\"https:\/\/i0.wp.com\/itineraires.sudvelo.com\/miles\/wp-content\/uploads\/2024\/06\/20240617_1237287853689901319803842-1024x768.jpg?resize=610%2C458&#038;ssl=1\" alt=\"\" class=\"wp-image-4735\" srcset=\"https:\/\/i0.wp.com\/itineraires.sudvelo.com\/miles\/wp-content\/uploads\/2024\/06\/20240617_1237287853689901319803842.jpg?resize=1024%2C768&amp;ssl=1 1024w, https:\/\/i0.wp.com\/itineraires.sudvelo.com\/miles\/wp-content\/uploads\/2024\/06\/20240617_1237287853689901319803842.jpg?resize=300%2C225&amp;ssl=1 300w, https:\/\/i0.wp.com\/itineraires.sudvelo.com\/miles\/wp-content\/uploads\/2024\/06\/20240617_1237287853689901319803842.jpg?resize=768%2C576&amp;ssl=1 768w, https:\/\/i0.wp.com\/itineraires.sudvelo.com\/miles\/wp-content\/uploads\/2024\/06\/20240617_1237287853689901319803842.jpg?resize=1536%2C1152&amp;ssl=1 1536w, https:\/\/i0.wp.com\/itineraires.sudvelo.com\/miles\/wp-content\/uploads\/2024\/06\/20240617_1237287853689901319803842.jpg?w=2000&amp;ssl=1 2000w, https:\/\/i0.wp.com\/itineraires.sudvelo.com\/miles\/wp-content\/uploads\/2024\/06\/20240617_1237287853689901319803842.jpg?w=1220 1220w, https:\/\/i0.wp.com\/itineraires.sudvelo.com\/miles\/wp-content\/uploads\/2024\/06\/20240617_1237287853689901319803842.jpg?w=1830 1830w\" sizes=\"(max-width: 610px) 100vw, 610px\" \/><\/figure>\n\n\n\n<p>Et enfin l&rsquo;arriv\u00e9e dans notre appartement accueilli par Irina et un toutou un peu \u00e9nerv\u00e9&#8230; depuis nous sommes enferm\u00e9s et attendons le courage pour sortir de l\u00e0 en esp\u00e9rant ne pas trouver cette bebette devant notre porte.<\/p>\n\n\n\n<p>Sieste avant baignade sur la Costa Esmeralda.<\/p>\n\n\n\n<p>Et puis&#8230; les courses&#8230;<\/p>\n\n\n\n<figure class=\"wp-block-image size-large\"><img loading=\"lazy\" decoding=\"async\" width=\"900\" height=\"2000\" data-attachment-id=\"4739\" data-permalink=\"https:\/\/itineraires.sudvelo.com\/miles\/2024\/06\/17\/budoni-cannigione\/screenshot_20240617_151246_strava3343642091589462226\/\" data-orig-file=\"https:\/\/i0.wp.com\/itineraires.sudvelo.com\/miles\/wp-content\/uploads\/2024\/06\/screenshot_20240617_151246_strava3343642091589462226.jpg?fit=900%2C2000&amp;ssl=1\" data-orig-size=\"900,2000\" data-comments-opened=\"1\" data-image-meta=\"{&quot;aperture&quot;:&quot;0&quot;,&quot;credit&quot;:&quot;&quot;,&quot;camera&quot;:&quot;&quot;,&quot;caption&quot;:&quot;&quot;,&quot;created_timestamp&quot;:&quot;0&quot;,&quot;copyright&quot;:&quot;&quot;,&quot;focal_length&quot;:&quot;0&quot;,&quot;iso&quot;:&quot;0&quot;,&quot;shutter_speed&quot;:&quot;0&quot;,&quot;title&quot;:&quot;&quot;,&quot;orientation&quot;:&quot;0&quot;}\" data-image-title=\"screenshot_20240617_151246_strava3343642091589462226\" data-image-description=\"\" data-image-caption=\"\" data-medium-file=\"https:\/\/i0.wp.com\/itineraires.sudvelo.com\/miles\/wp-content\/uploads\/2024\/06\/screenshot_20240617_151246_strava3343642091589462226.jpg?fit=135%2C300&amp;ssl=1\" data-large-file=\"https:\/\/i0.wp.com\/itineraires.sudvelo.com\/miles\/wp-content\/uploads\/2024\/06\/screenshot_20240617_151246_strava3343642091589462226.jpg?fit=461%2C1024&amp;ssl=1\" tabindex=\"0\" role=\"button\" src=\"https:\/\/i2.wp.com\/itineraires.sudvelo.com\/miles\/wp-content\/uploads\/2024\/06\/screenshot_20240617_151246_strava3343642091589462226.jpg?fit=461%2C1024\" alt=\"\" class=\"wp-image-4739\" srcset=\"https:\/\/i0.wp.com\/itineraires.sudvelo.com\/miles\/wp-content\/uploads\/2024\/06\/screenshot_20240617_151246_strava3343642091589462226.jpg?w=900&amp;ssl=1 900w, https:\/\/i0.wp.com\/itineraires.sudvelo.com\/miles\/wp-content\/uploads\/2024\/06\/screenshot_20240617_151246_strava3343642091589462226.jpg?resize=135%2C300&amp;ssl=1 135w, https:\/\/i0.wp.com\/itineraires.sudvelo.com\/miles\/wp-content\/uploads\/2024\/06\/screenshot_20240617_151246_strava3343642091589462226.jpg?resize=461%2C1024&amp;ssl=1 461w, https:\/\/i0.wp.com\/itineraires.sudvelo.com\/miles\/wp-content\/uploads\/2024\/06\/screenshot_20240617_151246_strava3343642091589462226.jpg?resize=768%2C1707&amp;ssl=1 768w, https:\/\/i0.wp.com\/itineraires.sudvelo.com\/miles\/wp-content\/uploads\/2024\/06\/screenshot_20240617_151246_strava3343642091589462226.jpg?resize=691%2C1536&amp;ssl=1 691w\" sizes=\"(max-width: 610px) 100vw, 610px\" \/><\/figure>\n","protected":false},"excerpt":{"rendered":"<p>Premi\u00e8re vraie journ\u00e9e dans la circulation Sarde. D\u00e8s Budoni nord on a senti qu&rsquo;on entrait dans une section tr\u00e8s circulante. Juste un petit repis dans les roues d&rsquo;un beau groupe de cyclos, puis notre Garmin dit \u00ab\u00a0\u00e0 gauche\u00a0\u00bb alors qu&rsquo;ils continuent vers la mer. Retour donc sur la ss125, sorte de nationale plut\u00f4t jolie par [&hellip;]<\/p>\n","protected":false},"author":2,"featured_media":0,"comment_status":"open","ping_status":"open","sticky":false,"template":"","format":"aside","meta":{"jetpack_post_was_ever_published":false,"_jetpack_newsletter_access":"","_jetpack_dont_email_post_to_subs":false,"_jetpack_newsletter_tier_id":0,"_jetpack_memberships_contains_paywalled_content":false,"_jetpack_memberships_contains_paid_content":false,"footnotes":"","jetpack_publicize_message":"","jetpack_publicize_feature_enabled":true,"jetpack_social_post_already_shared":true,"jetpack_social_options":{"image_generator_settings":{"template":"highway","enabled":false},"version":2}},"categories":[58],"tags":[],"class_list":["post-4740","post","type-post","status-publish","format-aside","hentry","category-sardaigne","post_format-post-format-aside"],"jetpack_publicize_connections":[],"jetpack_featured_media_url":"","jetpack_sharing_enabled":true,"jetpack_shortlink":"https:\/\/wp.me\/p6ioUK-1es","jetpack_likes_enabled":true,"_links":{"self":[{"href":"https:\/\/itineraires.sudvelo.com\/miles\/wp-json\/wp\/v2\/posts\/4740"}],"collection":[{"href":"https:\/\/itineraires.sudvelo.com\/miles\/wp-json\/wp\/v2\/posts"}],"about":[{"href":"https:\/\/itineraires.sudvelo.com\/miles\/wp-json\/wp\/v2\/types\/post"}],"author":[{"embeddable":true,"href":"https:\/\/itineraires.sudvelo.com\/miles\/wp-json\/wp\/v2\/users\/2"}],"replies":[{"embeddable":true,"href":"https:\/\/itineraires.sudvelo.com\/miles\/wp-json\/wp\/v2\/comments?post=4740"}],"version-history":[{"count":0,"href":"https:\/\/itineraires.sudvelo.com\/miles\/wp-json\/wp\/v2\/posts\/4740\/revisions"}],"wp:attachment":[{"href":"https:\/\/itineraires.sudvelo.com\/miles\/wp-json\/wp\/v2\/media?parent=4740"}],"wp:term":[{"taxonomy":"category","embeddable":true,"href":"https:\/\/itineraires.sudvelo.com\/miles\/wp-json\/wp\/v2\/categories?post=4740"},{"taxonomy":"post_tag","embeddable":true,"href":"https:\/\/itineraires.sudvelo.com\/miles\/wp-json\/wp\/v2\/tags?post=4740"}],"curies":[{"name":"wp","href":"https:\/\/api.w.org\/{rel}","templated":true}]}}