{"id":45,"date":"2015-05-03T22:09:10","date_gmt":"2015-05-03T21:09:10","guid":{"rendered":"http:\/\/itineraires.sudvelo.com\/miles\/?p=45"},"modified":"2015-06-04T08:37:56","modified_gmt":"2015-06-04T07:37:56","slug":"verdon-haiku-essai","status":"publish","type":"post","link":"https:\/\/itineraires.sudvelo.com\/miles\/2015\/05\/03\/verdon-haiku-essai\/","title":{"rendered":"Verdon &#8211; Ha\u00efku &#8211; Essai"},"content":{"rendered":"<p id=\"yui_3_5_0_1_1433364125287_62638\">Ce week End pas de v\u00e9lo. Nous \u00e9tions dans le Verdon avec Raph et Isa. Petit camping, quelques exc\u00e8s, pas de sport. Mais que c&rsquo;\u00e9tait beau !<\/p>\n<p>Une tentative d&rsquo;Ha\u00efku au lac de Ste croix.<\/p>\n<p><em>Le clapotis du lac<br \/>\nUn bateau<br \/>\nSa vague<\/em> nous submerge.<\/p>\n<p><em>1er ha\u00efku. Lulu.<\/em><\/p>\n<p><em>Je travaillerais bien sur une notion de Biku, ou Ba\u00efku&#8230; Un Ha\u00efku d&rsquo;inspiration v\u00e9lo : ce sera surement une belle mani\u00e8re d&rsquo;illustrer notre voyage, enfin, si l&rsquo;inspiration nous vient.<\/em><\/p>\n<p>J&rsquo;ai lu ensuite que mon ha\u00efku n&rsquo;est pas un ha\u00efku. Tant pis.<\/p>\n<p id=\"yui_3_5_0_1_1433364125287_62645\">De retour du Verdon j&rsquo;ai attendu le soleil couchant pour tester \u00e0 nouveau mon v\u00e9lo de randonn\u00e9e : les r\u00e9glages s&rsquo;affinent. Restait un petit frottement du garde boue arri\u00e8re, mal centr\u00e9. Ce coup ci je pense que c&rsquo;est tout bon. La sensation principale reste le confort. Ensuite l&rsquo;inertie \u00e9norme du bestiau&#8230; Pour monter le fambetou sans charge, j&rsquo;\u00e9tais \u00e0 17km\/h en for\u00e7ant un peu. Sur mon look je monte aux alentours de 22km\/h pour la m\u00eame d\u00e9pense \u00e9nerg\u00e9tique. Me manquent encore les p\u00e9dales auto, qui devraient me permettre de p\u00e9daler un peu plus efficacement. Pour le reste, \u00ab\u00a0tout est l\u00e0\u00a0\u00bb ! il va falloir \u00eatre patient et ne pas trop esp\u00e9rer des moyennes sur le plat sup\u00e9rieures \u00e0 20\/23 km\/h.<\/p>\n<p>On verra bien.<\/p>\n<p><a href=\"https:\/\/i0.wp.com\/itineraires.sudvelo.com\/miles\/wp-content\/uploads\/2015\/06\/IMG_6770.jpg\"><img data-recalc-dims=\"1\" loading=\"lazy\" decoding=\"async\" data-attachment-id=\"46\" data-permalink=\"https:\/\/itineraires.sudvelo.com\/miles\/2015\/05\/03\/verdon-haiku-essai\/img_6770\/\" data-orig-file=\"https:\/\/i0.wp.com\/itineraires.sudvelo.com\/miles\/wp-content\/uploads\/2015\/06\/IMG_6770.jpg?fit=2048%2C1530&amp;ssl=1\" data-orig-size=\"2048,1530\" data-comments-opened=\"1\" data-image-meta=\"{&quot;aperture&quot;:&quot;2.8&quot;,&quot;credit&quot;:&quot;&quot;,&quot;camera&quot;:&quot;iPhone 4&quot;,&quot;caption&quot;:&quot;&quot;,&quot;created_timestamp&quot;:&quot;1431776091&quot;,&quot;copyright&quot;:&quot;&quot;,&quot;focal_length&quot;:&quot;3.85&quot;,&quot;iso&quot;:&quot;80&quot;,&quot;shutter_speed&quot;:&quot;0.00092850510677809&quot;,&quot;title&quot;:&quot;&quot;,&quot;orientation&quot;:&quot;1&quot;}\" data-image-title=\"IMG_6770\" data-image-description=\"\" data-image-caption=\"\" data-medium-file=\"https:\/\/i0.wp.com\/itineraires.sudvelo.com\/miles\/wp-content\/uploads\/2015\/06\/IMG_6770.jpg?fit=300%2C224&amp;ssl=1\" data-large-file=\"https:\/\/i0.wp.com\/itineraires.sudvelo.com\/miles\/wp-content\/uploads\/2015\/06\/IMG_6770.jpg?fit=610%2C456&amp;ssl=1\" tabindex=\"0\" role=\"button\" class=\" size-medium wp-image-46 aligncenter\" src=\"https:\/\/i0.wp.com\/itineraires.sudvelo.com\/miles\/wp-content\/uploads\/2015\/06\/IMG_6770.jpg?resize=300%2C224\" alt=\"IMG_6770\" width=\"300\" height=\"224\" srcset=\"https:\/\/i0.wp.com\/itineraires.sudvelo.com\/miles\/wp-content\/uploads\/2015\/06\/IMG_6770.jpg?resize=300%2C224&amp;ssl=1 300w, https:\/\/i0.wp.com\/itineraires.sudvelo.com\/miles\/wp-content\/uploads\/2015\/06\/IMG_6770.jpg?resize=1024%2C765&amp;ssl=1 1024w, https:\/\/i0.wp.com\/itineraires.sudvelo.com\/miles\/wp-content\/uploads\/2015\/06\/IMG_6770.jpg?w=2048&amp;ssl=1 2048w, https:\/\/i0.wp.com\/itineraires.sudvelo.com\/miles\/wp-content\/uploads\/2015\/06\/IMG_6770.jpg?w=1220 1220w, https:\/\/i0.wp.com\/itineraires.sudvelo.com\/miles\/wp-content\/uploads\/2015\/06\/IMG_6770.jpg?w=1830 1830w\" sizes=\"(max-width: 300px) 100vw, 300px\" \/><\/a><\/p>\n","protected":false},"excerpt":{"rendered":"<p>Ce week End pas de v\u00e9lo. Nous \u00e9tions dans le Verdon avec Raph et Isa. Petit camping, quelques exc\u00e8s, pas de sport. Mais que c&rsquo;\u00e9tait beau ! Une tentative d&rsquo;Ha\u00efku au lac de Ste croix. Le clapotis du lac Un bateau Sa vague nous submerge. 1er ha\u00efku. Lulu. Je travaillerais bien sur une notion de [&hellip;]<\/p>\n","protected":false},"author":2,"featured_media":0,"comment_status":"open","ping_status":"open","sticky":false,"template":"","format":"standard","meta":{"jetpack_post_was_ever_published":false,"_jetpack_newsletter_access":"","_jetpack_dont_email_post_to_subs":false,"_jetpack_newsletter_tier_id":0,"_jetpack_memberships_contains_paywalled_content":false,"_jetpack_memberships_contains_paid_content":false,"footnotes":"","jetpack_publicize_message":"","jetpack_publicize_feature_enabled":true,"jetpack_social_post_already_shared":false,"jetpack_social_options":{"image_generator_settings":{"template":"highway","enabled":false},"version":2}},"categories":[1,7],"tags":[],"class_list":["post-45","post","type-post","status-publish","format-standard","hentry","category-non-classe","category-voyages"],"jetpack_publicize_connections":[],"jetpack_featured_media_url":"","jetpack_sharing_enabled":true,"jetpack_shortlink":"https:\/\/wp.me\/p6ioUK-J","jetpack_likes_enabled":true,"_links":{"self":[{"href":"https:\/\/itineraires.sudvelo.com\/miles\/wp-json\/wp\/v2\/posts\/45"}],"collection":[{"href":"https:\/\/itineraires.sudvelo.com\/miles\/wp-json\/wp\/v2\/posts"}],"about":[{"href":"https:\/\/itineraires.sudvelo.com\/miles\/wp-json\/wp\/v2\/types\/post"}],"author":[{"embeddable":true,"href":"https:\/\/itineraires.sudvelo.com\/miles\/wp-json\/wp\/v2\/users\/2"}],"replies":[{"embeddable":true,"href":"https:\/\/itineraires.sudvelo.com\/miles\/wp-json\/wp\/v2\/comments?post=45"}],"version-history":[{"count":1,"href":"https:\/\/itineraires.sudvelo.com\/miles\/wp-json\/wp\/v2\/posts\/45\/revisions"}],"predecessor-version":[{"id":47,"href":"https:\/\/itineraires.sudvelo.com\/miles\/wp-json\/wp\/v2\/posts\/45\/revisions\/47"}],"wp:attachment":[{"href":"https:\/\/itineraires.sudvelo.com\/miles\/wp-json\/wp\/v2\/media?parent=45"}],"wp:term":[{"taxonomy":"category","embeddable":true,"href":"https:\/\/itineraires.sudvelo.com\/miles\/wp-json\/wp\/v2\/categories?post=45"},{"taxonomy":"post_tag","embeddable":true,"href":"https:\/\/itineraires.sudvelo.com\/miles\/wp-json\/wp\/v2\/tags?post=45"}],"curies":[{"name":"wp","href":"https:\/\/api.w.org\/{rel}","templated":true}]}}