{"id":4296,"date":"2019-09-16T04:37:44","date_gmt":"2019-09-16T03:37:44","guid":{"rendered":"http:\/\/itineraires.sudvelo.com\/miles\/?p=4296"},"modified":"2019-09-16T04:43:13","modified_gmt":"2019-09-16T03:43:13","slug":"raid-velo-pamir","status":"publish","type":"post","link":"https:\/\/itineraires.sudvelo.com\/miles\/2019\/09\/16\/raid-velo-pamir\/","title":{"rendered":"Raid v\u00e9lo Pamir"},"content":{"rendered":"<p>Une hospitalit\u00e9 hors norme.<\/p>\n<p>D\u00e8s que l&rsquo;on s&rsquo;arr\u00eate dans un village les habitants nous offrent le g\u00eete et le couvert.<\/p>\n<p><img data-recalc-dims=\"1\" loading=\"lazy\" decoding=\"async\" data-attachment-id=\"4299\" data-permalink=\"https:\/\/itineraires.sudvelo.com\/miles\/2019\/09\/16\/raid-velo-pamir\/img_7994-jpg\/\" data-orig-file=\"https:\/\/i0.wp.com\/itineraires.sudvelo.com\/miles\/wp-content\/uploads\/2019\/09\/img_7994.jpg?fit=4032%2C3024&amp;ssl=1\" data-orig-size=\"4032,3024\" data-comments-opened=\"1\" data-image-meta=\"{&quot;aperture&quot;:&quot;1.8&quot;,&quot;credit&quot;:&quot;&quot;,&quot;camera&quot;:&quot;iPhone XS&quot;,&quot;caption&quot;:&quot;&quot;,&quot;created_timestamp&quot;:&quot;1566906166&quot;,&quot;copyright&quot;:&quot;&quot;,&quot;focal_length&quot;:&quot;4.25&quot;,&quot;iso&quot;:&quot;400&quot;,&quot;shutter_speed&quot;:&quot;0.016666666666667&quot;,&quot;title&quot;:&quot;&quot;,&quot;orientation&quot;:&quot;1&quot;}\" data-image-title=\"img_7994.jpg\" data-image-description=\"\" data-image-caption=\"\" data-medium-file=\"https:\/\/i0.wp.com\/itineraires.sudvelo.com\/miles\/wp-content\/uploads\/2019\/09\/img_7994.jpg?fit=300%2C225&amp;ssl=1\" data-large-file=\"https:\/\/i0.wp.com\/itineraires.sudvelo.com\/miles\/wp-content\/uploads\/2019\/09\/img_7994.jpg?fit=610%2C458&amp;ssl=1\" tabindex=\"0\" role=\"button\" src=\"https:\/\/i0.wp.com\/itineraires.sudvelo.com\/miles\/wp-content\/uploads\/2019\/09\/img_7994.jpg?resize=610%2C458\" class=\"size-full wp-image-4299\" width=\"610\" height=\"458\" srcset=\"https:\/\/i0.wp.com\/itineraires.sudvelo.com\/miles\/wp-content\/uploads\/2019\/09\/img_7994.jpg?w=4032&amp;ssl=1 4032w, https:\/\/i0.wp.com\/itineraires.sudvelo.com\/miles\/wp-content\/uploads\/2019\/09\/img_7994.jpg?resize=300%2C225&amp;ssl=1 300w, https:\/\/i0.wp.com\/itineraires.sudvelo.com\/miles\/wp-content\/uploads\/2019\/09\/img_7994.jpg?resize=768%2C576&amp;ssl=1 768w, https:\/\/i0.wp.com\/itineraires.sudvelo.com\/miles\/wp-content\/uploads\/2019\/09\/img_7994.jpg?resize=1024%2C768&amp;ssl=1 1024w, https:\/\/i0.wp.com\/itineraires.sudvelo.com\/miles\/wp-content\/uploads\/2019\/09\/img_7994.jpg?resize=1250%2C938&amp;ssl=1 1250w, https:\/\/i0.wp.com\/itineraires.sudvelo.com\/miles\/wp-content\/uploads\/2019\/09\/img_7994.jpg?resize=400%2C300&amp;ssl=1 400w, https:\/\/i0.wp.com\/itineraires.sudvelo.com\/miles\/wp-content\/uploads\/2019\/09\/img_7994.jpg?w=1830 1830w\" sizes=\"(max-width: 610px) 100vw, 610px\" \/><img data-recalc-dims=\"1\" loading=\"lazy\" decoding=\"async\" data-attachment-id=\"4298\" data-permalink=\"https:\/\/itineraires.sudvelo.com\/miles\/2019\/09\/16\/raid-velo-pamir\/img_8008-jpg\/\" data-orig-file=\"https:\/\/i0.wp.com\/itineraires.sudvelo.com\/miles\/wp-content\/uploads\/2019\/09\/img_8008.jpg?fit=4032%2C3024&amp;ssl=1\" data-orig-size=\"4032,3024\" data-comments-opened=\"1\" data-image-meta=\"{&quot;aperture&quot;:&quot;1.8&quot;,&quot;credit&quot;:&quot;&quot;,&quot;camera&quot;:&quot;iPhone XS&quot;,&quot;caption&quot;:&quot;&quot;,&quot;created_timestamp&quot;:&quot;1566906657&quot;,&quot;copyright&quot;:&quot;&quot;,&quot;focal_length&quot;:&quot;4.25&quot;,&quot;iso&quot;:&quot;400&quot;,&quot;shutter_speed&quot;:&quot;0.022222222222222&quot;,&quot;title&quot;:&quot;&quot;,&quot;orientation&quot;:&quot;1&quot;}\" data-image-title=\"img_8008.jpg\" data-image-description=\"\" data-image-caption=\"\" data-medium-file=\"https:\/\/i0.wp.com\/itineraires.sudvelo.com\/miles\/wp-content\/uploads\/2019\/09\/img_8008.jpg?fit=300%2C225&amp;ssl=1\" data-large-file=\"https:\/\/i0.wp.com\/itineraires.sudvelo.com\/miles\/wp-content\/uploads\/2019\/09\/img_8008.jpg?fit=610%2C458&amp;ssl=1\" tabindex=\"0\" role=\"button\" src=\"https:\/\/i0.wp.com\/itineraires.sudvelo.com\/miles\/wp-content\/uploads\/2019\/09\/img_8008.jpg?resize=610%2C458\" class=\"size-full wp-image-4298\" width=\"610\" height=\"458\" srcset=\"https:\/\/i0.wp.com\/itineraires.sudvelo.com\/miles\/wp-content\/uploads\/2019\/09\/img_8008.jpg?w=4032&amp;ssl=1 4032w, https:\/\/i0.wp.com\/itineraires.sudvelo.com\/miles\/wp-content\/uploads\/2019\/09\/img_8008.jpg?resize=300%2C225&amp;ssl=1 300w, https:\/\/i0.wp.com\/itineraires.sudvelo.com\/miles\/wp-content\/uploads\/2019\/09\/img_8008.jpg?resize=768%2C576&amp;ssl=1 768w, https:\/\/i0.wp.com\/itineraires.sudvelo.com\/miles\/wp-content\/uploads\/2019\/09\/img_8008.jpg?resize=1024%2C768&amp;ssl=1 1024w, https:\/\/i0.wp.com\/itineraires.sudvelo.com\/miles\/wp-content\/uploads\/2019\/09\/img_8008.jpg?resize=1250%2C938&amp;ssl=1 1250w, https:\/\/i0.wp.com\/itineraires.sudvelo.com\/miles\/wp-content\/uploads\/2019\/09\/img_8008.jpg?resize=400%2C300&amp;ssl=1 400w, https:\/\/i0.wp.com\/itineraires.sudvelo.com\/miles\/wp-content\/uploads\/2019\/09\/img_8008.jpg?w=1830 1830w\" sizes=\"(max-width: 610px) 100vw, 610px\" \/><\/p>\n","protected":false},"excerpt":{"rendered":"<p>Une hospitalit\u00e9 hors norme. D\u00e8s que l&rsquo;on s&rsquo;arr\u00eate dans un village les habitants nous offrent le g\u00eete et le couvert.<\/p>\n","protected":false},"author":4,"featured_media":0,"comment_status":"open","ping_status":"open","sticky":false,"template":"","format":"standard","meta":{"jetpack_post_was_ever_published":false,"_jetpack_newsletter_access":"","_jetpack_dont_email_post_to_subs":false,"_jetpack_newsletter_tier_id":0,"_jetpack_memberships_contains_paywalled_content":false,"_jetpack_memberships_contains_paid_content":false,"footnotes":"","jetpack_publicize_message":"","jetpack_publicize_feature_enabled":true,"jetpack_social_post_already_shared":true,"jetpack_social_options":{"image_generator_settings":{"template":"highway","enabled":false},"version":2}},"categories":[50],"tags":[],"class_list":["post-4296","post","type-post","status-publish","format-standard","hentry","category-pamir"],"jetpack_publicize_connections":[],"jetpack_featured_media_url":"","jetpack_sharing_enabled":true,"jetpack_shortlink":"https:\/\/wp.me\/p6ioUK-17i","jetpack_likes_enabled":true,"_links":{"self":[{"href":"https:\/\/itineraires.sudvelo.com\/miles\/wp-json\/wp\/v2\/posts\/4296"}],"collection":[{"href":"https:\/\/itineraires.sudvelo.com\/miles\/wp-json\/wp\/v2\/posts"}],"about":[{"href":"https:\/\/itineraires.sudvelo.com\/miles\/wp-json\/wp\/v2\/types\/post"}],"author":[{"embeddable":true,"href":"https:\/\/itineraires.sudvelo.com\/miles\/wp-json\/wp\/v2\/users\/4"}],"replies":[{"embeddable":true,"href":"https:\/\/itineraires.sudvelo.com\/miles\/wp-json\/wp\/v2\/comments?post=4296"}],"version-history":[{"count":2,"href":"https:\/\/itineraires.sudvelo.com\/miles\/wp-json\/wp\/v2\/posts\/4296\/revisions"}],"predecessor-version":[{"id":4300,"href":"https:\/\/itineraires.sudvelo.com\/miles\/wp-json\/wp\/v2\/posts\/4296\/revisions\/4300"}],"wp:attachment":[{"href":"https:\/\/itineraires.sudvelo.com\/miles\/wp-json\/wp\/v2\/media?parent=4296"}],"wp:term":[{"taxonomy":"category","embeddable":true,"href":"https:\/\/itineraires.sudvelo.com\/miles\/wp-json\/wp\/v2\/categories?post=4296"},{"taxonomy":"post_tag","embeddable":true,"href":"https:\/\/itineraires.sudvelo.com\/miles\/wp-json\/wp\/v2\/tags?post=4296"}],"curies":[{"name":"wp","href":"https:\/\/api.w.org\/{rel}","templated":true}]}}