{"id":1660,"date":"2016-07-20T09:34:18","date_gmt":"2016-07-20T08:34:18","guid":{"rendered":"http:\/\/itineraires.sudvelo.com\/miles\/?p=1660"},"modified":"2016-07-20T09:40:14","modified_gmt":"2016-07-20T08:40:14","slug":"lac-mytvan-2","status":"publish","type":"post","link":"https:\/\/itineraires.sudvelo.com\/miles\/2016\/07\/20\/lac-mytvan-2\/","title":{"rendered":"Lac Mytvan"},"content":{"rendered":"<blockquote><p>Journ\u00e9e de mardi pass\u00e9e entre v\u00e9lo pour relier les diff\u00e9rents sites de visite et rando \u00e0 pieds ; beaucoup de paysages hors du commun : volcans anciens , d\u00e9ambulation sur les derni\u00e8res coul\u00e9es de lave datant de 1984 et qui fument encore, montagne de soufre avec solfares, lac d&rsquo;eau turquoise aliment\u00e9 par une source \u00e0 100 degr\u00e9s &#8230;aujourd&rsquo;hui on devrait continuer la migration vers le nord en direction d&rsquo;Usavik &#8230;<\/p>\n<p><a href=\"https:\/\/i0.wp.com\/itineraires.sudvelo.com\/miles\/wp-content\/uploads\/2016\/07\/wp-image-38726852jpg.jpg\"><img data-recalc-dims=\"1\" loading=\"lazy\" decoding=\"async\" src=\"https:\/\/i0.wp.com\/itineraires.sudvelo.com\/miles\/wp-content\/uploads\/2016\/07\/wp-image-38726852jpg.jpg?resize=610%2C343\" alt=\"\" class=\"wp-image-1649 alignnone size-full\" width=\"610\" height=\"343\"><\/a><br \/>\n<a href=\"https:\/\/i0.wp.com\/itineraires.sudvelo.com\/miles\/wp-content\/uploads\/2016\/07\/wp-image-2038427951jpg.jpg\"><img data-recalc-dims=\"1\" loading=\"lazy\" decoding=\"async\" src=\"https:\/\/i0.wp.com\/itineraires.sudvelo.com\/miles\/wp-content\/uploads\/2016\/07\/wp-image-2038427951jpg.jpg?resize=610%2C343\" alt=\"\" class=\"wp-image-1650 alignnone size-full\" width=\"610\" height=\"343\"><\/a><\/p>\n<p><a href=\"https:\/\/i0.wp.com\/itineraires.sudvelo.com\/miles\/wp-content\/uploads\/2016\/07\/wp-image-1664075759jpg.jpg\"><img data-recalc-dims=\"1\" loading=\"lazy\" decoding=\"async\" src=\"https:\/\/i0.wp.com\/itineraires.sudvelo.com\/miles\/wp-content\/uploads\/2016\/07\/wp-image-1664075759jpg.jpg?resize=610%2C343\" alt=\"\" class=\"wp-image-1651 alignnone size-full\" width=\"610\" height=\"343\"><\/a><\/p>\n<p><a href=\"https:\/\/i0.wp.com\/itineraires.sudvelo.com\/miles\/wp-content\/uploads\/2016\/07\/wp-image-1754033064jpg.jpg\"><img data-recalc-dims=\"1\" loading=\"lazy\" decoding=\"async\" src=\"https:\/\/i0.wp.com\/itineraires.sudvelo.com\/miles\/wp-content\/uploads\/2016\/07\/wp-image-1754033064jpg.jpg?resize=610%2C343\" alt=\"\" class=\"wp-image-1652 alignnone size-full\" width=\"610\" height=\"343\"><\/a><\/p>\n<p><a href=\"https:\/\/i0.wp.com\/itineraires.sudvelo.com\/miles\/wp-content\/uploads\/2016\/07\/wp-image-308122298jpg.jpg\"><img data-recalc-dims=\"1\" loading=\"lazy\" decoding=\"async\" src=\"https:\/\/i0.wp.com\/itineraires.sudvelo.com\/miles\/wp-content\/uploads\/2016\/07\/wp-image-308122298jpg.jpg?resize=610%2C458\" alt=\"\" class=\"wp-image-1653 alignnone size-full\" width=\"610\" height=\"458\"><\/a><\/p>\n<p><a href=\"https:\/\/i0.wp.com\/itineraires.sudvelo.com\/miles\/wp-content\/uploads\/2016\/07\/wp-image-178260896jpg.jpg\"><img data-recalc-dims=\"1\" loading=\"lazy\" decoding=\"async\" src=\"https:\/\/i0.wp.com\/itineraires.sudvelo.com\/miles\/wp-content\/uploads\/2016\/07\/wp-image-178260896jpg.jpg?resize=610%2C1084\" alt=\"\" class=\"wp-image-1654 alignnone size-full\" width=\"610\" height=\"1084\"><\/a><\/p>\n<p><a href=\"https:\/\/i0.wp.com\/itineraires.sudvelo.com\/miles\/wp-content\/uploads\/2016\/07\/wp-image-632424006jpg.jpg\"><img data-recalc-dims=\"1\" loading=\"lazy\" decoding=\"async\" src=\"https:\/\/i0.wp.com\/itineraires.sudvelo.com\/miles\/wp-content\/uploads\/2016\/07\/wp-image-632424006jpg.jpg?resize=610%2C343\" alt=\"\" class=\"wp-image-1655 alignnone size-full\" width=\"610\" height=\"343\"><\/a><\/p>\n<p>.gisement d&rsquo;allumettes&nbsp;<a href=\"https:\/\/i0.wp.com\/itineraires.sudvelo.com\/miles\/wp-content\/uploads\/2016\/07\/wp-image-1234761110jpg.jpg\"><img data-recalc-dims=\"1\" loading=\"lazy\" decoding=\"async\" src=\"https:\/\/i0.wp.com\/itineraires.sudvelo.com\/miles\/wp-content\/uploads\/2016\/07\/wp-image-1234761110jpg.jpg?resize=610%2C1084\" alt=\"\" class=\"wp-image-1656 alignnone size-full\" width=\"610\" height=\"1084\"><\/a><\/p>\n<p><a href=\"https:\/\/i0.wp.com\/itineraires.sudvelo.com\/miles\/wp-content\/uploads\/2016\/07\/wp-image-139383282jpg.jpg\"><img data-recalc-dims=\"1\" loading=\"lazy\" decoding=\"async\" src=\"https:\/\/i0.wp.com\/itineraires.sudvelo.com\/miles\/wp-content\/uploads\/2016\/07\/wp-image-139383282jpg.jpg?resize=610%2C343\" alt=\"\" class=\"wp-image-1659 alignnone size-full\" width=\"610\" height=\"343\"><\/a>Douche chaude au milieu de nulle part<\/p>\n<p><a href=\"https:\/\/i0.wp.com\/itineraires.sudvelo.com\/miles\/wp-content\/uploads\/2016\/07\/wp-image-1177229736jpg.jpg\"><img data-recalc-dims=\"1\" loading=\"lazy\" decoding=\"async\" src=\"https:\/\/i0.wp.com\/itineraires.sudvelo.com\/miles\/wp-content\/uploads\/2016\/07\/wp-image-1177229736jpg.jpg?resize=610%2C343\" alt=\"\" class=\"wp-image-1657 alignnone size-full\" width=\"610\" height=\"343\"><\/a><\/p>\n<p><a href=\"https:\/\/i0.wp.com\/itineraires.sudvelo.com\/miles\/wp-content\/uploads\/2016\/07\/wp-image-2035081567jpg.jpg\"><img data-recalc-dims=\"1\" loading=\"lazy\" decoding=\"async\" src=\"https:\/\/i0.wp.com\/itineraires.sudvelo.com\/miles\/wp-content\/uploads\/2016\/07\/wp-image-2035081567jpg.jpg?resize=610%2C343\" alt=\"\" class=\"wp-image-1658 alignnone size-full\" width=\"610\" height=\"343\"><\/a><\/p><\/blockquote>\n","protected":false},"excerpt":{"rendered":"<p>Journ\u00e9e de mardi pass\u00e9e entre v\u00e9lo pour relier les diff\u00e9rents sites de visite et rando \u00e0 pieds ; beaucoup de paysages hors du commun : volcans anciens , d\u00e9ambulation sur les derni\u00e8res coul\u00e9es de lave datant de 1984 et qui fument encore, montagne de soufre avec solfares, lac d&rsquo;eau turquoise aliment\u00e9 par une source \u00e0 [&hellip;]<\/p>\n","protected":false},"author":11,"featured_media":0,"comment_status":"open","ping_status":"open","sticky":false,"template":"","format":"standard","meta":{"jetpack_post_was_ever_published":false,"_jetpack_newsletter_access":"","_jetpack_dont_email_post_to_subs":false,"_jetpack_newsletter_tier_id":0,"_jetpack_memberships_contains_paywalled_content":false,"_jetpack_memberships_contains_paid_content":false,"footnotes":"","jetpack_publicize_message":"","jetpack_publicize_feature_enabled":true,"jetpack_social_post_already_shared":true,"jetpack_social_options":{"image_generator_settings":{"template":"highway","enabled":false},"version":2}},"categories":[41,1],"tags":[],"class_list":["post-1660","post","type-post","status-publish","format-standard","hentry","category-islande","category-non-classe"],"jetpack_publicize_connections":[],"jetpack_featured_media_url":"","jetpack_sharing_enabled":true,"jetpack_shortlink":"https:\/\/wp.me\/p6ioUK-qM","jetpack_likes_enabled":true,"_links":{"self":[{"href":"https:\/\/itineraires.sudvelo.com\/miles\/wp-json\/wp\/v2\/posts\/1660"}],"collection":[{"href":"https:\/\/itineraires.sudvelo.com\/miles\/wp-json\/wp\/v2\/posts"}],"about":[{"href":"https:\/\/itineraires.sudvelo.com\/miles\/wp-json\/wp\/v2\/types\/post"}],"author":[{"embeddable":true,"href":"https:\/\/itineraires.sudvelo.com\/miles\/wp-json\/wp\/v2\/users\/11"}],"replies":[{"embeddable":true,"href":"https:\/\/itineraires.sudvelo.com\/miles\/wp-json\/wp\/v2\/comments?post=1660"}],"version-history":[{"count":1,"href":"https:\/\/itineraires.sudvelo.com\/miles\/wp-json\/wp\/v2\/posts\/1660\/revisions"}],"predecessor-version":[{"id":1661,"href":"https:\/\/itineraires.sudvelo.com\/miles\/wp-json\/wp\/v2\/posts\/1660\/revisions\/1661"}],"wp:attachment":[{"href":"https:\/\/itineraires.sudvelo.com\/miles\/wp-json\/wp\/v2\/media?parent=1660"}],"wp:term":[{"taxonomy":"category","embeddable":true,"href":"https:\/\/itineraires.sudvelo.com\/miles\/wp-json\/wp\/v2\/categories?post=1660"},{"taxonomy":"post_tag","embeddable":true,"href":"https:\/\/itineraires.sudvelo.com\/miles\/wp-json\/wp\/v2\/tags?post=1660"}],"curies":[{"name":"wp","href":"https:\/\/api.w.org\/{rel}","templated":true}]}}