{"id":804,"date":"2015-09-12T13:31:41","date_gmt":"2015-09-12T12:31:41","guid":{"rendered":"http:\/\/itineraires.sudvelo.com\/miles\/?p=804"},"modified":"2015-10-21T09:27:21","modified_gmt":"2015-10-21T08:27:21","slug":"on-fait-que-pedaler","status":"publish","type":"post","link":"http:\/\/itineraires.sudvelo.com\/miles\/2015\/09\/12\/on-fait-que-pedaler\/","title":{"rendered":"On fait que p\u00e9daler"},"content":{"rendered":"<p>&nbsp;<a href=\"https:\/\/i0.wp.com\/itineraires.sudvelo.com\/miles\/wp-content\/uploads\/2015\/09\/IMG_6306.jpg\"><img data-recalc-dims=\"1\" loading=\"lazy\" decoding=\"async\" width=\"610\" height=\"813\" alt=\"\" src=\"https:\/\/i0.wp.com\/itineraires.sudvelo.com\/miles\/wp-content\/uploads\/2015\/09\/IMG_6306.jpg?resize=610%2C813\" title=\"\" class=\"size-custom\"><\/a>&nbsp;&nbsp;<br \/>\n<a href=\"https:\/\/i0.wp.com\/itineraires.sudvelo.com\/miles\/wp-content\/uploads\/2015\/09\/IMG_6309.jpg\"><img data-recalc-dims=\"1\" decoding=\"async\" src=\"https:\/\/i0.wp.com\/itineraires.sudvelo.com\/miles\/wp-content\/uploads\/2015\/09\/IMG_6309.jpg?w=610\" alt=\"\"><\/a>&nbsp;23 km d&rsquo;ascension ,1200 m de d\u00e9nivel\u00e9 et un v\u00e9lo de 30kg en charge.<\/p>\n","protected":false},"excerpt":{"rendered":"<p>&nbsp;&nbsp;&nbsp; &nbsp;23 km d&rsquo;ascension ,1200 m de d\u00e9nivel\u00e9 et un v\u00e9lo de 30kg en charge.<\/p>\n","protected":false},"author":4,"featured_media":0,"comment_status":"open","ping_status":"open","sticky":false,"template":"","format":"standard","meta":{"jetpack_post_was_ever_published":false,"_jetpack_newsletter_access":"","_jetpack_dont_email_post_to_subs":false,"_jetpack_newsletter_tier_id":0,"_jetpack_memberships_contains_paywalled_content":false,"_jetpack_memberships_contains_paid_content":false,"footnotes":"","jetpack_publicize_message":"","jetpack_publicize_feature_enabled":true,"jetpack_social_post_already_shared":true,"jetpack_social_options":{"image_generator_settings":{"template":"highway","enabled":false},"version":2}},"categories":[31,5,3,8,7],"tags":[],"class_list":["post-804","post","type-post","status-publish","format-standard","hentry","category-honshu","category-japon","category-periples","category-sudvelo","category-voyages"],"jetpack_publicize_connections":[],"jetpack_featured_media_url":"","jetpack_sharing_enabled":true,"jetpack_shortlink":"https:\/\/wp.me\/p6ioUK-cY","jetpack_likes_enabled":true,"_links":{"self":[{"href":"http:\/\/itineraires.sudvelo.com\/miles\/wp-json\/wp\/v2\/posts\/804"}],"collection":[{"href":"http:\/\/itineraires.sudvelo.com\/miles\/wp-json\/wp\/v2\/posts"}],"about":[{"href":"http:\/\/itineraires.sudvelo.com\/miles\/wp-json\/wp\/v2\/types\/post"}],"author":[{"embeddable":true,"href":"http:\/\/itineraires.sudvelo.com\/miles\/wp-json\/wp\/v2\/users\/4"}],"replies":[{"embeddable":true,"href":"http:\/\/itineraires.sudvelo.com\/miles\/wp-json\/wp\/v2\/comments?post=804"}],"version-history":[{"count":2,"href":"http:\/\/itineraires.sudvelo.com\/miles\/wp-json\/wp\/v2\/posts\/804\/revisions"}],"predecessor-version":[{"id":1198,"href":"http:\/\/itineraires.sudvelo.com\/miles\/wp-json\/wp\/v2\/posts\/804\/revisions\/1198"}],"wp:attachment":[{"href":"http:\/\/itineraires.sudvelo.com\/miles\/wp-json\/wp\/v2\/media?parent=804"}],"wp:term":[{"taxonomy":"category","embeddable":true,"href":"http:\/\/itineraires.sudvelo.com\/miles\/wp-json\/wp\/v2\/categories?post=804"},{"taxonomy":"post_tag","embeddable":true,"href":"http:\/\/itineraires.sudvelo.com\/miles\/wp-json\/wp\/v2\/tags?post=804"}],"curies":[{"name":"wp","href":"https:\/\/api.w.org\/{rel}","templated":true}]}}