{"id":797,"date":"2015-09-12T08:56:18","date_gmt":"2015-09-12T07:56:18","guid":{"rendered":"http:\/\/itineraires.sudvelo.com\/miles\/?p=797"},"modified":"2015-10-21T09:27:48","modified_gmt":"2015-10-21T08:27:48","slug":"au-golf-de-naagi-pres-du-la-inawashiro","status":"publish","type":"post","link":"http:\/\/itineraires.sudvelo.com\/miles\/2015\/09\/12\/au-golf-de-naagi-pres-du-la-inawashiro\/","title":{"rendered":"Au golf de Naagi, pr\u00e8s du la Inawashiro"},"content":{"rendered":"<p>On dit qu&rsquo;elle sera de courte dur\u00e9e mais on la prend quand m\u00eame, et avec plaisir. Cette belle \u00e9claircie l\u00e0 nous a fait beaucoup de bien et il fallait \u00e7a pour continuer sans soucis vers le sud. <\/p>\n<p>Une belle \u00e9tape sur de petites routes de montagne d&rsquo;abord pour atteindre un col \u00e0 1450m d&rsquo;altitude. On a travers\u00e9 la for\u00eat des singes et jybe qui se trouve toujours aux avants postes en a m\u00eame vu un \u00e0 quelques m\u00e8tres de lui, perch\u00e9 dans un arbre bordant la route.<br \/>\nNous qui suivions \u00e0 plusieurs dizaines de minutes \u00e0 cet endroit l\u00e0 n&rsquo;avons rien vu. Dommage. <\/p>\n<p><a href=\"https:\/\/i0.wp.com\/itineraires.sudvelo.com\/miles\/wp-content\/uploads\/2015\/09\/wpid-wp-1442042452231.jpg\"><img data-recalc-dims=\"1\" decoding=\"async\" title=\"wp-1442042452231\" class=\"alignnone size-full\"  alt=\"image\" src=\"https:\/\/i0.wp.com\/itineraires.sudvelo.com\/miles\/wp-content\/uploads\/2015\/09\/wpid-wp-1442042452231.jpg?w=610\" \/><\/a><\/p>\n<p>Le col \u00e9tait vraiment dur avec 5 \u00e0 6km autour de 10% et une grimpee totale de pr\u00e8s de 20km, mais les paysages et la tranquillit\u00e9 du coin valaient bien un petit effort physique&#8230; <\/p>\n<p>Au col nous avions une superbe vue sur un premier lac que nous rejoignons au bout d&rsquo;une belle descente, <\/p>\n<p><a href=\"https:\/\/i0.wp.com\/itineraires.sudvelo.com\/miles\/wp-content\/uploads\/2015\/09\/wpid-wp-14420425262151.jpg\"><img data-recalc-dims=\"1\" decoding=\"async\" title=\"wp-1442042526215\" class=\"alignnone size-full\"  alt=\"image\" src=\"https:\/\/i0.wp.com\/itineraires.sudvelo.com\/miles\/wp-content\/uploads\/2015\/09\/wpid-wp-14420425262151.jpg?w=610\" \/><\/a><\/p>\n<p>puis un second beaucoup plus grand au bord duquel nous s\u00e9journons ce soir dans le bel h\u00f4tel du golf de Naagi. <\/p>\n<p><a href=\"https:\/\/i0.wp.com\/itineraires.sudvelo.com\/miles\/wp-content\/uploads\/2015\/09\/wpid-wp-14420425526561.jpg\"><img data-recalc-dims=\"1\" decoding=\"async\" title=\"wp-1442042552656\" class=\"alignnone size-full\"  alt=\"image\" src=\"https:\/\/i0.wp.com\/itineraires.sudvelo.com\/miles\/wp-content\/uploads\/2015\/09\/wpid-wp-14420425526561.jpg?w=610\" \/><\/a><\/p>\n<p>Bain pris au Onsen de l&rsquo;h\u00f4tel dans une eau br\u00fblante et tr\u00e8s charg\u00e9e en min\u00e9raux. .. marron.. un peu bizarre. Mais \u00e7a doit \u00eatre bon pour quelque chose vu le monde qui barbottait.<\/p>\n<p>Hall de l&rsquo;h\u00f4tel pour pouvoir \u00e9crire ce billet et telecharger quelques images et vid\u00e9os. ..<\/p>\n<p>Puis on part visiter la ville.<\/p>\n","protected":false},"excerpt":{"rendered":"<p>On dit qu&rsquo;elle sera de courte dur\u00e9e mais on la prend quand m\u00eame, et avec plaisir. Cette belle \u00e9claircie l\u00e0 nous a fait beaucoup de bien et il fallait \u00e7a pour continuer sans soucis vers le sud. Une belle \u00e9tape sur de petites routes de montagne d&rsquo;abord pour atteindre un col \u00e0 1450m d&rsquo;altitude. On [&hellip;]<\/p>\n","protected":false},"author":2,"featured_media":0,"comment_status":"open","ping_status":"open","sticky":false,"template":"","format":"standard","meta":{"jetpack_post_was_ever_published":false,"_jetpack_newsletter_access":"","_jetpack_dont_email_post_to_subs":false,"_jetpack_newsletter_tier_id":0,"_jetpack_memberships_contains_paywalled_content":false,"_jetpack_memberships_contains_paid_content":false,"footnotes":"","jetpack_publicize_message":"","jetpack_publicize_feature_enabled":true,"jetpack_social_post_already_shared":true,"jetpack_social_options":{"image_generator_settings":{"template":"highway","enabled":false},"version":2}},"categories":[31,5,3,8,7],"tags":[],"class_list":["post-797","post","type-post","status-publish","format-standard","hentry","category-honshu","category-japon","category-periples","category-sudvelo","category-voyages"],"jetpack_publicize_connections":[],"jetpack_featured_media_url":"","jetpack_sharing_enabled":true,"jetpack_shortlink":"https:\/\/wp.me\/p6ioUK-cR","jetpack_likes_enabled":true,"_links":{"self":[{"href":"http:\/\/itineraires.sudvelo.com\/miles\/wp-json\/wp\/v2\/posts\/797"}],"collection":[{"href":"http:\/\/itineraires.sudvelo.com\/miles\/wp-json\/wp\/v2\/posts"}],"about":[{"href":"http:\/\/itineraires.sudvelo.com\/miles\/wp-json\/wp\/v2\/types\/post"}],"author":[{"embeddable":true,"href":"http:\/\/itineraires.sudvelo.com\/miles\/wp-json\/wp\/v2\/users\/2"}],"replies":[{"embeddable":true,"href":"http:\/\/itineraires.sudvelo.com\/miles\/wp-json\/wp\/v2\/comments?post=797"}],"version-history":[{"count":2,"href":"http:\/\/itineraires.sudvelo.com\/miles\/wp-json\/wp\/v2\/posts\/797\/revisions"}],"predecessor-version":[{"id":799,"href":"http:\/\/itineraires.sudvelo.com\/miles\/wp-json\/wp\/v2\/posts\/797\/revisions\/799"}],"wp:attachment":[{"href":"http:\/\/itineraires.sudvelo.com\/miles\/wp-json\/wp\/v2\/media?parent=797"}],"wp:term":[{"taxonomy":"category","embeddable":true,"href":"http:\/\/itineraires.sudvelo.com\/miles\/wp-json\/wp\/v2\/categories?post=797"},{"taxonomy":"post_tag","embeddable":true,"href":"http:\/\/itineraires.sudvelo.com\/miles\/wp-json\/wp\/v2\/tags?post=797"}],"curies":[{"name":"wp","href":"https:\/\/api.w.org\/{rel}","templated":true}]}}