{"id":756,"date":"2015-09-11T08:55:56","date_gmt":"2015-09-11T07:55:56","guid":{"rendered":"http:\/\/itineraires.sudvelo.com\/miles\/?p=756"},"modified":"2015-10-21T09:30:47","modified_gmt":"2015-10-21T08:30:47","slug":"la-route-donagawa-est-presque-seche","status":"publish","type":"post","link":"http:\/\/itineraires.sudvelo.com\/miles\/2015\/09\/11\/la-route-donagawa-est-presque-seche\/","title":{"rendered":"La route d&rsquo;Onogawa est (presque) s\u00e8che."},"content":{"rendered":"<p>Commodore et Professor l&rsquo;avaient dit : \u00ab\u00a0demain on sera rinc\u00e9s vers 13h\u00a0\u00bb. \u00c7a n&rsquo;a pas manqu\u00e9. En sortant du restau \u00e0 20km de l&rsquo;arriv\u00e9e, vlan, pour pas que l&rsquo;on puisse titrer \u00ab\u00a0une petite \u00e9tape au sec pour nous reposer\u00a0\u00bb, on a ressorti les kways.<\/p>\n<p>En dehors de \u00e7a on a eu presque chaud, et \u00e0 la lecture de la presse fran\u00e7aise du matin on se rend compte qu&rsquo;on a eu du bol. Le village o\u00f9 nous avons pass\u0117 la nuit il y a 72h \u00e0 lui aussi \u00e9t\u00e9 touch\u00e9 par les crues. <\/p>\n<p>Ici, au Onsen de Onogawa, on voit bien que la rivi\u00e8re est mont\u00e9e assez haut, et la patrone \u00e0 l&rsquo;air accabl\u00e9e lorsque nous abordons le sujet m\u00e9t\u00e9o de ces derniers jours. <\/p>\n<p><a href=\"https:\/\/i0.wp.com\/itineraires.sudvelo.com\/miles\/wp-content\/uploads\/2015\/09\/wpid-wp-1441957886029.jpg\"><img data-recalc-dims=\"1\" decoding=\"async\" title=\"wp-1441957886029\" class=\"alignnone size-full\"  alt=\"image\" src=\"https:\/\/i0.wp.com\/itineraires.sudvelo.com\/miles\/wp-content\/uploads\/2015\/09\/wpid-wp-1441957886029.jpg?w=610\" \/><\/a><\/p>\n<p>Demain par contre tout doit s&rsquo;arranger pour de bon sur notre route au sud. Nous nous rapprocheront un peu de Nikko ou nous devrions avoir une journ\u00e9e de repos lundi, par de belles routes de montagne. C&rsquo;est s\u00fbrement une des caract\u00e9ristiques du coin, cet empilement de couches montagneuses dans la profondeur du d\u00e9cor,&nbsp; baign\u00e9es de gris d\u00e9grad\u00e9s. Chepa si vous voyez bien. Comme s&rsquo;il y avait 10 balcons de belledonne pos\u0117s les uns derri\u00e8re les autres, culminant autour de 800 \u00e0 1000m, pas plus, tous envelopp\u00e9s de nuages diff\u00e9remment menacants&#8230; Bon mettons que vous connaissiez pas le balcon de belledonne&#8230; imaginez donc des montagnes verdoyantes, tr\u00e8s vallonn\u00e9es, et faites l&#8217;empilement&#8230; Voil\u00e0. C&rsquo;est \u00e7a.<br \/>\nBon.<\/p>\n<p><a href=\"https:\/\/i0.wp.com\/itineraires.sudvelo.com\/miles\/wp-content\/uploads\/2015\/09\/wpid-wp-1441957920492.jpg\"><img data-recalc-dims=\"1\" decoding=\"async\" title=\"wp-1441957920492\" class=\"alignnone size-full\"  alt=\"image\" src=\"https:\/\/i0.wp.com\/itineraires.sudvelo.com\/miles\/wp-content\/uploads\/2015\/09\/wpid-wp-1441957920492.jpg?w=610\" \/><\/a><\/p>\n<p>Nous profiterons aussi de demain pour nous \u00e9loigner de fukushima&nbsp; (50 km \u00e0 l&rsquo;est de notre Onsen ce soir)&#8230; ce ne sera pas plus mal&#8230;<br \/>\nc&rsquo;est pas qu&rsquo;on sente quoique ce soit de radioactif d&rsquo;ici mais pour rassurer les familles on va d\u00e9guerpir du coin fissa.<\/p>\n<p>En attendant comme l&rsquo;\u00e9tape \u00e9tait courte, on profite des jolis bains de l&rsquo;h\u00f4tel. <\/p>\n<p><a href=\"https:\/\/i0.wp.com\/itineraires.sudvelo.com\/miles\/wp-content\/uploads\/2015\/09\/wpid-wp-1441957955121.jpg\"><img data-recalc-dims=\"1\" decoding=\"async\" title=\"wp-1441957955121\" class=\"alignnone size-full\"  alt=\"image\" src=\"https:\/\/i0.wp.com\/itineraires.sudvelo.com\/miles\/wp-content\/uploads\/2015\/09\/wpid-wp-1441957955121.jpg?w=610\" \/><\/a><\/p>\n<p><a href=\"https:\/\/i0.wp.com\/itineraires.sudvelo.com\/miles\/wp-content\/uploads\/2015\/09\/wpid-wp-1441957976829.jpg\"><img data-recalc-dims=\"1\" decoding=\"async\" title=\"wp-1441957976829\" class=\"alignnone size-full\"  alt=\"image\" src=\"https:\/\/i0.wp.com\/itineraires.sudvelo.com\/miles\/wp-content\/uploads\/2015\/09\/wpid-wp-1441957976829.jpg?w=610\" \/><\/a><\/p>\n","protected":false},"excerpt":{"rendered":"<p>Commodore et Professor l&rsquo;avaient dit : \u00ab\u00a0demain on sera rinc\u00e9s vers 13h\u00a0\u00bb. \u00c7a n&rsquo;a pas manqu\u00e9. En sortant du restau \u00e0 20km de l&rsquo;arriv\u00e9e, vlan, pour pas que l&rsquo;on puisse titrer \u00ab\u00a0une petite \u00e9tape au sec pour nous reposer\u00a0\u00bb, on a ressorti les kways. En dehors de \u00e7a on a eu presque chaud, et \u00e0 [&hellip;]<\/p>\n","protected":false},"author":2,"featured_media":0,"comment_status":"open","ping_status":"open","sticky":false,"template":"","format":"standard","meta":{"jetpack_post_was_ever_published":false,"_jetpack_newsletter_access":"","_jetpack_dont_email_post_to_subs":false,"_jetpack_newsletter_tier_id":0,"_jetpack_memberships_contains_paywalled_content":false,"_jetpack_memberships_contains_paid_content":false,"footnotes":"","jetpack_publicize_message":"","jetpack_publicize_feature_enabled":true,"jetpack_social_post_already_shared":true,"jetpack_social_options":{"image_generator_settings":{"template":"highway","enabled":false},"version":2}},"categories":[31,5,3,8,7],"tags":[],"class_list":["post-756","post","type-post","status-publish","format-standard","hentry","category-honshu","category-japon","category-periples","category-sudvelo","category-voyages"],"jetpack_publicize_connections":[],"jetpack_featured_media_url":"","jetpack_sharing_enabled":true,"jetpack_shortlink":"https:\/\/wp.me\/p6ioUK-cc","jetpack_likes_enabled":true,"_links":{"self":[{"href":"http:\/\/itineraires.sudvelo.com\/miles\/wp-json\/wp\/v2\/posts\/756"}],"collection":[{"href":"http:\/\/itineraires.sudvelo.com\/miles\/wp-json\/wp\/v2\/posts"}],"about":[{"href":"http:\/\/itineraires.sudvelo.com\/miles\/wp-json\/wp\/v2\/types\/post"}],"author":[{"embeddable":true,"href":"http:\/\/itineraires.sudvelo.com\/miles\/wp-json\/wp\/v2\/users\/2"}],"replies":[{"embeddable":true,"href":"http:\/\/itineraires.sudvelo.com\/miles\/wp-json\/wp\/v2\/comments?post=756"}],"version-history":[{"count":3,"href":"http:\/\/itineraires.sudvelo.com\/miles\/wp-json\/wp\/v2\/posts\/756\/revisions"}],"predecessor-version":[{"id":759,"href":"http:\/\/itineraires.sudvelo.com\/miles\/wp-json\/wp\/v2\/posts\/756\/revisions\/759"}],"wp:attachment":[{"href":"http:\/\/itineraires.sudvelo.com\/miles\/wp-json\/wp\/v2\/media?parent=756"}],"wp:term":[{"taxonomy":"category","embeddable":true,"href":"http:\/\/itineraires.sudvelo.com\/miles\/wp-json\/wp\/v2\/categories?post=756"},{"taxonomy":"post_tag","embeddable":true,"href":"http:\/\/itineraires.sudvelo.com\/miles\/wp-json\/wp\/v2\/tags?post=756"}],"curies":[{"name":"wp","href":"https:\/\/api.w.org\/{rel}","templated":true}]}}