{"id":652,"date":"2015-09-07T11:11:47","date_gmt":"2015-09-07T10:11:47","guid":{"rendered":"http:\/\/itineraires.sudvelo.com\/miles\/?p=652"},"modified":"2015-10-21T09:50:49","modified_gmt":"2015-10-21T08:50:49","slug":"lac-towadoko-tamagawa-onsen","status":"publish","type":"post","link":"http:\/\/itineraires.sudvelo.com\/miles\/2015\/09\/07\/lac-towadoko-tamagawa-onsen\/","title":{"rendered":"Lac Towadoko &#8211; Tamagawa onsen"},"content":{"rendered":"<p>Une chambre sur tatamis et futon dans un immense centre de cure onsen, dans la montagne nord. <\/p>\n<p>\u00c9tape montagneuse encore une fois, traversante des nuances de gris de ce d\u00e9but septembre bien charg\u00e9 en nuages. On a \u00e9t\u00e9 sous le gris, puis dans le gris, pour finir un peu \u00e0 c\u00f4t\u00e9 du gris presque au soleil ! <\/p>\n<p>Nous avons donc quitt\u00e9 les bords du lacs Towadoko apr\u00e8s que le ciel ait fini de s&rsquo;y vider durant toute la nuit,<\/p>\n<p><a href=\"https:\/\/i0.wp.com\/itineraires.sudvelo.com\/miles\/wp-content\/uploads\/2015\/09\/wpid-wp-14416193174041.jpg\"><img data-recalc-dims=\"1\" decoding=\"async\" title=\"wp-1441619317404\" class=\"alignnone size-full\"  alt=\"image\" src=\"https:\/\/i0.wp.com\/itineraires.sudvelo.com\/miles\/wp-content\/uploads\/2015\/09\/wpid-wp-14416193174041.jpg?w=610\" \/><\/a><\/p>\n<p>sommes mont\u00e9s quelques km puis redescendus dans la plaine de kusano avant de remonter \u00e0 plus de 1000m le long d&rsquo;une belle vall\u00e9e bord\u00e9e de fleurs en tous genres&#8230;<\/p>\n<p><a href=\"https:\/\/i0.wp.com\/itineraires.sudvelo.com\/miles\/wp-content\/uploads\/2015\/09\/wpid-wp-14416193971781.jpg\"><img data-recalc-dims=\"1\" decoding=\"async\" title=\"wp-1441619397178\" class=\"alignnone size-full\"  alt=\"image\" src=\"https:\/\/i0.wp.com\/itineraires.sudvelo.com\/miles\/wp-content\/uploads\/2015\/09\/wpid-wp-14416193971781.jpg?w=610\" \/><\/a><\/p>\n<p><a href=\"https:\/\/i0.wp.com\/itineraires.sudvelo.com\/miles\/wp-content\/uploads\/2015\/09\/wpid-wp-14416194128451.jpg\"><img data-recalc-dims=\"1\" decoding=\"async\" title=\"wp-1441619412845\" class=\"alignnone size-full\"  alt=\"image\" src=\"https:\/\/i0.wp.com\/itineraires.sudvelo.com\/miles\/wp-content\/uploads\/2015\/09\/wpid-wp-14416194128451.jpg?w=610\" \/><\/a><\/p>\n<p><a href=\"https:\/\/i0.wp.com\/itineraires.sudvelo.com\/miles\/wp-content\/uploads\/2015\/09\/wpid-wp-14416194333941.jpg\"><img data-recalc-dims=\"1\" decoding=\"async\" title=\"wp-1441619433394\" class=\"alignnone size-full\"  alt=\"image\" src=\"https:\/\/i0.wp.com\/itineraires.sudvelo.com\/miles\/wp-content\/uploads\/2015\/09\/wpid-wp-14416194333941.jpg?w=610\" \/><\/a><\/p>\n<p>A la bascule en haut du col, le temps s&rsquo;est remis au ti\u00e8de et l&rsquo;odeur de soufre nous indique que nous arrivons au onsen. <\/p>\n<p>Accueil tr\u00e8s soign\u00e9 dans cet h\u00f4tel-cure-Onsen qui est semble t il la Mecque du genre. <\/p>\n<p>D\u00e9filent en uniforme <\/p>\n<p><a href=\"https:\/\/i0.wp.com\/itineraires.sudvelo.com\/miles\/wp-content\/uploads\/2015\/09\/wpid-wp-14416194808771.jpg\"><img data-recalc-dims=\"1\" decoding=\"async\" title=\"wp-1441619480877\" class=\"alignnone size-full\"  alt=\"image\" src=\"https:\/\/i0.wp.com\/itineraires.sudvelo.com\/miles\/wp-content\/uploads\/2015\/09\/wpid-wp-14416194808771.jpg?w=610\" \/><\/a><\/p>\n<p>constitu\u0117 d&rsquo;un kimono l\u00e9ger (pour les sp\u00e9cialistes, le yukata) et sandales un peu moches des dizaines de curistes plus ou moins alertes dans un labyrinthe de couloir desservant de minuscules cellules sur tatami. La notre est au fond \u00e0 gauche puis \u00e0 droite en haut puis redescendre \u00e0 gauche avant l&rsquo;\u00e9tage des bains puis en haut tout au fond&#8230;pouvez pas vous tromper c&rsquo;est la 618. <\/p>\n<p>A peine arriv\u00e9s direction la souffriere qui alimente ce lieu particulier ou nous sommes les seules europ\u00e9ens aujourd&rsquo;hui semble t il. <\/p>\n<p>Certains curistes viennent profiter de la chaleur de lieux et de l&rsquo;air soufr\u00e9 sans doute bon pour leurs maux. Ils se couchent sous des toiles ou directement au bord du chemin.<\/p>\n<p><a href=\"https:\/\/i0.wp.com\/itineraires.sudvelo.com\/miles\/wp-content\/uploads\/2015\/09\/wpid-wp-1441619529613.jpg\"><img data-recalc-dims=\"1\" decoding=\"async\" title=\"wp-1441619529613\" class=\"alignnone size-full\"  alt=\"image\" src=\"https:\/\/i0.wp.com\/itineraires.sudvelo.com\/miles\/wp-content\/uploads\/2015\/09\/wpid-wp-1441619529613.jpg?w=610\" \/><\/a><\/p>\n<p><a href=\"https:\/\/i0.wp.com\/itineraires.sudvelo.com\/miles\/wp-content\/uploads\/2015\/09\/wpid-wp-1441619544193.jpg\"><img data-recalc-dims=\"1\" decoding=\"async\" title=\"wp-1441619544193\" class=\"alignnone size-full\"  alt=\"image\" src=\"https:\/\/i0.wp.com\/itineraires.sudvelo.com\/miles\/wp-content\/uploads\/2015\/09\/wpid-wp-1441619544193.jpg?w=610\" \/><\/a><\/p>\n<p>L&rsquo;atmosph\u00e8re est irr\u00e9elle : entre les vapeurs, les couleurs, les gens allong\u00e9s, le bruit des souffles du volcan&#8230;. On est quelque part dans un autre bout d&rsquo;un autre monde. <\/p>\n<p><a href=\"https:\/\/i0.wp.com\/itineraires.sudvelo.com\/miles\/wp-content\/uploads\/2015\/09\/wpid-wp-14416195604011.jpg\"><img data-recalc-dims=\"1\" decoding=\"async\" title=\"wp-1441619560401\" class=\"alignnone size-full\"  alt=\"image\" src=\"https:\/\/i0.wp.com\/itineraires.sudvelo.com\/miles\/wp-content\/uploads\/2015\/09\/wpid-wp-14416195604011.jpg?w=610\" \/><\/a><\/p>\n<p><a href=\"https:\/\/i0.wp.com\/itineraires.sudvelo.com\/miles\/wp-content\/uploads\/2015\/09\/wpid-wp-14416195731691.jpg\"><img data-recalc-dims=\"1\" decoding=\"async\" title=\"wp-1441619573169\" class=\"alignnone size-full\"  alt=\"image\" src=\"https:\/\/i0.wp.com\/itineraires.sudvelo.com\/miles\/wp-content\/uploads\/2015\/09\/wpid-wp-14416195731691.jpg?w=610\" \/><\/a><\/p>\n<p>Au retour direction le bain chaud. Dans un immense b\u00e2timent tout en bois, des troncs d&rsquo;arbres entiers soutiennent magnifique chapante. Les bains sont tous en bois. L&rsquo;eau du volcan les alimente. Certains bains sont \u00ab\u00a0100%\u00a0\u00bb \u00e0 l&rsquo;eau soufr\u0117e,\u00a0 d&rsquo;autres \u00e0 50%&#8230; la 100% pique aux blessures (&#8230; je vous laisse imaginer o\u00f9&#8230;). Un sauna et des sarcophages sauna sont aussi \u00e0 disposition&#8230; On les essay\u00e9 tous&#8230; quel bonheur ! <\/p>\n<p><a href=\"https:\/\/i0.wp.com\/itineraires.sudvelo.com\/miles\/wp-content\/uploads\/2015\/09\/wpid-wp-1441619614608.jpg\"><img data-recalc-dims=\"1\" decoding=\"async\" title=\"wp-1441619614608\" class=\"alignnone size-full\"  alt=\"image\" src=\"https:\/\/i0.wp.com\/itineraires.sudvelo.com\/miles\/wp-content\/uploads\/2015\/09\/wpid-wp-1441619614608.jpg?w=610\" \/><\/a><\/p>\n<p>Je coupe un peu car nous filons manger&#8230; je mettrai des photos et films sur la page fb en soir\u00e9e..<\/p>\n<p>Bonne journ\u00e9e !\u00a0<\/p>\n","protected":false},"excerpt":{"rendered":"<p>Une chambre sur tatamis et futon dans un immense centre de cure onsen, dans la montagne nord. \u00c9tape montagneuse encore une fois, traversante des nuances de gris de ce d\u00e9but septembre bien charg\u00e9 en nuages. On a \u00e9t\u00e9 sous le gris, puis dans le gris, pour finir un peu \u00e0 c\u00f4t\u00e9 du gris presque au [&hellip;]<\/p>\n","protected":false},"author":2,"featured_media":0,"comment_status":"open","ping_status":"open","sticky":false,"template":"","format":"standard","meta":{"jetpack_post_was_ever_published":false,"_jetpack_newsletter_access":"","_jetpack_dont_email_post_to_subs":false,"_jetpack_newsletter_tier_id":0,"_jetpack_memberships_contains_paywalled_content":false,"_jetpack_memberships_contains_paid_content":false,"footnotes":"","jetpack_publicize_message":"","jetpack_publicize_feature_enabled":true,"jetpack_social_post_already_shared":true,"jetpack_social_options":{"image_generator_settings":{"template":"highway","enabled":false},"version":2}},"categories":[31,5,3,8,7],"tags":[],"class_list":["post-652","post","type-post","status-publish","format-standard","hentry","category-honshu","category-japon","category-periples","category-sudvelo","category-voyages"],"jetpack_publicize_connections":[],"jetpack_featured_media_url":"","jetpack_sharing_enabled":true,"jetpack_shortlink":"https:\/\/wp.me\/p6ioUK-aw","jetpack_likes_enabled":true,"_links":{"self":[{"href":"http:\/\/itineraires.sudvelo.com\/miles\/wp-json\/wp\/v2\/posts\/652"}],"collection":[{"href":"http:\/\/itineraires.sudvelo.com\/miles\/wp-json\/wp\/v2\/posts"}],"about":[{"href":"http:\/\/itineraires.sudvelo.com\/miles\/wp-json\/wp\/v2\/types\/post"}],"author":[{"embeddable":true,"href":"http:\/\/itineraires.sudvelo.com\/miles\/wp-json\/wp\/v2\/users\/2"}],"replies":[{"embeddable":true,"href":"http:\/\/itineraires.sudvelo.com\/miles\/wp-json\/wp\/v2\/comments?post=652"}],"version-history":[{"count":3,"href":"http:\/\/itineraires.sudvelo.com\/miles\/wp-json\/wp\/v2\/posts\/652\/revisions"}],"predecessor-version":[{"id":674,"href":"http:\/\/itineraires.sudvelo.com\/miles\/wp-json\/wp\/v2\/posts\/652\/revisions\/674"}],"wp:attachment":[{"href":"http:\/\/itineraires.sudvelo.com\/miles\/wp-json\/wp\/v2\/media?parent=652"}],"wp:term":[{"taxonomy":"category","embeddable":true,"href":"http:\/\/itineraires.sudvelo.com\/miles\/wp-json\/wp\/v2\/categories?post=652"},{"taxonomy":"post_tag","embeddable":true,"href":"http:\/\/itineraires.sudvelo.com\/miles\/wp-json\/wp\/v2\/tags?post=652"}],"curies":[{"name":"wp","href":"https:\/\/api.w.org\/{rel}","templated":true}]}}