{"id":4943,"date":"2025-06-19T15:53:42","date_gmt":"2025-06-19T14:53:42","guid":{"rendered":"http:\/\/itineraires.sudvelo.com\/miles\/?p=4943"},"modified":"2025-06-19T16:00:12","modified_gmt":"2025-06-19T15:00:12","slug":"repos","status":"publish","type":"post","link":"http:\/\/itineraires.sudvelo.com\/miles\/2025\/06\/19\/repos\/","title":{"rendered":"Repos"},"content":{"rendered":"\n<p>La chenille du bombyx disparate se transforme en papillon en ce moment, ce qui mettra fin rapidement au cycle de sa reproduction et de ce fait \u00e0 la&nbsp; destruction d&rsquo;une partie de la for\u00eat corse, qu&rsquo;il d\u00e9vore goulument avant l&rsquo;\u00e9t\u00e9, quelques ann\u00e9es d&rsquo;affil\u00e9, avant de dispara\u00eetre parfois 10ans, puis de r\u00e9appara\u00eetre et de recommencer son cirque. Le maquis est ainsi envahi de papillons blancs-beiges, disgracieux et au vol incoh\u00e9rent.<\/p>\n\n\n\n<figure class=\"wp-block-image size-large\"><img data-recalc-dims=\"1\" loading=\"lazy\" decoding=\"async\" width=\"610\" height=\"813\" data-attachment-id=\"4941\" data-permalink=\"http:\/\/itineraires.sudvelo.com\/miles\/2025\/06\/19\/repos\/bombyx_disparate1959179044601066596\/\" data-orig-file=\"https:\/\/i0.wp.com\/itineraires.sudvelo.com\/miles\/wp-content\/uploads\/2025\/06\/bombyx_disparate1959179044601066596.jpg?fit=768%2C1024\" data-orig-size=\"768,1024\" data-comments-opened=\"1\" data-image-meta=\"{&quot;aperture&quot;:&quot;1.6&quot;,&quot;credit&quot;:&quot;&quot;,&quot;camera&quot;:&quot;iPhone 12&quot;,&quot;caption&quot;:&quot;&quot;,&quot;created_timestamp&quot;:&quot;1724589243&quot;,&quot;copyright&quot;:&quot;&quot;,&quot;focal_length&quot;:&quot;4.2&quot;,&quot;iso&quot;:&quot;40&quot;,&quot;shutter_speed&quot;:&quot;0.0082644628099174&quot;,&quot;title&quot;:&quot;&quot;,&quot;orientation&quot;:&quot;1&quot;}\" data-image-title=\"bombyx_disparate1959179044601066596\" data-image-description=\"\" data-image-caption=\"\" data-medium-file=\"https:\/\/i0.wp.com\/itineraires.sudvelo.com\/miles\/wp-content\/uploads\/2025\/06\/bombyx_disparate1959179044601066596.jpg?fit=225%2C300\" data-large-file=\"https:\/\/i0.wp.com\/itineraires.sudvelo.com\/miles\/wp-content\/uploads\/2025\/06\/bombyx_disparate1959179044601066596.jpg?fit=610%2C813\" tabindex=\"0\" role=\"button\" src=\"https:\/\/i0.wp.com\/itineraires.sudvelo.com\/miles\/wp-content\/uploads\/2025\/06\/bombyx_disparate1959179044601066596.jpg?resize=610%2C813\" alt=\"\" class=\"wp-image-4941\" srcset=\"https:\/\/i0.wp.com\/itineraires.sudvelo.com\/miles\/wp-content\/uploads\/2025\/06\/bombyx_disparate1959179044601066596.jpg?w=768 768w, https:\/\/i0.wp.com\/itineraires.sudvelo.com\/miles\/wp-content\/uploads\/2025\/06\/bombyx_disparate1959179044601066596.jpg?resize=225%2C300 225w\" sizes=\"(max-width: 610px) 100vw, 610px\" \/><\/figure>\n\n\n\n<p>Pourvu que trump ne soit pas un bombyx disparate. Il reapparaitrait alors dans quelques ann\u00e9es et ind\u00e9finiment selon son cycle \u00e0 lui.<\/p>\n\n\n\n<figure class=\"wp-block-image size-large\"><img data-recalc-dims=\"1\" loading=\"lazy\" decoding=\"async\" width=\"461\" height=\"1024\" data-attachment-id=\"4942\" data-permalink=\"http:\/\/itineraires.sudvelo.com\/miles\/2025\/06\/19\/repos\/screenshot_20250619_165136_chrome9072392040189475517\/\" data-orig-file=\"https:\/\/i0.wp.com\/itineraires.sudvelo.com\/miles\/wp-content\/uploads\/2025\/06\/screenshot_20250619_165136_chrome9072392040189475517.jpg?fit=900%2C2000\" data-orig-size=\"900,2000\" data-comments-opened=\"1\" data-image-meta=\"{&quot;aperture&quot;:&quot;0&quot;,&quot;credit&quot;:&quot;&quot;,&quot;camera&quot;:&quot;&quot;,&quot;caption&quot;:&quot;&quot;,&quot;created_timestamp&quot;:&quot;0&quot;,&quot;copyright&quot;:&quot;&quot;,&quot;focal_length&quot;:&quot;0&quot;,&quot;iso&quot;:&quot;0&quot;,&quot;shutter_speed&quot;:&quot;0&quot;,&quot;title&quot;:&quot;&quot;,&quot;orientation&quot;:&quot;1&quot;}\" data-image-title=\"screenshot_20250619_165136_chrome9072392040189475517\" data-image-description=\"\" data-image-caption=\"\" data-medium-file=\"https:\/\/i0.wp.com\/itineraires.sudvelo.com\/miles\/wp-content\/uploads\/2025\/06\/screenshot_20250619_165136_chrome9072392040189475517.jpg?fit=135%2C300\" data-large-file=\"https:\/\/i0.wp.com\/itineraires.sudvelo.com\/miles\/wp-content\/uploads\/2025\/06\/screenshot_20250619_165136_chrome9072392040189475517.jpg?fit=461%2C1024\" tabindex=\"0\" role=\"button\" src=\"https:\/\/i0.wp.com\/itineraires.sudvelo.com\/miles\/wp-content\/uploads\/2025\/06\/screenshot_20250619_165136_chrome9072392040189475517.jpg?resize=461%2C1024\" alt=\"\" class=\"wp-image-4942\" srcset=\"https:\/\/i0.wp.com\/itineraires.sudvelo.com\/miles\/wp-content\/uploads\/2025\/06\/screenshot_20250619_165136_chrome9072392040189475517.jpg?resize=461%2C1024 461w, https:\/\/i0.wp.com\/itineraires.sudvelo.com\/miles\/wp-content\/uploads\/2025\/06\/screenshot_20250619_165136_chrome9072392040189475517.jpg?resize=135%2C300 135w, https:\/\/i0.wp.com\/itineraires.sudvelo.com\/miles\/wp-content\/uploads\/2025\/06\/screenshot_20250619_165136_chrome9072392040189475517.jpg?resize=768%2C1707 768w, https:\/\/i0.wp.com\/itineraires.sudvelo.com\/miles\/wp-content\/uploads\/2025\/06\/screenshot_20250619_165136_chrome9072392040189475517.jpg?resize=691%2C1536 691w, https:\/\/i0.wp.com\/itineraires.sudvelo.com\/miles\/wp-content\/uploads\/2025\/06\/screenshot_20250619_165136_chrome9072392040189475517.jpg?w=900 900w\" sizes=\"(max-width: 461px) 100vw, 461px\" \/><\/figure>\n\n\n\n<p>Les glaces de Sandrine sont tout bonnement parfaites : myrte, lemoncello, c\u00e9drat corse, ch\u00e2taigne et tant d&rsquo;autres parfums, \u00e0 la sortie de Centuri en allant vers Nonza, sur la gauche&#8230; vous pouvez pas vous tromper. Nous on y retourne ce soir<\/p>\n\n\n\n<figure class=\"wp-block-image size-large\"><img data-recalc-dims=\"1\" loading=\"lazy\" decoding=\"async\" width=\"576\" height=\"1024\" data-attachment-id=\"4931\" data-permalink=\"http:\/\/itineraires.sudvelo.com\/miles\/2025\/06\/19\/repos\/20250619_1435048254254251985227876\/\" data-orig-file=\"https:\/\/i0.wp.com\/itineraires.sudvelo.com\/miles\/wp-content\/uploads\/2025\/06\/20250619_1435048254254251985227876.jpg?fit=1134%2C2016\" data-orig-size=\"1134,2016\" data-comments-opened=\"1\" data-image-meta=\"{&quot;aperture&quot;:&quot;1.8&quot;,&quot;credit&quot;:&quot;&quot;,&quot;camera&quot;:&quot;SM-G991U1&quot;,&quot;caption&quot;:&quot;&quot;,&quot;created_timestamp&quot;:&quot;1750343704&quot;,&quot;copyright&quot;:&quot;&quot;,&quot;focal_length&quot;:&quot;5.4&quot;,&quot;iso&quot;:&quot;40&quot;,&quot;shutter_speed&quot;:&quot;0.0016686070000215&quot;,&quot;title&quot;:&quot;&quot;,&quot;orientation&quot;:&quot;1&quot;}\" data-image-title=\"20250619_1435048254254251985227876\" data-image-description=\"\" data-image-caption=\"\" data-medium-file=\"https:\/\/i0.wp.com\/itineraires.sudvelo.com\/miles\/wp-content\/uploads\/2025\/06\/20250619_1435048254254251985227876.jpg?fit=169%2C300\" data-large-file=\"https:\/\/i0.wp.com\/itineraires.sudvelo.com\/miles\/wp-content\/uploads\/2025\/06\/20250619_1435048254254251985227876.jpg?fit=576%2C1024\" tabindex=\"0\" role=\"button\" src=\"https:\/\/i0.wp.com\/itineraires.sudvelo.com\/miles\/wp-content\/uploads\/2025\/06\/20250619_1435048254254251985227876.jpg?resize=576%2C1024\" alt=\"\" class=\"wp-image-4931\" srcset=\"https:\/\/i0.wp.com\/itineraires.sudvelo.com\/miles\/wp-content\/uploads\/2025\/06\/20250619_1435048254254251985227876.jpg?resize=576%2C1024 576w, https:\/\/i0.wp.com\/itineraires.sudvelo.com\/miles\/wp-content\/uploads\/2025\/06\/20250619_1435048254254251985227876.jpg?resize=169%2C300 169w, https:\/\/i0.wp.com\/itineraires.sudvelo.com\/miles\/wp-content\/uploads\/2025\/06\/20250619_1435048254254251985227876.jpg?resize=768%2C1365 768w, https:\/\/i0.wp.com\/itineraires.sudvelo.com\/miles\/wp-content\/uploads\/2025\/06\/20250619_1435048254254251985227876.jpg?resize=864%2C1536 864w, https:\/\/i0.wp.com\/itineraires.sudvelo.com\/miles\/wp-content\/uploads\/2025\/06\/20250619_1435048254254251985227876.jpg?w=1134 1134w\" sizes=\"(max-width: 576px) 100vw, 576px\" \/><\/figure>\n\n\n\n<p>Le village perch\u00e9 tout beau, tout r\u00e9nov\u00e9, avec sa fontaine d&rsquo;\u00e9poque ses ruelles pav\u00e9es \u00ab\u00a0\u00e0 la Corse\u00a0\u00bb, ses beaux lauriers, ses bougainvilliers, ses figuiers de barbarie, et son petit nom parfum\u00e9, c&rsquo;est Cannelle, au dessus de Centuri. 1heure de marche Aller\/Retour : allez y picniquer \u00e0 l&rsquo;ombre et \u00e0 la fraicheur de la source, \u00e7a vaut le d\u00e9tour.<\/p>\n\n\n\n<figure class=\"wp-block-gallery has-nested-images columns-default is-cropped wp-block-gallery-1 is-layout-flex wp-block-gallery-is-layout-flex\">\n<figure class=\"wp-block-image size-large\"><img data-recalc-dims=\"1\" loading=\"lazy\" decoding=\"async\" width=\"576\" height=\"1024\" data-attachment-id=\"4933\" data-permalink=\"http:\/\/itineraires.sudvelo.com\/miles\/2025\/06\/19\/repos\/20250619_1224577872004904365710200\/\" data-orig-file=\"https:\/\/i0.wp.com\/itineraires.sudvelo.com\/miles\/wp-content\/uploads\/2025\/06\/20250619_1224577872004904365710200.jpg?fit=1134%2C2016\" data-orig-size=\"1134,2016\" data-comments-opened=\"1\" data-image-meta=\"{&quot;aperture&quot;:&quot;1.8&quot;,&quot;credit&quot;:&quot;&quot;,&quot;camera&quot;:&quot;SM-G991U1&quot;,&quot;caption&quot;:&quot;&quot;,&quot;created_timestamp&quot;:&quot;1750335898&quot;,&quot;copyright&quot;:&quot;&quot;,&quot;focal_length&quot;:&quot;5.4&quot;,&quot;iso&quot;:&quot;40&quot;,&quot;shutter_speed&quot;:&quot;0.0026583280192383&quot;,&quot;title&quot;:&quot;&quot;,&quot;orientation&quot;:&quot;1&quot;}\" data-image-title=\"20250619_1224577872004904365710200\" data-image-description=\"\" data-image-caption=\"\" data-medium-file=\"https:\/\/i0.wp.com\/itineraires.sudvelo.com\/miles\/wp-content\/uploads\/2025\/06\/20250619_1224577872004904365710200.jpg?fit=169%2C300\" data-large-file=\"https:\/\/i0.wp.com\/itineraires.sudvelo.com\/miles\/wp-content\/uploads\/2025\/06\/20250619_1224577872004904365710200.jpg?fit=576%2C1024\" tabindex=\"0\" role=\"button\" data-id=\"4933\" src=\"https:\/\/i0.wp.com\/itineraires.sudvelo.com\/miles\/wp-content\/uploads\/2025\/06\/20250619_1224577872004904365710200-576x1024.jpg?resize=576%2C1024&#038;ssl=1\" alt=\"\" class=\"wp-image-4933\" srcset=\"https:\/\/i0.wp.com\/itineraires.sudvelo.com\/miles\/wp-content\/uploads\/2025\/06\/20250619_1224577872004904365710200.jpg?resize=576%2C1024 576w, https:\/\/i0.wp.com\/itineraires.sudvelo.com\/miles\/wp-content\/uploads\/2025\/06\/20250619_1224577872004904365710200.jpg?resize=169%2C300 169w, https:\/\/i0.wp.com\/itineraires.sudvelo.com\/miles\/wp-content\/uploads\/2025\/06\/20250619_1224577872004904365710200.jpg?resize=768%2C1365 768w, https:\/\/i0.wp.com\/itineraires.sudvelo.com\/miles\/wp-content\/uploads\/2025\/06\/20250619_1224577872004904365710200.jpg?resize=864%2C1536 864w, https:\/\/i0.wp.com\/itineraires.sudvelo.com\/miles\/wp-content\/uploads\/2025\/06\/20250619_1224577872004904365710200.jpg?w=1134 1134w\" sizes=\"(max-width: 576px) 100vw, 576px\" \/><\/figure>\n\n\n\n<figure class=\"wp-block-image size-large\"><img data-recalc-dims=\"1\" loading=\"lazy\" decoding=\"async\" width=\"576\" height=\"1024\" data-attachment-id=\"4932\" data-permalink=\"http:\/\/itineraires.sudvelo.com\/miles\/2025\/06\/19\/repos\/20250619_1228186164643375016513879\/\" data-orig-file=\"https:\/\/i0.wp.com\/itineraires.sudvelo.com\/miles\/wp-content\/uploads\/2025\/06\/20250619_1228186164643375016513879.jpg?fit=1134%2C2016\" data-orig-size=\"1134,2016\" data-comments-opened=\"1\" data-image-meta=\"{&quot;aperture&quot;:&quot;1.8&quot;,&quot;credit&quot;:&quot;&quot;,&quot;camera&quot;:&quot;SM-G991U1&quot;,&quot;caption&quot;:&quot;&quot;,&quot;created_timestamp&quot;:&quot;1750336098&quot;,&quot;copyright&quot;:&quot;&quot;,&quot;focal_length&quot;:&quot;5.4&quot;,&quot;iso&quot;:&quot;40&quot;,&quot;shutter_speed&quot;:&quot;0.0025113939965425&quot;,&quot;title&quot;:&quot;&quot;,&quot;orientation&quot;:&quot;1&quot;}\" data-image-title=\"20250619_1228186164643375016513879\" data-image-description=\"\" data-image-caption=\"\" data-medium-file=\"https:\/\/i0.wp.com\/itineraires.sudvelo.com\/miles\/wp-content\/uploads\/2025\/06\/20250619_1228186164643375016513879.jpg?fit=169%2C300\" data-large-file=\"https:\/\/i0.wp.com\/itineraires.sudvelo.com\/miles\/wp-content\/uploads\/2025\/06\/20250619_1228186164643375016513879.jpg?fit=576%2C1024\" tabindex=\"0\" role=\"button\" data-id=\"4932\" src=\"https:\/\/i0.wp.com\/itineraires.sudvelo.com\/miles\/wp-content\/uploads\/2025\/06\/20250619_1228186164643375016513879-576x1024.jpg?resize=576%2C1024&#038;ssl=1\" alt=\"\" class=\"wp-image-4932\" srcset=\"https:\/\/i0.wp.com\/itineraires.sudvelo.com\/miles\/wp-content\/uploads\/2025\/06\/20250619_1228186164643375016513879.jpg?resize=576%2C1024 576w, https:\/\/i0.wp.com\/itineraires.sudvelo.com\/miles\/wp-content\/uploads\/2025\/06\/20250619_1228186164643375016513879.jpg?resize=169%2C300 169w, https:\/\/i0.wp.com\/itineraires.sudvelo.com\/miles\/wp-content\/uploads\/2025\/06\/20250619_1228186164643375016513879.jpg?resize=768%2C1365 768w, https:\/\/i0.wp.com\/itineraires.sudvelo.com\/miles\/wp-content\/uploads\/2025\/06\/20250619_1228186164643375016513879.jpg?resize=864%2C1536 864w, https:\/\/i0.wp.com\/itineraires.sudvelo.com\/miles\/wp-content\/uploads\/2025\/06\/20250619_1228186164643375016513879.jpg?w=1134 1134w\" sizes=\"(max-width: 576px) 100vw, 576px\" \/><\/figure>\n\n\n\n<figure class=\"wp-block-image size-large\"><img data-recalc-dims=\"1\" loading=\"lazy\" decoding=\"async\" width=\"576\" height=\"1024\" data-attachment-id=\"4936\" data-permalink=\"http:\/\/itineraires.sudvelo.com\/miles\/2025\/06\/19\/repos\/20250619_1310268872152389516033421\/\" data-orig-file=\"https:\/\/i0.wp.com\/itineraires.sudvelo.com\/miles\/wp-content\/uploads\/2025\/06\/20250619_1310268872152389516033421.jpg?fit=1134%2C2016\" data-orig-size=\"1134,2016\" data-comments-opened=\"1\" data-image-meta=\"{&quot;aperture&quot;:&quot;2.2&quot;,&quot;credit&quot;:&quot;&quot;,&quot;camera&quot;:&quot;SM-G991U1&quot;,&quot;caption&quot;:&quot;&quot;,&quot;created_timestamp&quot;:&quot;1750338626&quot;,&quot;copyright&quot;:&quot;&quot;,&quot;focal_length&quot;:&quot;2.2&quot;,&quot;iso&quot;:&quot;50&quot;,&quot;shutter_speed&quot;:&quot;0.0014145690051041&quot;,&quot;title&quot;:&quot;&quot;,&quot;orientation&quot;:&quot;1&quot;}\" data-image-title=\"20250619_1310268872152389516033421\" data-image-description=\"\" data-image-caption=\"\" data-medium-file=\"https:\/\/i0.wp.com\/itineraires.sudvelo.com\/miles\/wp-content\/uploads\/2025\/06\/20250619_1310268872152389516033421.jpg?fit=169%2C300\" data-large-file=\"https:\/\/i0.wp.com\/itineraires.sudvelo.com\/miles\/wp-content\/uploads\/2025\/06\/20250619_1310268872152389516033421.jpg?fit=576%2C1024\" tabindex=\"0\" role=\"button\" data-id=\"4936\" src=\"https:\/\/i0.wp.com\/itineraires.sudvelo.com\/miles\/wp-content\/uploads\/2025\/06\/20250619_1310268872152389516033421-576x1024.jpg?resize=576%2C1024&#038;ssl=1\" alt=\"\" class=\"wp-image-4936\" srcset=\"https:\/\/i0.wp.com\/itineraires.sudvelo.com\/miles\/wp-content\/uploads\/2025\/06\/20250619_1310268872152389516033421.jpg?resize=576%2C1024 576w, https:\/\/i0.wp.com\/itineraires.sudvelo.com\/miles\/wp-content\/uploads\/2025\/06\/20250619_1310268872152389516033421.jpg?resize=169%2C300 169w, https:\/\/i0.wp.com\/itineraires.sudvelo.com\/miles\/wp-content\/uploads\/2025\/06\/20250619_1310268872152389516033421.jpg?resize=768%2C1365 768w, https:\/\/i0.wp.com\/itineraires.sudvelo.com\/miles\/wp-content\/uploads\/2025\/06\/20250619_1310268872152389516033421.jpg?resize=864%2C1536 864w, https:\/\/i0.wp.com\/itineraires.sudvelo.com\/miles\/wp-content\/uploads\/2025\/06\/20250619_1310268872152389516033421.jpg?w=1134 1134w\" sizes=\"(max-width: 576px) 100vw, 576px\" \/><\/figure>\n\n\n\n<figure class=\"wp-block-image size-large\"><img data-recalc-dims=\"1\" loading=\"lazy\" decoding=\"async\" width=\"576\" height=\"1024\" data-attachment-id=\"4934\" data-permalink=\"http:\/\/itineraires.sudvelo.com\/miles\/2025\/06\/19\/repos\/20250619_1229341953003044522942647\/\" data-orig-file=\"https:\/\/i0.wp.com\/itineraires.sudvelo.com\/miles\/wp-content\/uploads\/2025\/06\/20250619_1229341953003044522942647.jpg?fit=1134%2C2016\" data-orig-size=\"1134,2016\" data-comments-opened=\"1\" data-image-meta=\"{&quot;aperture&quot;:&quot;1.8&quot;,&quot;credit&quot;:&quot;&quot;,&quot;camera&quot;:&quot;SM-G991U1&quot;,&quot;caption&quot;:&quot;&quot;,&quot;created_timestamp&quot;:&quot;1750336174&quot;,&quot;copyright&quot;:&quot;&quot;,&quot;focal_length&quot;:&quot;5.4&quot;,&quot;iso&quot;:&quot;40&quot;,&quot;shutter_speed&quot;:&quot;0.0021118219989543&quot;,&quot;title&quot;:&quot;&quot;,&quot;orientation&quot;:&quot;1&quot;}\" data-image-title=\"20250619_1229341953003044522942647\" data-image-description=\"\" data-image-caption=\"\" data-medium-file=\"https:\/\/i0.wp.com\/itineraires.sudvelo.com\/miles\/wp-content\/uploads\/2025\/06\/20250619_1229341953003044522942647.jpg?fit=169%2C300\" data-large-file=\"https:\/\/i0.wp.com\/itineraires.sudvelo.com\/miles\/wp-content\/uploads\/2025\/06\/20250619_1229341953003044522942647.jpg?fit=576%2C1024\" tabindex=\"0\" role=\"button\" data-id=\"4934\" src=\"https:\/\/i0.wp.com\/itineraires.sudvelo.com\/miles\/wp-content\/uploads\/2025\/06\/20250619_1229341953003044522942647-576x1024.jpg?resize=576%2C1024&#038;ssl=1\" alt=\"\" class=\"wp-image-4934\" srcset=\"https:\/\/i0.wp.com\/itineraires.sudvelo.com\/miles\/wp-content\/uploads\/2025\/06\/20250619_1229341953003044522942647.jpg?resize=576%2C1024 576w, https:\/\/i0.wp.com\/itineraires.sudvelo.com\/miles\/wp-content\/uploads\/2025\/06\/20250619_1229341953003044522942647.jpg?resize=169%2C300 169w, https:\/\/i0.wp.com\/itineraires.sudvelo.com\/miles\/wp-content\/uploads\/2025\/06\/20250619_1229341953003044522942647.jpg?resize=768%2C1365 768w, https:\/\/i0.wp.com\/itineraires.sudvelo.com\/miles\/wp-content\/uploads\/2025\/06\/20250619_1229341953003044522942647.jpg?resize=864%2C1536 864w, https:\/\/i0.wp.com\/itineraires.sudvelo.com\/miles\/wp-content\/uploads\/2025\/06\/20250619_1229341953003044522942647.jpg?w=1134 1134w\" sizes=\"(max-width: 576px) 100vw, 576px\" \/><\/figure>\n\n\n\n<figure class=\"wp-block-image size-large\"><img data-recalc-dims=\"1\" loading=\"lazy\" decoding=\"async\" width=\"576\" height=\"1024\" data-attachment-id=\"4935\" data-permalink=\"http:\/\/itineraires.sudvelo.com\/miles\/2025\/06\/19\/repos\/20250619_1225344169775380642324431\/\" data-orig-file=\"https:\/\/i0.wp.com\/itineraires.sudvelo.com\/miles\/wp-content\/uploads\/2025\/06\/20250619_1225344169775380642324431.jpg?fit=1134%2C2016\" data-orig-size=\"1134,2016\" data-comments-opened=\"1\" data-image-meta=\"{&quot;aperture&quot;:&quot;1.8&quot;,&quot;credit&quot;:&quot;&quot;,&quot;camera&quot;:&quot;SM-G991U1&quot;,&quot;caption&quot;:&quot;&quot;,&quot;created_timestamp&quot;:&quot;1750335934&quot;,&quot;copyright&quot;:&quot;&quot;,&quot;focal_length&quot;:&quot;5.4&quot;,&quot;iso&quot;:&quot;40&quot;,&quot;shutter_speed&quot;:&quot;0.00077339000376607&quot;,&quot;title&quot;:&quot;&quot;,&quot;orientation&quot;:&quot;1&quot;}\" data-image-title=\"20250619_1225344169775380642324431\" data-image-description=\"\" data-image-caption=\"\" data-medium-file=\"https:\/\/i0.wp.com\/itineraires.sudvelo.com\/miles\/wp-content\/uploads\/2025\/06\/20250619_1225344169775380642324431.jpg?fit=169%2C300\" data-large-file=\"https:\/\/i0.wp.com\/itineraires.sudvelo.com\/miles\/wp-content\/uploads\/2025\/06\/20250619_1225344169775380642324431.jpg?fit=576%2C1024\" tabindex=\"0\" role=\"button\" data-id=\"4935\" src=\"https:\/\/i0.wp.com\/itineraires.sudvelo.com\/miles\/wp-content\/uploads\/2025\/06\/20250619_1225344169775380642324431-576x1024.jpg?resize=576%2C1024&#038;ssl=1\" alt=\"\" class=\"wp-image-4935\" srcset=\"https:\/\/i0.wp.com\/itineraires.sudvelo.com\/miles\/wp-content\/uploads\/2025\/06\/20250619_1225344169775380642324431.jpg?resize=576%2C1024 576w, https:\/\/i0.wp.com\/itineraires.sudvelo.com\/miles\/wp-content\/uploads\/2025\/06\/20250619_1225344169775380642324431.jpg?resize=169%2C300 169w, https:\/\/i0.wp.com\/itineraires.sudvelo.com\/miles\/wp-content\/uploads\/2025\/06\/20250619_1225344169775380642324431.jpg?resize=768%2C1365 768w, https:\/\/i0.wp.com\/itineraires.sudvelo.com\/miles\/wp-content\/uploads\/2025\/06\/20250619_1225344169775380642324431.jpg?resize=864%2C1536 864w, https:\/\/i0.wp.com\/itineraires.sudvelo.com\/miles\/wp-content\/uploads\/2025\/06\/20250619_1225344169775380642324431.jpg?w=1134 1134w\" sizes=\"(max-width: 576px) 100vw, 576px\" \/><\/figure>\n\n\n\n<figure class=\"wp-block-image size-large\"><img data-recalc-dims=\"1\" loading=\"lazy\" decoding=\"async\" width=\"576\" height=\"1024\" data-attachment-id=\"4938\" data-permalink=\"http:\/\/itineraires.sudvelo.com\/miles\/2025\/06\/19\/repos\/20250619_1313151190147583703509804\/\" data-orig-file=\"https:\/\/i0.wp.com\/itineraires.sudvelo.com\/miles\/wp-content\/uploads\/2025\/06\/20250619_1313151190147583703509804.jpg?fit=1134%2C2016\" data-orig-size=\"1134,2016\" data-comments-opened=\"1\" data-image-meta=\"{&quot;aperture&quot;:&quot;1.8&quot;,&quot;credit&quot;:&quot;&quot;,&quot;camera&quot;:&quot;SM-G991U1&quot;,&quot;caption&quot;:&quot;&quot;,&quot;created_timestamp&quot;:&quot;1750338795&quot;,&quot;copyright&quot;:&quot;&quot;,&quot;focal_length&quot;:&quot;5.4&quot;,&quot;iso&quot;:&quot;40&quot;,&quot;shutter_speed&quot;:&quot;0.00068467300210966&quot;,&quot;title&quot;:&quot;&quot;,&quot;orientation&quot;:&quot;1&quot;}\" data-image-title=\"20250619_1313151190147583703509804\" data-image-description=\"\" data-image-caption=\"\" data-medium-file=\"https:\/\/i0.wp.com\/itineraires.sudvelo.com\/miles\/wp-content\/uploads\/2025\/06\/20250619_1313151190147583703509804.jpg?fit=169%2C300\" data-large-file=\"https:\/\/i0.wp.com\/itineraires.sudvelo.com\/miles\/wp-content\/uploads\/2025\/06\/20250619_1313151190147583703509804.jpg?fit=576%2C1024\" tabindex=\"0\" role=\"button\" data-id=\"4938\" src=\"https:\/\/i0.wp.com\/itineraires.sudvelo.com\/miles\/wp-content\/uploads\/2025\/06\/20250619_1313151190147583703509804-576x1024.jpg?resize=576%2C1024&#038;ssl=1\" alt=\"\" class=\"wp-image-4938\" srcset=\"https:\/\/i0.wp.com\/itineraires.sudvelo.com\/miles\/wp-content\/uploads\/2025\/06\/20250619_1313151190147583703509804.jpg?resize=576%2C1024 576w, https:\/\/i0.wp.com\/itineraires.sudvelo.com\/miles\/wp-content\/uploads\/2025\/06\/20250619_1313151190147583703509804.jpg?resize=169%2C300 169w, https:\/\/i0.wp.com\/itineraires.sudvelo.com\/miles\/wp-content\/uploads\/2025\/06\/20250619_1313151190147583703509804.jpg?resize=768%2C1365 768w, https:\/\/i0.wp.com\/itineraires.sudvelo.com\/miles\/wp-content\/uploads\/2025\/06\/20250619_1313151190147583703509804.jpg?resize=864%2C1536 864w, https:\/\/i0.wp.com\/itineraires.sudvelo.com\/miles\/wp-content\/uploads\/2025\/06\/20250619_1313151190147583703509804.jpg?w=1134 1134w\" sizes=\"(max-width: 576px) 100vw, 576px\" \/><\/figure>\n\n\n\n<figure class=\"wp-block-image size-large\"><img data-recalc-dims=\"1\" loading=\"lazy\" decoding=\"async\" width=\"576\" height=\"1024\" data-attachment-id=\"4937\" data-permalink=\"http:\/\/itineraires.sudvelo.com\/miles\/2025\/06\/19\/repos\/20250619_1228381625746123575165189\/\" data-orig-file=\"https:\/\/i0.wp.com\/itineraires.sudvelo.com\/miles\/wp-content\/uploads\/2025\/06\/20250619_1228381625746123575165189.jpg?fit=1134%2C2016\" data-orig-size=\"1134,2016\" data-comments-opened=\"1\" data-image-meta=\"{&quot;aperture&quot;:&quot;1.8&quot;,&quot;credit&quot;:&quot;&quot;,&quot;camera&quot;:&quot;SM-G991U1&quot;,&quot;caption&quot;:&quot;&quot;,&quot;created_timestamp&quot;:&quot;1750336118&quot;,&quot;copyright&quot;:&quot;&quot;,&quot;focal_length&quot;:&quot;5.4&quot;,&quot;iso&quot;:&quot;40&quot;,&quot;shutter_speed&quot;:&quot;0.0010559109988645&quot;,&quot;title&quot;:&quot;&quot;,&quot;orientation&quot;:&quot;1&quot;}\" data-image-title=\"20250619_1228381625746123575165189\" data-image-description=\"\" data-image-caption=\"\" data-medium-file=\"https:\/\/i0.wp.com\/itineraires.sudvelo.com\/miles\/wp-content\/uploads\/2025\/06\/20250619_1228381625746123575165189.jpg?fit=169%2C300\" data-large-file=\"https:\/\/i0.wp.com\/itineraires.sudvelo.com\/miles\/wp-content\/uploads\/2025\/06\/20250619_1228381625746123575165189.jpg?fit=576%2C1024\" tabindex=\"0\" role=\"button\" data-id=\"4937\" src=\"https:\/\/i0.wp.com\/itineraires.sudvelo.com\/miles\/wp-content\/uploads\/2025\/06\/20250619_1228381625746123575165189-576x1024.jpg?resize=576%2C1024&#038;ssl=1\" alt=\"\" class=\"wp-image-4937\" srcset=\"https:\/\/i0.wp.com\/itineraires.sudvelo.com\/miles\/wp-content\/uploads\/2025\/06\/20250619_1228381625746123575165189.jpg?resize=576%2C1024 576w, https:\/\/i0.wp.com\/itineraires.sudvelo.com\/miles\/wp-content\/uploads\/2025\/06\/20250619_1228381625746123575165189.jpg?resize=169%2C300 169w, https:\/\/i0.wp.com\/itineraires.sudvelo.com\/miles\/wp-content\/uploads\/2025\/06\/20250619_1228381625746123575165189.jpg?resize=768%2C1365 768w, https:\/\/i0.wp.com\/itineraires.sudvelo.com\/miles\/wp-content\/uploads\/2025\/06\/20250619_1228381625746123575165189.jpg?resize=864%2C1536 864w, https:\/\/i0.wp.com\/itineraires.sudvelo.com\/miles\/wp-content\/uploads\/2025\/06\/20250619_1228381625746123575165189.jpg?w=1134 1134w\" sizes=\"(max-width: 576px) 100vw, 576px\" \/><\/figure>\n\n\n\n<figure class=\"wp-block-image size-large\"><img data-recalc-dims=\"1\" loading=\"lazy\" decoding=\"async\" width=\"610\" height=\"895\" data-attachment-id=\"4940\" data-permalink=\"http:\/\/itineraires.sudvelo.com\/miles\/2025\/06\/19\/repos\/img-20250618-wa00174261334598348562913\/\" data-orig-file=\"https:\/\/i0.wp.com\/itineraires.sudvelo.com\/miles\/wp-content\/uploads\/2025\/06\/img-20250618-wa00174261334598348562913.jpg?fit=1364%2C2000\" data-orig-size=\"1364,2000\" data-comments-opened=\"1\" data-image-meta=\"{&quot;aperture&quot;:&quot;0&quot;,&quot;credit&quot;:&quot;&quot;,&quot;camera&quot;:&quot;&quot;,&quot;caption&quot;:&quot;&quot;,&quot;created_timestamp&quot;:&quot;0&quot;,&quot;copyright&quot;:&quot;&quot;,&quot;focal_length&quot;:&quot;0&quot;,&quot;iso&quot;:&quot;0&quot;,&quot;shutter_speed&quot;:&quot;0&quot;,&quot;title&quot;:&quot;&quot;,&quot;orientation&quot;:&quot;1&quot;}\" data-image-title=\"img-20250618-wa00174261334598348562913\" data-image-description=\"\" data-image-caption=\"\" data-medium-file=\"https:\/\/i0.wp.com\/itineraires.sudvelo.com\/miles\/wp-content\/uploads\/2025\/06\/img-20250618-wa00174261334598348562913.jpg?fit=205%2C300\" data-large-file=\"https:\/\/i0.wp.com\/itineraires.sudvelo.com\/miles\/wp-content\/uploads\/2025\/06\/img-20250618-wa00174261334598348562913.jpg?fit=610%2C895\" tabindex=\"0\" role=\"button\" data-id=\"4940\" src=\"https:\/\/i0.wp.com\/itineraires.sudvelo.com\/miles\/wp-content\/uploads\/2025\/06\/img-20250618-wa00174261334598348562913-698x1024.jpg?resize=610%2C895&#038;ssl=1\" alt=\"\" class=\"wp-image-4940\" srcset=\"https:\/\/i0.wp.com\/itineraires.sudvelo.com\/miles\/wp-content\/uploads\/2025\/06\/img-20250618-wa00174261334598348562913.jpg?resize=698%2C1024 698w, https:\/\/i0.wp.com\/itineraires.sudvelo.com\/miles\/wp-content\/uploads\/2025\/06\/img-20250618-wa00174261334598348562913.jpg?resize=205%2C300 205w, https:\/\/i0.wp.com\/itineraires.sudvelo.com\/miles\/wp-content\/uploads\/2025\/06\/img-20250618-wa00174261334598348562913.jpg?resize=768%2C1126 768w, https:\/\/i0.wp.com\/itineraires.sudvelo.com\/miles\/wp-content\/uploads\/2025\/06\/img-20250618-wa00174261334598348562913.jpg?resize=1048%2C1536 1048w, https:\/\/i0.wp.com\/itineraires.sudvelo.com\/miles\/wp-content\/uploads\/2025\/06\/img-20250618-wa00174261334598348562913.jpg?w=1364 1364w, https:\/\/i0.wp.com\/itineraires.sudvelo.com\/miles\/wp-content\/uploads\/2025\/06\/img-20250618-wa00174261334598348562913.jpg?w=1220 1220w\" sizes=\"(max-width: 610px) 100vw, 610px\" \/><\/figure>\n\n\n\n<figure class=\"wp-block-image size-large\"><img data-recalc-dims=\"1\" loading=\"lazy\" decoding=\"async\" width=\"610\" height=\"343\" data-attachment-id=\"4939\" data-permalink=\"http:\/\/itineraires.sudvelo.com\/miles\/2025\/06\/19\/repos\/20250618_2101517882862685904224627\/\" data-orig-file=\"https:\/\/i0.wp.com\/itineraires.sudvelo.com\/miles\/wp-content\/uploads\/2025\/06\/20250618_2101517882862685904224627.jpg?fit=2000%2C1125\" data-orig-size=\"2000,1125\" data-comments-opened=\"1\" data-image-meta=\"{&quot;aperture&quot;:&quot;1.8&quot;,&quot;credit&quot;:&quot;&quot;,&quot;camera&quot;:&quot;SM-G991U1&quot;,&quot;caption&quot;:&quot;&quot;,&quot;created_timestamp&quot;:&quot;1750280511&quot;,&quot;copyright&quot;:&quot;&quot;,&quot;focal_length&quot;:&quot;5.4&quot;,&quot;iso&quot;:&quot;40&quot;,&quot;shutter_speed&quot;:&quot;0.0027700831024931&quot;,&quot;title&quot;:&quot;&quot;,&quot;orientation&quot;:&quot;1&quot;}\" data-image-title=\"20250618_2101517882862685904224627\" data-image-description=\"\" data-image-caption=\"\" data-medium-file=\"https:\/\/i0.wp.com\/itineraires.sudvelo.com\/miles\/wp-content\/uploads\/2025\/06\/20250618_2101517882862685904224627.jpg?fit=300%2C169\" data-large-file=\"https:\/\/i0.wp.com\/itineraires.sudvelo.com\/miles\/wp-content\/uploads\/2025\/06\/20250618_2101517882862685904224627.jpg?fit=610%2C343\" tabindex=\"0\" role=\"button\" data-id=\"4939\" src=\"https:\/\/i0.wp.com\/itineraires.sudvelo.com\/miles\/wp-content\/uploads\/2025\/06\/20250618_2101517882862685904224627-1024x576.jpg?resize=610%2C343&#038;ssl=1\" alt=\"\" class=\"wp-image-4939\" srcset=\"https:\/\/i0.wp.com\/itineraires.sudvelo.com\/miles\/wp-content\/uploads\/2025\/06\/20250618_2101517882862685904224627.jpg?resize=1024%2C576 1024w, https:\/\/i0.wp.com\/itineraires.sudvelo.com\/miles\/wp-content\/uploads\/2025\/06\/20250618_2101517882862685904224627.jpg?resize=300%2C169 300w, https:\/\/i0.wp.com\/itineraires.sudvelo.com\/miles\/wp-content\/uploads\/2025\/06\/20250618_2101517882862685904224627.jpg?resize=768%2C432 768w, https:\/\/i0.wp.com\/itineraires.sudvelo.com\/miles\/wp-content\/uploads\/2025\/06\/20250618_2101517882862685904224627.jpg?resize=1536%2C864 1536w, https:\/\/i0.wp.com\/itineraires.sudvelo.com\/miles\/wp-content\/uploads\/2025\/06\/20250618_2101517882862685904224627.jpg?w=2000 2000w, https:\/\/i0.wp.com\/itineraires.sudvelo.com\/miles\/wp-content\/uploads\/2025\/06\/20250618_2101517882862685904224627.jpg?w=1220 1220w, https:\/\/i0.wp.com\/itineraires.sudvelo.com\/miles\/wp-content\/uploads\/2025\/06\/20250618_2101517882862685904224627.jpg?w=1830 1830w\" sizes=\"(max-width: 610px) 100vw, 610px\" \/><\/figure>\n<\/figure>\n\n\n\n<p>Demain on remonte sur les v\u00e9los, direction Patrimonio. On ne picolera pas trop, promis (le vin y est bon parait-il). Ce sera l&rsquo;avant derni\u00e8re \u00e9tape corse. <\/p>\n\n\n\n<p>Bye<\/p>\n\n\n\n<figure class=\"wp-block-gallery has-nested-images columns-default is-cropped wp-block-gallery-2 is-layout-flex wp-block-gallery-is-layout-flex\">\n<figure class=\"wp-block-image size-large\"><img data-recalc-dims=\"1\" loading=\"lazy\" decoding=\"async\" width=\"610\" height=\"458\" data-attachment-id=\"4945\" data-permalink=\"http:\/\/itineraires.sudvelo.com\/miles\/2025\/06\/19\/repos\/un-cyclotouriste-avec-son-velo-a-sacoches-avec-beaucoup-de\/\" data-orig-file=\"https:\/\/i0.wp.com\/itineraires.sudvelo.com\/miles\/wp-content\/uploads\/2025\/06\/un-cyclotouriste-avec-son-velo-a-sacoches-avec-beaucoup-de.png?fit=1024%2C768\" data-orig-size=\"1024,768\" data-comments-opened=\"1\" data-image-meta=\"{&quot;aperture&quot;:&quot;0&quot;,&quot;credit&quot;:&quot;&quot;,&quot;camera&quot;:&quot;&quot;,&quot;caption&quot;:&quot;&quot;,&quot;created_timestamp&quot;:&quot;0&quot;,&quot;copyright&quot;:&quot;&quot;,&quot;focal_length&quot;:&quot;0&quot;,&quot;iso&quot;:&quot;0&quot;,&quot;shutter_speed&quot;:&quot;0&quot;,&quot;title&quot;:&quot;&quot;,&quot;orientation&quot;:&quot;0&quot;}\" data-image-title=\"un-cyclotouriste-avec-son-velo-a-sacoches-avec-beaucoup-de\" data-image-description=\"\" data-image-caption=\"\" data-medium-file=\"https:\/\/i0.wp.com\/itineraires.sudvelo.com\/miles\/wp-content\/uploads\/2025\/06\/un-cyclotouriste-avec-son-velo-a-sacoches-avec-beaucoup-de.png?fit=300%2C225\" data-large-file=\"https:\/\/i0.wp.com\/itineraires.sudvelo.com\/miles\/wp-content\/uploads\/2025\/06\/un-cyclotouriste-avec-son-velo-a-sacoches-avec-beaucoup-de.png?fit=610%2C458\" tabindex=\"0\" role=\"button\" data-id=\"4945\" src=\"https:\/\/i0.wp.com\/itineraires.sudvelo.com\/miles\/wp-content\/uploads\/2025\/06\/un-cyclotouriste-avec-son-velo-a-sacoches-avec-beaucoup-de.png?resize=610%2C458&#038;ssl=1\" alt=\"\" class=\"wp-image-4945\" srcset=\"https:\/\/i0.wp.com\/itineraires.sudvelo.com\/miles\/wp-content\/uploads\/2025\/06\/un-cyclotouriste-avec-son-velo-a-sacoches-avec-beaucoup-de.png?w=1024 1024w, https:\/\/i0.wp.com\/itineraires.sudvelo.com\/miles\/wp-content\/uploads\/2025\/06\/un-cyclotouriste-avec-son-velo-a-sacoches-avec-beaucoup-de.png?resize=300%2C225 300w, https:\/\/i0.wp.com\/itineraires.sudvelo.com\/miles\/wp-content\/uploads\/2025\/06\/un-cyclotouriste-avec-son-velo-a-sacoches-avec-beaucoup-de.png?resize=768%2C576 768w\" sizes=\"(max-width: 610px) 100vw, 610px\" \/><\/figure>\n<\/figure>\n\n\n\n<p><\/p>\n","protected":false},"excerpt":{"rendered":"<p>La chenille du bombyx disparate se transforme en papillon en ce moment, ce qui mettra fin rapidement au cycle de sa reproduction et de ce fait \u00e0 la&nbsp; destruction d&rsquo;une partie de la for\u00eat corse, qu&rsquo;il d\u00e9vore goulument avant l&rsquo;\u00e9t\u00e9, quelques ann\u00e9es d&rsquo;affil\u00e9, avant de dispara\u00eetre parfois 10ans, puis de r\u00e9appara\u00eetre et de recommencer son [&hellip;]<\/p>\n","protected":false},"author":2,"featured_media":0,"comment_status":"open","ping_status":"open","sticky":false,"template":"","format":"aside","meta":{"jetpack_post_was_ever_published":false,"_jetpack_newsletter_access":"","_jetpack_dont_email_post_to_subs":false,"_jetpack_newsletter_tier_id":0,"_jetpack_memberships_contains_paywalled_content":false,"_jetpack_memberships_contains_paid_content":false,"footnotes":"","jetpack_publicize_message":"","jetpack_publicize_feature_enabled":true,"jetpack_social_post_already_shared":true,"jetpack_social_options":{"image_generator_settings":{"template":"highway","enabled":false},"version":2}},"categories":[61],"tags":[],"class_list":["post-4943","post","type-post","status-publish","format-aside","hentry","category-toscaneetcorse","post_format-post-format-aside"],"jetpack_publicize_connections":[],"jetpack_featured_media_url":"","jetpack_sharing_enabled":true,"jetpack_shortlink":"https:\/\/wp.me\/s6ioUK-repos","jetpack_likes_enabled":true,"_links":{"self":[{"href":"http:\/\/itineraires.sudvelo.com\/miles\/wp-json\/wp\/v2\/posts\/4943"}],"collection":[{"href":"http:\/\/itineraires.sudvelo.com\/miles\/wp-json\/wp\/v2\/posts"}],"about":[{"href":"http:\/\/itineraires.sudvelo.com\/miles\/wp-json\/wp\/v2\/types\/post"}],"author":[{"embeddable":true,"href":"http:\/\/itineraires.sudvelo.com\/miles\/wp-json\/wp\/v2\/users\/2"}],"replies":[{"embeddable":true,"href":"http:\/\/itineraires.sudvelo.com\/miles\/wp-json\/wp\/v2\/comments?post=4943"}],"version-history":[{"count":4,"href":"http:\/\/itineraires.sudvelo.com\/miles\/wp-json\/wp\/v2\/posts\/4943\/revisions"}],"predecessor-version":[{"id":4948,"href":"http:\/\/itineraires.sudvelo.com\/miles\/wp-json\/wp\/v2\/posts\/4943\/revisions\/4948"}],"wp:attachment":[{"href":"http:\/\/itineraires.sudvelo.com\/miles\/wp-json\/wp\/v2\/media?parent=4943"}],"wp:term":[{"taxonomy":"category","embeddable":true,"href":"http:\/\/itineraires.sudvelo.com\/miles\/wp-json\/wp\/v2\/categories?post=4943"},{"taxonomy":"post_tag","embeddable":true,"href":"http:\/\/itineraires.sudvelo.com\/miles\/wp-json\/wp\/v2\/tags?post=4943"}],"curies":[{"name":"wp","href":"https:\/\/api.w.org\/{rel}","templated":true}]}}