{"id":4714,"date":"2024-06-15T17:25:47","date_gmt":"2024-06-15T16:25:47","guid":{"rendered":"https:\/\/itineraires.sudvelo.com\/miles\/2024\/06\/15\/de-cala-en-cala\/"},"modified":"2024-06-15T17:32:07","modified_gmt":"2024-06-15T16:32:07","slug":"de-cala-en-cala","status":"publish","type":"post","link":"http:\/\/itineraires.sudvelo.com\/miles\/2024\/06\/15\/de-cala-en-cala\/","title":{"rendered":"De cala en cala"},"content":{"rendered":"\n<p>Aujourd&rsquo;hui je loue le ciel d&rsquo;avoir 3 followers (et encore pas r\u00e9guliers) : je ne porterai pas atteinte aux merveilleux sites que nous avons travers\u00e9s avec mon amstramgram ou ma page Facebook, ou m\u00eame en publiant 3 photos ici sur itin\u00e9raires sudvelo&#8230; personne ne viendra m\u00eame si je conseille ces belles calanques Sardes.<\/p>\n\n\n\n<p>La cala luna se m\u00e9rite quand m\u00eame : 11km aller retour sur des chemins que je d\u00e9conseille fortement en baskets sans semelles (comme moi) car c&rsquo;est ultra douloureux pour les pieds, tr\u00e8s tr\u00e8s caillouteux. Beau petit d\u00e9nivel\u00e9 aussi (environ 500m) : \u00e7a monte et \u00e7a descend dans des vallons parfois escarp\u00e9s. Mais la r\u00e9compense est l\u00e0 : magnifique plage de cala luna, eau turquoise ou \u00e9meraude c&rsquo;est selon le soleil. Un peu de monde mais \u00e7a va&#8230; des bateaux am\u00e8nent des hordes de baigneurs&#8230; mais \u00e7a va&#8230; (disons que ce n&rsquo;est pas encore la pleine saison). Vous pouvez d&rsquo;ailleurs rentrer en bateau (20\u20ac), si les 5km de retour vous rebutent&#8230; mais nous non, on a souffert mais on l&rsquo;a fait&#8230; j&rsquo;en ai d\u00e9chir\u00e9 mes baskets d&rsquo;int\u00e9rieur.<\/p>\n\n\n\n<p>Quelques photos et je coupe, on va faire des courses.<\/p>\n\n\n\n<figure class=\"wp-block-image size-large\"><img loading=\"lazy\" decoding=\"async\" width=\"2000\" height=\"1500\" data-attachment-id=\"4715\" data-permalink=\"http:\/\/itineraires.sudvelo.com\/miles\/2024\/06\/15\/de-cala-en-cala\/20240615_1059572529497198001813260\/\" data-orig-file=\"https:\/\/i0.wp.com\/itineraires.sudvelo.com\/miles\/wp-content\/uploads\/2024\/06\/20240615_1059572529497198001813260.jpg?fit=2000%2C1500\" data-orig-size=\"2000,1500\" data-comments-opened=\"1\" data-image-meta=\"{&quot;aperture&quot;:&quot;0&quot;,&quot;credit&quot;:&quot;&quot;,&quot;camera&quot;:&quot;&quot;,&quot;caption&quot;:&quot;&quot;,&quot;created_timestamp&quot;:&quot;0&quot;,&quot;copyright&quot;:&quot;&quot;,&quot;focal_length&quot;:&quot;0&quot;,&quot;iso&quot;:&quot;0&quot;,&quot;shutter_speed&quot;:&quot;0&quot;,&quot;title&quot;:&quot;&quot;,&quot;orientation&quot;:&quot;0&quot;}\" data-image-title=\"20240615_1059572529497198001813260\" data-image-description=\"\" data-image-caption=\"\" data-medium-file=\"https:\/\/i0.wp.com\/itineraires.sudvelo.com\/miles\/wp-content\/uploads\/2024\/06\/20240615_1059572529497198001813260.jpg?fit=300%2C225\" data-large-file=\"https:\/\/i0.wp.com\/itineraires.sudvelo.com\/miles\/wp-content\/uploads\/2024\/06\/20240615_1059572529497198001813260.jpg?fit=610%2C458\" tabindex=\"0\" role=\"button\" src=\"https:\/\/i0.wp.com\/itineraires.sudvelo.com\/miles\/wp-content\/uploads\/2024\/06\/20240615_1059572529497198001813260.jpg?fit=474%2C356\" alt=\"\" class=\"wp-image-4715\" srcset=\"https:\/\/i0.wp.com\/itineraires.sudvelo.com\/miles\/wp-content\/uploads\/2024\/06\/20240615_1059572529497198001813260.jpg?w=2000 2000w, https:\/\/i0.wp.com\/itineraires.sudvelo.com\/miles\/wp-content\/uploads\/2024\/06\/20240615_1059572529497198001813260.jpg?resize=300%2C225 300w, https:\/\/i0.wp.com\/itineraires.sudvelo.com\/miles\/wp-content\/uploads\/2024\/06\/20240615_1059572529497198001813260.jpg?resize=1024%2C768 1024w, https:\/\/i0.wp.com\/itineraires.sudvelo.com\/miles\/wp-content\/uploads\/2024\/06\/20240615_1059572529497198001813260.jpg?resize=768%2C576 768w, https:\/\/i0.wp.com\/itineraires.sudvelo.com\/miles\/wp-content\/uploads\/2024\/06\/20240615_1059572529497198001813260.jpg?resize=1536%2C1152 1536w, https:\/\/i0.wp.com\/itineraires.sudvelo.com\/miles\/wp-content\/uploads\/2024\/06\/20240615_1059572529497198001813260.jpg?w=1220 1220w, https:\/\/i0.wp.com\/itineraires.sudvelo.com\/miles\/wp-content\/uploads\/2024\/06\/20240615_1059572529497198001813260.jpg?w=1830 1830w\" sizes=\"(max-width: 610px) 100vw, 610px\" \/><\/figure>\n\n\n\n<figure class=\"wp-block-image size-large\"><img loading=\"lazy\" decoding=\"async\" width=\"2000\" height=\"1500\" data-attachment-id=\"4716\" data-permalink=\"http:\/\/itineraires.sudvelo.com\/miles\/2024\/06\/15\/de-cala-en-cala\/20240615_111249602971266945311615\/\" data-orig-file=\"https:\/\/i0.wp.com\/itineraires.sudvelo.com\/miles\/wp-content\/uploads\/2024\/06\/20240615_111249602971266945311615.jpg?fit=2000%2C1500\" data-orig-size=\"2000,1500\" data-comments-opened=\"1\" data-image-meta=\"{&quot;aperture&quot;:&quot;0&quot;,&quot;credit&quot;:&quot;&quot;,&quot;camera&quot;:&quot;&quot;,&quot;caption&quot;:&quot;&quot;,&quot;created_timestamp&quot;:&quot;0&quot;,&quot;copyright&quot;:&quot;&quot;,&quot;focal_length&quot;:&quot;0&quot;,&quot;iso&quot;:&quot;0&quot;,&quot;shutter_speed&quot;:&quot;0&quot;,&quot;title&quot;:&quot;&quot;,&quot;orientation&quot;:&quot;0&quot;}\" data-image-title=\"20240615_111249602971266945311615\" data-image-description=\"\" data-image-caption=\"\" data-medium-file=\"https:\/\/i0.wp.com\/itineraires.sudvelo.com\/miles\/wp-content\/uploads\/2024\/06\/20240615_111249602971266945311615.jpg?fit=300%2C225\" data-large-file=\"https:\/\/i0.wp.com\/itineraires.sudvelo.com\/miles\/wp-content\/uploads\/2024\/06\/20240615_111249602971266945311615.jpg?fit=610%2C458\" tabindex=\"0\" role=\"button\" src=\"https:\/\/i1.wp.com\/itineraires.sudvelo.com\/miles\/wp-content\/uploads\/2024\/06\/20240615_111249602971266945311615.jpg?fit=474%2C356\" alt=\"\" class=\"wp-image-4716\" srcset=\"https:\/\/i0.wp.com\/itineraires.sudvelo.com\/miles\/wp-content\/uploads\/2024\/06\/20240615_111249602971266945311615.jpg?w=2000 2000w, https:\/\/i0.wp.com\/itineraires.sudvelo.com\/miles\/wp-content\/uploads\/2024\/06\/20240615_111249602971266945311615.jpg?resize=300%2C225 300w, https:\/\/i0.wp.com\/itineraires.sudvelo.com\/miles\/wp-content\/uploads\/2024\/06\/20240615_111249602971266945311615.jpg?resize=1024%2C768 1024w, https:\/\/i0.wp.com\/itineraires.sudvelo.com\/miles\/wp-content\/uploads\/2024\/06\/20240615_111249602971266945311615.jpg?resize=768%2C576 768w, https:\/\/i0.wp.com\/itineraires.sudvelo.com\/miles\/wp-content\/uploads\/2024\/06\/20240615_111249602971266945311615.jpg?resize=1536%2C1152 1536w, https:\/\/i0.wp.com\/itineraires.sudvelo.com\/miles\/wp-content\/uploads\/2024\/06\/20240615_111249602971266945311615.jpg?w=1220 1220w, https:\/\/i0.wp.com\/itineraires.sudvelo.com\/miles\/wp-content\/uploads\/2024\/06\/20240615_111249602971266945311615.jpg?w=1830 1830w\" sizes=\"(max-width: 610px) 100vw, 610px\" \/><\/figure>\n\n\n\n<figure class=\"wp-block-image\"><img data-recalc-dims=\"1\" loading=\"lazy\" decoding=\"async\" width=\"610\" height=\"813\" data-attachment-id=\"4717\" data-permalink=\"http:\/\/itineraires.sudvelo.com\/miles\/2024\/06\/15\/de-cala-en-cala\/20240615_1041152410513054657585483\/\" data-orig-file=\"https:\/\/i0.wp.com\/itineraires.sudvelo.com\/miles\/wp-content\/uploads\/2024\/06\/20240615_1041152410513054657585483.jpg?fit=1512%2C2016\" data-orig-size=\"1512,2016\" data-comments-opened=\"1\" data-image-meta=\"{&quot;aperture&quot;:&quot;0&quot;,&quot;credit&quot;:&quot;&quot;,&quot;camera&quot;:&quot;&quot;,&quot;caption&quot;:&quot;&quot;,&quot;created_timestamp&quot;:&quot;0&quot;,&quot;copyright&quot;:&quot;&quot;,&quot;focal_length&quot;:&quot;0&quot;,&quot;iso&quot;:&quot;0&quot;,&quot;shutter_speed&quot;:&quot;0&quot;,&quot;title&quot;:&quot;&quot;,&quot;orientation&quot;:&quot;0&quot;}\" data-image-title=\"20240615_1041152410513054657585483\" data-image-description=\"\" data-image-caption=\"\" data-medium-file=\"https:\/\/i0.wp.com\/itineraires.sudvelo.com\/miles\/wp-content\/uploads\/2024\/06\/20240615_1041152410513054657585483.jpg?fit=225%2C300\" data-large-file=\"https:\/\/i0.wp.com\/itineraires.sudvelo.com\/miles\/wp-content\/uploads\/2024\/06\/20240615_1041152410513054657585483.jpg?fit=610%2C813\" tabindex=\"0\" role=\"button\" src=\"https:\/\/i0.wp.com\/itineraires.sudvelo.com\/miles\/wp-content\/uploads\/2024\/06\/20240615_1041152410513054657585483-768x1024.jpg?resize=610%2C813&#038;ssl=1\" alt=\"\" class=\"wp-image-4717\" srcset=\"https:\/\/i0.wp.com\/itineraires.sudvelo.com\/miles\/wp-content\/uploads\/2024\/06\/20240615_1041152410513054657585483.jpg?resize=768%2C1024 768w, https:\/\/i0.wp.com\/itineraires.sudvelo.com\/miles\/wp-content\/uploads\/2024\/06\/20240615_1041152410513054657585483.jpg?resize=225%2C300 225w, https:\/\/i0.wp.com\/itineraires.sudvelo.com\/miles\/wp-content\/uploads\/2024\/06\/20240615_1041152410513054657585483.jpg?resize=1152%2C1536 1152w, https:\/\/i0.wp.com\/itineraires.sudvelo.com\/miles\/wp-content\/uploads\/2024\/06\/20240615_1041152410513054657585483.jpg?w=1512 1512w, https:\/\/i0.wp.com\/itineraires.sudvelo.com\/miles\/wp-content\/uploads\/2024\/06\/20240615_1041152410513054657585483.jpg?w=1220 1220w\" sizes=\"(max-width: 610px) 100vw, 610px\" \/><\/figure>\n\n\n\n<figure class=\"wp-block-image size-large\"><img loading=\"lazy\" decoding=\"async\" width=\"2000\" height=\"1500\" data-attachment-id=\"4719\" data-permalink=\"http:\/\/itineraires.sudvelo.com\/miles\/2024\/06\/15\/de-cala-en-cala\/20240615_1051003135594529323364918\/\" data-orig-file=\"https:\/\/i0.wp.com\/itineraires.sudvelo.com\/miles\/wp-content\/uploads\/2024\/06\/20240615_1051003135594529323364918.jpg?fit=2000%2C1500\" data-orig-size=\"2000,1500\" data-comments-opened=\"1\" data-image-meta=\"{&quot;aperture&quot;:&quot;0&quot;,&quot;credit&quot;:&quot;&quot;,&quot;camera&quot;:&quot;&quot;,&quot;caption&quot;:&quot;&quot;,&quot;created_timestamp&quot;:&quot;0&quot;,&quot;copyright&quot;:&quot;&quot;,&quot;focal_length&quot;:&quot;0&quot;,&quot;iso&quot;:&quot;0&quot;,&quot;shutter_speed&quot;:&quot;0&quot;,&quot;title&quot;:&quot;&quot;,&quot;orientation&quot;:&quot;0&quot;}\" data-image-title=\"20240615_1051003135594529323364918\" data-image-description=\"\" data-image-caption=\"\" data-medium-file=\"https:\/\/i0.wp.com\/itineraires.sudvelo.com\/miles\/wp-content\/uploads\/2024\/06\/20240615_1051003135594529323364918.jpg?fit=300%2C225\" data-large-file=\"https:\/\/i0.wp.com\/itineraires.sudvelo.com\/miles\/wp-content\/uploads\/2024\/06\/20240615_1051003135594529323364918.jpg?fit=610%2C458\" tabindex=\"0\" role=\"button\" src=\"https:\/\/i1.wp.com\/itineraires.sudvelo.com\/miles\/wp-content\/uploads\/2024\/06\/20240615_1051003135594529323364918.jpg?fit=474%2C356\" alt=\"\" class=\"wp-image-4719\" srcset=\"https:\/\/i0.wp.com\/itineraires.sudvelo.com\/miles\/wp-content\/uploads\/2024\/06\/20240615_1051003135594529323364918.jpg?w=2000 2000w, https:\/\/i0.wp.com\/itineraires.sudvelo.com\/miles\/wp-content\/uploads\/2024\/06\/20240615_1051003135594529323364918.jpg?resize=300%2C225 300w, https:\/\/i0.wp.com\/itineraires.sudvelo.com\/miles\/wp-content\/uploads\/2024\/06\/20240615_1051003135594529323364918.jpg?resize=1024%2C768 1024w, https:\/\/i0.wp.com\/itineraires.sudvelo.com\/miles\/wp-content\/uploads\/2024\/06\/20240615_1051003135594529323364918.jpg?resize=768%2C576 768w, https:\/\/i0.wp.com\/itineraires.sudvelo.com\/miles\/wp-content\/uploads\/2024\/06\/20240615_1051003135594529323364918.jpg?resize=1536%2C1152 1536w, https:\/\/i0.wp.com\/itineraires.sudvelo.com\/miles\/wp-content\/uploads\/2024\/06\/20240615_1051003135594529323364918.jpg?w=1220 1220w, https:\/\/i0.wp.com\/itineraires.sudvelo.com\/miles\/wp-content\/uploads\/2024\/06\/20240615_1051003135594529323364918.jpg?w=1830 1830w\" sizes=\"(max-width: 610px) 100vw, 610px\" \/><\/figure>\n\n\n\n<figure class=\"wp-block-image\"><img data-recalc-dims=\"1\" loading=\"lazy\" decoding=\"async\" width=\"610\" height=\"458\" data-attachment-id=\"4718\" data-permalink=\"http:\/\/itineraires.sudvelo.com\/miles\/2024\/06\/15\/de-cala-en-cala\/20240615_0551306502491952771101057\/\" data-orig-file=\"https:\/\/i0.wp.com\/itineraires.sudvelo.com\/miles\/wp-content\/uploads\/2024\/06\/20240615_0551306502491952771101057.jpg?fit=2000%2C1500\" data-orig-size=\"2000,1500\" data-comments-opened=\"1\" data-image-meta=\"{&quot;aperture&quot;:&quot;0&quot;,&quot;credit&quot;:&quot;&quot;,&quot;camera&quot;:&quot;&quot;,&quot;caption&quot;:&quot;&quot;,&quot;created_timestamp&quot;:&quot;0&quot;,&quot;copyright&quot;:&quot;&quot;,&quot;focal_length&quot;:&quot;0&quot;,&quot;iso&quot;:&quot;0&quot;,&quot;shutter_speed&quot;:&quot;0&quot;,&quot;title&quot;:&quot;&quot;,&quot;orientation&quot;:&quot;0&quot;}\" data-image-title=\"20240615_0551306502491952771101057\" data-image-description=\"\" data-image-caption=\"\" data-medium-file=\"https:\/\/i0.wp.com\/itineraires.sudvelo.com\/miles\/wp-content\/uploads\/2024\/06\/20240615_0551306502491952771101057.jpg?fit=300%2C225\" data-large-file=\"https:\/\/i0.wp.com\/itineraires.sudvelo.com\/miles\/wp-content\/uploads\/2024\/06\/20240615_0551306502491952771101057.jpg?fit=610%2C458\" tabindex=\"0\" role=\"button\" src=\"https:\/\/i0.wp.com\/itineraires.sudvelo.com\/miles\/wp-content\/uploads\/2024\/06\/20240615_0551306502491952771101057-1024x768.jpg?resize=610%2C458&#038;ssl=1\" alt=\"\" class=\"wp-image-4718\" srcset=\"https:\/\/i0.wp.com\/itineraires.sudvelo.com\/miles\/wp-content\/uploads\/2024\/06\/20240615_0551306502491952771101057.jpg?resize=1024%2C768 1024w, https:\/\/i0.wp.com\/itineraires.sudvelo.com\/miles\/wp-content\/uploads\/2024\/06\/20240615_0551306502491952771101057.jpg?resize=300%2C225 300w, https:\/\/i0.wp.com\/itineraires.sudvelo.com\/miles\/wp-content\/uploads\/2024\/06\/20240615_0551306502491952771101057.jpg?resize=768%2C576 768w, https:\/\/i0.wp.com\/itineraires.sudvelo.com\/miles\/wp-content\/uploads\/2024\/06\/20240615_0551306502491952771101057.jpg?resize=1536%2C1152 1536w, https:\/\/i0.wp.com\/itineraires.sudvelo.com\/miles\/wp-content\/uploads\/2024\/06\/20240615_0551306502491952771101057.jpg?w=2000 2000w, https:\/\/i0.wp.com\/itineraires.sudvelo.com\/miles\/wp-content\/uploads\/2024\/06\/20240615_0551306502491952771101057.jpg?w=1220 1220w, https:\/\/i0.wp.com\/itineraires.sudvelo.com\/miles\/wp-content\/uploads\/2024\/06\/20240615_0551306502491952771101057.jpg?w=1830 1830w\" sizes=\"(max-width: 610px) 100vw, 610px\" \/><\/figure>\n\n\n\n<figure class=\"wp-block-image size-large\"><img loading=\"lazy\" decoding=\"async\" width=\"900\" height=\"2000\" data-attachment-id=\"4720\" data-permalink=\"http:\/\/itineraires.sudvelo.com\/miles\/2024\/06\/15\/de-cala-en-cala\/screenshot_20240615_171851_strava8102552628445224517\/\" data-orig-file=\"https:\/\/i0.wp.com\/itineraires.sudvelo.com\/miles\/wp-content\/uploads\/2024\/06\/screenshot_20240615_171851_strava8102552628445224517.jpg?fit=900%2C2000\" data-orig-size=\"900,2000\" data-comments-opened=\"1\" data-image-meta=\"{&quot;aperture&quot;:&quot;0&quot;,&quot;credit&quot;:&quot;&quot;,&quot;camera&quot;:&quot;&quot;,&quot;caption&quot;:&quot;&quot;,&quot;created_timestamp&quot;:&quot;0&quot;,&quot;copyright&quot;:&quot;&quot;,&quot;focal_length&quot;:&quot;0&quot;,&quot;iso&quot;:&quot;0&quot;,&quot;shutter_speed&quot;:&quot;0&quot;,&quot;title&quot;:&quot;&quot;,&quot;orientation&quot;:&quot;0&quot;}\" data-image-title=\"screenshot_20240615_171851_strava8102552628445224517\" data-image-description=\"\" data-image-caption=\"\" data-medium-file=\"https:\/\/i0.wp.com\/itineraires.sudvelo.com\/miles\/wp-content\/uploads\/2024\/06\/screenshot_20240615_171851_strava8102552628445224517.jpg?fit=135%2C300\" data-large-file=\"https:\/\/i0.wp.com\/itineraires.sudvelo.com\/miles\/wp-content\/uploads\/2024\/06\/screenshot_20240615_171851_strava8102552628445224517.jpg?fit=461%2C1024\" tabindex=\"0\" role=\"button\" src=\"https:\/\/i2.wp.com\/itineraires.sudvelo.com\/miles\/wp-content\/uploads\/2024\/06\/screenshot_20240615_171851_strava8102552628445224517.jpg?fit=461%2C1024\" alt=\"\" class=\"wp-image-4720\" srcset=\"https:\/\/i0.wp.com\/itineraires.sudvelo.com\/miles\/wp-content\/uploads\/2024\/06\/screenshot_20240615_171851_strava8102552628445224517.jpg?w=900 900w, https:\/\/i0.wp.com\/itineraires.sudvelo.com\/miles\/wp-content\/uploads\/2024\/06\/screenshot_20240615_171851_strava8102552628445224517.jpg?resize=135%2C300 135w, https:\/\/i0.wp.com\/itineraires.sudvelo.com\/miles\/wp-content\/uploads\/2024\/06\/screenshot_20240615_171851_strava8102552628445224517.jpg?resize=461%2C1024 461w, https:\/\/i0.wp.com\/itineraires.sudvelo.com\/miles\/wp-content\/uploads\/2024\/06\/screenshot_20240615_171851_strava8102552628445224517.jpg?resize=768%2C1707 768w, https:\/\/i0.wp.com\/itineraires.sudvelo.com\/miles\/wp-content\/uploads\/2024\/06\/screenshot_20240615_171851_strava8102552628445224517.jpg?resize=691%2C1536 691w\" sizes=\"(max-width: 610px) 100vw, 610px\" \/><\/figure>\n","protected":false},"excerpt":{"rendered":"<p>Aujourd&rsquo;hui je loue le ciel d&rsquo;avoir 3 followers (et encore pas r\u00e9guliers) : je ne porterai pas atteinte aux merveilleux sites que nous avons travers\u00e9s avec mon amstramgram ou ma page Facebook, ou m\u00eame en publiant 3 photos ici sur itin\u00e9raires sudvelo&#8230; personne ne viendra m\u00eame si je conseille ces belles calanques Sardes. La cala [&hellip;]<\/p>\n","protected":false},"author":2,"featured_media":0,"comment_status":"open","ping_status":"open","sticky":false,"template":"","format":"standard","meta":{"jetpack_post_was_ever_published":false,"_jetpack_newsletter_access":"","_jetpack_dont_email_post_to_subs":false,"_jetpack_newsletter_tier_id":0,"_jetpack_memberships_contains_paywalled_content":false,"_jetpack_memberships_contains_paid_content":false,"footnotes":"","jetpack_publicize_message":"","jetpack_publicize_feature_enabled":true,"jetpack_social_post_already_shared":true,"jetpack_social_options":{"image_generator_settings":{"template":"highway","enabled":false},"version":2}},"categories":[58],"tags":[],"class_list":["post-4714","post","type-post","status-publish","format-standard","hentry","category-sardaigne"],"jetpack_publicize_connections":[],"jetpack_featured_media_url":"","jetpack_sharing_enabled":true,"jetpack_shortlink":"https:\/\/wp.me\/p6ioUK-1e2","jetpack_likes_enabled":true,"_links":{"self":[{"href":"http:\/\/itineraires.sudvelo.com\/miles\/wp-json\/wp\/v2\/posts\/4714"}],"collection":[{"href":"http:\/\/itineraires.sudvelo.com\/miles\/wp-json\/wp\/v2\/posts"}],"about":[{"href":"http:\/\/itineraires.sudvelo.com\/miles\/wp-json\/wp\/v2\/types\/post"}],"author":[{"embeddable":true,"href":"http:\/\/itineraires.sudvelo.com\/miles\/wp-json\/wp\/v2\/users\/2"}],"replies":[{"embeddable":true,"href":"http:\/\/itineraires.sudvelo.com\/miles\/wp-json\/wp\/v2\/comments?post=4714"}],"version-history":[{"count":2,"href":"http:\/\/itineraires.sudvelo.com\/miles\/wp-json\/wp\/v2\/posts\/4714\/revisions"}],"predecessor-version":[{"id":4722,"href":"http:\/\/itineraires.sudvelo.com\/miles\/wp-json\/wp\/v2\/posts\/4714\/revisions\/4722"}],"wp:attachment":[{"href":"http:\/\/itineraires.sudvelo.com\/miles\/wp-json\/wp\/v2\/media?parent=4714"}],"wp:term":[{"taxonomy":"category","embeddable":true,"href":"http:\/\/itineraires.sudvelo.com\/miles\/wp-json\/wp\/v2\/categories?post=4714"},{"taxonomy":"post_tag","embeddable":true,"href":"http:\/\/itineraires.sudvelo.com\/miles\/wp-json\/wp\/v2\/tags?post=4714"}],"curies":[{"name":"wp","href":"https:\/\/api.w.org\/{rel}","templated":true}]}}