{"id":4639,"date":"2024-06-10T14:50:35","date_gmt":"2024-06-10T13:50:35","guid":{"rendered":"http:\/\/itineraires.sudvelo.com\/miles\/?p=4639"},"modified":"2024-06-10T18:14:29","modified_gmt":"2024-06-10T17:14:29","slug":"andiamo","status":"publish","type":"post","link":"http:\/\/itineraires.sudvelo.com\/miles\/2024\/06\/10\/andiamo\/","title":{"rendered":"Andiamo"},"content":{"rendered":"\n<p>Hier soir on n&rsquo;a pas suivi les infos. Juste pris des gnocchis au restau, dans le paquebot de la Corsica Ferry. Alcaraz avait r\u00e9ussi son \u00e9vasion, Sverev s&rsquo;enterrait.<\/p>\n\n\n\n<figure class=\"wp-block-image size-large\"><img loading=\"lazy\" decoding=\"async\" width=\"2000\" height=\"1500\" data-attachment-id=\"4642\" data-permalink=\"http:\/\/itineraires.sudvelo.com\/miles\/2024\/06\/10\/andiamo\/20240609_175301603082678916487669\/\" data-orig-file=\"https:\/\/i0.wp.com\/itineraires.sudvelo.com\/miles\/wp-content\/uploads\/2024\/06\/20240609_175301603082678916487669.jpg?fit=2000%2C1500\" data-orig-size=\"2000,1500\" data-comments-opened=\"1\" data-image-meta=\"{&quot;aperture&quot;:&quot;0&quot;,&quot;credit&quot;:&quot;&quot;,&quot;camera&quot;:&quot;&quot;,&quot;caption&quot;:&quot;&quot;,&quot;created_timestamp&quot;:&quot;0&quot;,&quot;copyright&quot;:&quot;&quot;,&quot;focal_length&quot;:&quot;0&quot;,&quot;iso&quot;:&quot;0&quot;,&quot;shutter_speed&quot;:&quot;0&quot;,&quot;title&quot;:&quot;&quot;,&quot;orientation&quot;:&quot;0&quot;}\" data-image-title=\"20240609_175301603082678916487669\" data-image-description=\"\" data-image-caption=\"\" data-medium-file=\"https:\/\/i0.wp.com\/itineraires.sudvelo.com\/miles\/wp-content\/uploads\/2024\/06\/20240609_175301603082678916487669.jpg?fit=300%2C225\" data-large-file=\"https:\/\/i0.wp.com\/itineraires.sudvelo.com\/miles\/wp-content\/uploads\/2024\/06\/20240609_175301603082678916487669.jpg?fit=610%2C458\" tabindex=\"0\" role=\"button\" src=\"https:\/\/i2.wp.com\/itineraires.sudvelo.com\/miles\/wp-content\/uploads\/2024\/06\/20240609_175301603082678916487669.jpg?fit=474%2C356\" alt=\"\" class=\"wp-image-4642\" srcset=\"https:\/\/i0.wp.com\/itineraires.sudvelo.com\/miles\/wp-content\/uploads\/2024\/06\/20240609_175301603082678916487669.jpg?w=2000 2000w, https:\/\/i0.wp.com\/itineraires.sudvelo.com\/miles\/wp-content\/uploads\/2024\/06\/20240609_175301603082678916487669.jpg?resize=300%2C225 300w, https:\/\/i0.wp.com\/itineraires.sudvelo.com\/miles\/wp-content\/uploads\/2024\/06\/20240609_175301603082678916487669.jpg?resize=768%2C576 768w, https:\/\/i0.wp.com\/itineraires.sudvelo.com\/miles\/wp-content\/uploads\/2024\/06\/20240609_175301603082678916487669.jpg?resize=1024%2C768 1024w, https:\/\/i0.wp.com\/itineraires.sudvelo.com\/miles\/wp-content\/uploads\/2024\/06\/20240609_175301603082678916487669.jpg?resize=1250%2C938 1250w, https:\/\/i0.wp.com\/itineraires.sudvelo.com\/miles\/wp-content\/uploads\/2024\/06\/20240609_175301603082678916487669.jpg?resize=400%2C300 400w, https:\/\/i0.wp.com\/itineraires.sudvelo.com\/miles\/wp-content\/uploads\/2024\/06\/20240609_175301603082678916487669.jpg?w=1830 1830w\" sizes=\"(max-width: 610px) 100vw, 610px\" \/><\/figure>\n\n\n\n<figure class=\"wp-block-image\"><img data-recalc-dims=\"1\" loading=\"lazy\" decoding=\"async\" width=\"610\" height=\"813\" data-attachment-id=\"4640\" data-permalink=\"http:\/\/itineraires.sudvelo.com\/miles\/2024\/06\/10\/andiamo\/20240609_1939073783289643490416265\/\" data-orig-file=\"https:\/\/i0.wp.com\/itineraires.sudvelo.com\/miles\/wp-content\/uploads\/2024\/06\/20240609_1939073783289643490416265.jpg?fit=1512%2C2016\" data-orig-size=\"1512,2016\" data-comments-opened=\"1\" data-image-meta=\"{&quot;aperture&quot;:&quot;0&quot;,&quot;credit&quot;:&quot;&quot;,&quot;camera&quot;:&quot;&quot;,&quot;caption&quot;:&quot;&quot;,&quot;created_timestamp&quot;:&quot;0&quot;,&quot;copyright&quot;:&quot;&quot;,&quot;focal_length&quot;:&quot;0&quot;,&quot;iso&quot;:&quot;0&quot;,&quot;shutter_speed&quot;:&quot;0&quot;,&quot;title&quot;:&quot;&quot;,&quot;orientation&quot;:&quot;0&quot;}\" data-image-title=\"20240609_1939073783289643490416265\" data-image-description=\"\" data-image-caption=\"\" data-medium-file=\"https:\/\/i0.wp.com\/itineraires.sudvelo.com\/miles\/wp-content\/uploads\/2024\/06\/20240609_1939073783289643490416265.jpg?fit=225%2C300\" data-large-file=\"https:\/\/i0.wp.com\/itineraires.sudvelo.com\/miles\/wp-content\/uploads\/2024\/06\/20240609_1939073783289643490416265.jpg?fit=610%2C813\" tabindex=\"0\" role=\"button\" src=\"https:\/\/i0.wp.com\/itineraires.sudvelo.com\/miles\/wp-content\/uploads\/2024\/06\/20240609_1939073783289643490416265.jpg?resize=610%2C813\" alt=\"\" class=\"wp-image-4640\" srcset=\"https:\/\/i0.wp.com\/itineraires.sudvelo.com\/miles\/wp-content\/uploads\/2024\/06\/20240609_1939073783289643490416265.jpg?resize=768%2C1024 768w, https:\/\/i0.wp.com\/itineraires.sudvelo.com\/miles\/wp-content\/uploads\/2024\/06\/20240609_1939073783289643490416265.jpg?resize=225%2C300 225w, https:\/\/i0.wp.com\/itineraires.sudvelo.com\/miles\/wp-content\/uploads\/2024\/06\/20240609_1939073783289643490416265.jpg?resize=1250%2C1667 1250w, https:\/\/i0.wp.com\/itineraires.sudvelo.com\/miles\/wp-content\/uploads\/2024\/06\/20240609_1939073783289643490416265.jpg?resize=400%2C533 400w, https:\/\/i0.wp.com\/itineraires.sudvelo.com\/miles\/wp-content\/uploads\/2024\/06\/20240609_1939073783289643490416265.jpg?w=1512 1512w\" sizes=\"(max-width: 610px) 100vw, 610px\" \/><\/figure>\n\n\n\n<figure class=\"wp-block-image\"><img data-recalc-dims=\"1\" loading=\"lazy\" decoding=\"async\" width=\"610\" height=\"458\" data-attachment-id=\"4641\" data-permalink=\"http:\/\/itineraires.sudvelo.com\/miles\/2024\/06\/10\/andiamo\/20240609_195517367665724782522772\/\" data-orig-file=\"https:\/\/i0.wp.com\/itineraires.sudvelo.com\/miles\/wp-content\/uploads\/2024\/06\/20240609_195517367665724782522772.jpg?fit=2000%2C1500\" data-orig-size=\"2000,1500\" data-comments-opened=\"1\" data-image-meta=\"{&quot;aperture&quot;:&quot;0&quot;,&quot;credit&quot;:&quot;&quot;,&quot;camera&quot;:&quot;&quot;,&quot;caption&quot;:&quot;&quot;,&quot;created_timestamp&quot;:&quot;0&quot;,&quot;copyright&quot;:&quot;&quot;,&quot;focal_length&quot;:&quot;0&quot;,&quot;iso&quot;:&quot;0&quot;,&quot;shutter_speed&quot;:&quot;0&quot;,&quot;title&quot;:&quot;&quot;,&quot;orientation&quot;:&quot;0&quot;}\" data-image-title=\"20240609_195517367665724782522772\" data-image-description=\"\" data-image-caption=\"\" data-medium-file=\"https:\/\/i0.wp.com\/itineraires.sudvelo.com\/miles\/wp-content\/uploads\/2024\/06\/20240609_195517367665724782522772.jpg?fit=300%2C225\" data-large-file=\"https:\/\/i0.wp.com\/itineraires.sudvelo.com\/miles\/wp-content\/uploads\/2024\/06\/20240609_195517367665724782522772.jpg?fit=610%2C458\" tabindex=\"0\" role=\"button\" src=\"https:\/\/i0.wp.com\/itineraires.sudvelo.com\/miles\/wp-content\/uploads\/2024\/06\/20240609_195517367665724782522772.jpg?resize=610%2C458\" alt=\"\" class=\"wp-image-4641\" srcset=\"https:\/\/i0.wp.com\/itineraires.sudvelo.com\/miles\/wp-content\/uploads\/2024\/06\/20240609_195517367665724782522772.jpg?resize=1024%2C768 1024w, https:\/\/i0.wp.com\/itineraires.sudvelo.com\/miles\/wp-content\/uploads\/2024\/06\/20240609_195517367665724782522772.jpg?resize=300%2C225 300w, https:\/\/i0.wp.com\/itineraires.sudvelo.com\/miles\/wp-content\/uploads\/2024\/06\/20240609_195517367665724782522772.jpg?resize=768%2C576 768w, https:\/\/i0.wp.com\/itineraires.sudvelo.com\/miles\/wp-content\/uploads\/2024\/06\/20240609_195517367665724782522772.jpg?resize=1250%2C938 1250w, https:\/\/i0.wp.com\/itineraires.sudvelo.com\/miles\/wp-content\/uploads\/2024\/06\/20240609_195517367665724782522772.jpg?resize=400%2C300 400w, https:\/\/i0.wp.com\/itineraires.sudvelo.com\/miles\/wp-content\/uploads\/2024\/06\/20240609_195517367665724782522772.jpg?w=2000 2000w, https:\/\/i0.wp.com\/itineraires.sudvelo.com\/miles\/wp-content\/uploads\/2024\/06\/20240609_195517367665724782522772.jpg?w=1830 1830w\" sizes=\"(max-width: 610px) 100vw, 610px\" \/><\/figure>\n\n\n\n<p>Et puis on le sentait arriver, l&rsquo;autre nazillon, et voir sa tronche sur les \u00e9crans me mettrait la gerbe sans aucun doute : on a \u00e9vit\u00e9 les \u00e9crans de tv et mis le reste en mode avion.<\/p>\n\n\n\n<p>Au bout de la travers\u00e9e, \u00e0 Porto Torres, c&rsquo;est \u00e0 7h qu&rsquo;on enfourchait nos bikes, charg\u00e9s de ce qu&rsquo;il faut pour 2 semaines environ de coups de p\u00e9dales sans but pr\u00e9cis (pas question d&rsquo;envisager le tour de cette trop grande \u00eele qu&rsquo;est la Sardaigne).<\/p>\n\n\n\n<figure class=\"wp-block-image size-large\"><img loading=\"lazy\" decoding=\"async\" width=\"1048\" height=\"2000\" data-attachment-id=\"4643\" data-permalink=\"http:\/\/itineraires.sudvelo.com\/miles\/2024\/06\/10\/andiamo\/20240609_203916_resized575282242806620395\/\" data-orig-file=\"https:\/\/i0.wp.com\/itineraires.sudvelo.com\/miles\/wp-content\/uploads\/2024\/06\/20240609_203916_resized575282242806620395.jpg?fit=1048%2C2000\" data-orig-size=\"1048,2000\" data-comments-opened=\"1\" data-image-meta=\"{&quot;aperture&quot;:&quot;0&quot;,&quot;credit&quot;:&quot;&quot;,&quot;camera&quot;:&quot;&quot;,&quot;caption&quot;:&quot;&quot;,&quot;created_timestamp&quot;:&quot;0&quot;,&quot;copyright&quot;:&quot;&quot;,&quot;focal_length&quot;:&quot;0&quot;,&quot;iso&quot;:&quot;0&quot;,&quot;shutter_speed&quot;:&quot;0&quot;,&quot;title&quot;:&quot;&quot;,&quot;orientation&quot;:&quot;0&quot;}\" data-image-title=\"20240609_203916_resized575282242806620395\" data-image-description=\"\" data-image-caption=\"\" data-medium-file=\"https:\/\/i0.wp.com\/itineraires.sudvelo.com\/miles\/wp-content\/uploads\/2024\/06\/20240609_203916_resized575282242806620395.jpg?fit=157%2C300\" data-large-file=\"https:\/\/i0.wp.com\/itineraires.sudvelo.com\/miles\/wp-content\/uploads\/2024\/06\/20240609_203916_resized575282242806620395.jpg?fit=537%2C1024\" tabindex=\"0\" role=\"button\" src=\"https:\/\/i1.wp.com\/itineraires.sudvelo.com\/miles\/wp-content\/uploads\/2024\/06\/20240609_203916_resized575282242806620395.jpg?fit=474%2C904\" alt=\"\" class=\"wp-image-4643\" srcset=\"https:\/\/i0.wp.com\/itineraires.sudvelo.com\/miles\/wp-content\/uploads\/2024\/06\/20240609_203916_resized575282242806620395.jpg?w=1048 1048w, https:\/\/i0.wp.com\/itineraires.sudvelo.com\/miles\/wp-content\/uploads\/2024\/06\/20240609_203916_resized575282242806620395.jpg?resize=157%2C300 157w, https:\/\/i0.wp.com\/itineraires.sudvelo.com\/miles\/wp-content\/uploads\/2024\/06\/20240609_203916_resized575282242806620395.jpg?resize=768%2C1466 768w, https:\/\/i0.wp.com\/itineraires.sudvelo.com\/miles\/wp-content\/uploads\/2024\/06\/20240609_203916_resized575282242806620395.jpg?resize=537%2C1024 537w, https:\/\/i0.wp.com\/itineraires.sudvelo.com\/miles\/wp-content\/uploads\/2024\/06\/20240609_203916_resized575282242806620395.jpg?resize=400%2C763 400w\" sizes=\"(max-width: 610px) 100vw, 610px\" \/><\/figure>\n\n\n\n<figure class=\"wp-block-image\"><img data-recalc-dims=\"1\" loading=\"lazy\" decoding=\"async\" width=\"610\" height=\"813\" data-attachment-id=\"4644\" data-permalink=\"http:\/\/itineraires.sudvelo.com\/miles\/2024\/06\/10\/andiamo\/20240610_0843067712348718115459887\/\" data-orig-file=\"https:\/\/i0.wp.com\/itineraires.sudvelo.com\/miles\/wp-content\/uploads\/2024\/06\/20240610_0843067712348718115459887.jpg?fit=1512%2C2016\" data-orig-size=\"1512,2016\" data-comments-opened=\"1\" data-image-meta=\"{&quot;aperture&quot;:&quot;0&quot;,&quot;credit&quot;:&quot;&quot;,&quot;camera&quot;:&quot;&quot;,&quot;caption&quot;:&quot;&quot;,&quot;created_timestamp&quot;:&quot;0&quot;,&quot;copyright&quot;:&quot;&quot;,&quot;focal_length&quot;:&quot;0&quot;,&quot;iso&quot;:&quot;0&quot;,&quot;shutter_speed&quot;:&quot;0&quot;,&quot;title&quot;:&quot;&quot;,&quot;orientation&quot;:&quot;0&quot;}\" data-image-title=\"20240610_0843067712348718115459887\" data-image-description=\"\" data-image-caption=\"\" data-medium-file=\"https:\/\/i0.wp.com\/itineraires.sudvelo.com\/miles\/wp-content\/uploads\/2024\/06\/20240610_0843067712348718115459887.jpg?fit=225%2C300\" data-large-file=\"https:\/\/i0.wp.com\/itineraires.sudvelo.com\/miles\/wp-content\/uploads\/2024\/06\/20240610_0843067712348718115459887.jpg?fit=610%2C813\" tabindex=\"0\" role=\"button\" src=\"https:\/\/i0.wp.com\/itineraires.sudvelo.com\/miles\/wp-content\/uploads\/2024\/06\/20240610_0843067712348718115459887.jpg?resize=610%2C813\" alt=\"\" class=\"wp-image-4644\" srcset=\"https:\/\/i0.wp.com\/itineraires.sudvelo.com\/miles\/wp-content\/uploads\/2024\/06\/20240610_0843067712348718115459887.jpg?resize=768%2C1024 768w, https:\/\/i0.wp.com\/itineraires.sudvelo.com\/miles\/wp-content\/uploads\/2024\/06\/20240610_0843067712348718115459887.jpg?resize=225%2C300 225w, https:\/\/i0.wp.com\/itineraires.sudvelo.com\/miles\/wp-content\/uploads\/2024\/06\/20240610_0843067712348718115459887.jpg?resize=1250%2C1667 1250w, https:\/\/i0.wp.com\/itineraires.sudvelo.com\/miles\/wp-content\/uploads\/2024\/06\/20240610_0843067712348718115459887.jpg?resize=400%2C533 400w, https:\/\/i0.wp.com\/itineraires.sudvelo.com\/miles\/wp-content\/uploads\/2024\/06\/20240610_0843067712348718115459887.jpg?w=1512 1512w\" sizes=\"(max-width: 610px) 100vw, 610px\" \/><\/figure>\n\n\n\n<p>Fort de mes 5 ann\u00e9es d&rsquo;italien (de la 4eme jusqu&rsquo;au Bac, o\u00f9 j&rsquo;avais refus\u00e9 de passer l&rsquo;oral de cette langue, craignant l&rsquo;humiliation supr\u00eame de ne pas d\u00e9passer 10\/20 dans mes borborygmes emprunt\u00e9s g\u00e9n\u00e9ralement \u00e0 Aldo Maccione dans ses apparitions cin\u00e9matographiques grandioses), nous attaquons donc ce matin la rencontre des peuples locaux.<\/p>\n\n\n\n<p>Apr\u00e8s 40km dans une ambiance de fin du monde sous un ciel si bas qu&rsquo;il fait l&rsquo;humilit\u00e9, &#8230;, on se r\u00e9jouit d&rsquo;arriver t\u00f4t au relais et ch\u00e2teau bnb qui jouxte le site Nuragique de Palmaverra. Pour les ignares qui ne sauraient rien du Nuragisme, sachez que c&rsquo;est un n\u00e9ologisme que j&rsquo;invente \u00e0 l&rsquo;instant pour parler des Nuragiques, civilisation qui peupla la sardaigne quand vous n&rsquo;\u00e9tiez pas n\u00e9s (1600ans avant JC).<\/p>\n\n\n\n<p>La on va aller faire des courses voyez vous alors je raccroche.<\/p>\n\n\n\n<p>Notez \u00e0 quel point vous pouvez vous cultiver sur ce blog, contrairement \u00e0 celui des Adriatoc qui s\u00e9vissent actuellement sur leurs rutilantes machines dans des contr\u00e9es hostiles encore plus \u00e0 l&rsquo;est de la botte continentale de l&rsquo;Italie dont d\u00e9pend l&rsquo;\u00eele sur laquelle nous evoluerons ces prochains jours.<\/p>\n\n\n\n<p>Alors \u00e0 tant\u00f4t.<\/p>\n\n\n\n<figure class=\"wp-block-image size-large\"><img loading=\"lazy\" decoding=\"async\" width=\"900\" height=\"2000\" data-attachment-id=\"4646\" data-permalink=\"http:\/\/itineraires.sudvelo.com\/miles\/2024\/06\/10\/andiamo\/screenshot_20240610_155413_strava5855038777877471182\/\" data-orig-file=\"https:\/\/i0.wp.com\/itineraires.sudvelo.com\/miles\/wp-content\/uploads\/2024\/06\/screenshot_20240610_155413_strava5855038777877471182.jpg?fit=900%2C2000\" data-orig-size=\"900,2000\" data-comments-opened=\"1\" data-image-meta=\"{&quot;aperture&quot;:&quot;0&quot;,&quot;credit&quot;:&quot;&quot;,&quot;camera&quot;:&quot;&quot;,&quot;caption&quot;:&quot;&quot;,&quot;created_timestamp&quot;:&quot;0&quot;,&quot;copyright&quot;:&quot;&quot;,&quot;focal_length&quot;:&quot;0&quot;,&quot;iso&quot;:&quot;0&quot;,&quot;shutter_speed&quot;:&quot;0&quot;,&quot;title&quot;:&quot;&quot;,&quot;orientation&quot;:&quot;0&quot;}\" data-image-title=\"screenshot_20240610_155413_strava5855038777877471182\" data-image-description=\"\" data-image-caption=\"\" data-medium-file=\"https:\/\/i0.wp.com\/itineraires.sudvelo.com\/miles\/wp-content\/uploads\/2024\/06\/screenshot_20240610_155413_strava5855038777877471182.jpg?fit=135%2C300\" data-large-file=\"https:\/\/i0.wp.com\/itineraires.sudvelo.com\/miles\/wp-content\/uploads\/2024\/06\/screenshot_20240610_155413_strava5855038777877471182.jpg?fit=461%2C1024\" tabindex=\"0\" role=\"button\" src=\"https:\/\/i0.wp.com\/itineraires.sudvelo.com\/miles\/wp-content\/uploads\/2024\/06\/screenshot_20240610_155413_strava5855038777877471182.jpg?fit=461%2C1024\" alt=\"\" class=\"wp-image-4646\" srcset=\"https:\/\/i0.wp.com\/itineraires.sudvelo.com\/miles\/wp-content\/uploads\/2024\/06\/screenshot_20240610_155413_strava5855038777877471182.jpg?w=900 900w, https:\/\/i0.wp.com\/itineraires.sudvelo.com\/miles\/wp-content\/uploads\/2024\/06\/screenshot_20240610_155413_strava5855038777877471182.jpg?resize=135%2C300 135w, https:\/\/i0.wp.com\/itineraires.sudvelo.com\/miles\/wp-content\/uploads\/2024\/06\/screenshot_20240610_155413_strava5855038777877471182.jpg?resize=768%2C1707 768w, https:\/\/i0.wp.com\/itineraires.sudvelo.com\/miles\/wp-content\/uploads\/2024\/06\/screenshot_20240610_155413_strava5855038777877471182.jpg?resize=461%2C1024 461w, https:\/\/i0.wp.com\/itineraires.sudvelo.com\/miles\/wp-content\/uploads\/2024\/06\/screenshot_20240610_155413_strava5855038777877471182.jpg?resize=400%2C889 400w\" sizes=\"(max-width: 610px) 100vw, 610px\" \/><\/figure>\n\n\n\n<figure class=\"wp-block-image size-large\"><img loading=\"lazy\" decoding=\"async\" width=\"900\" height=\"2000\" data-attachment-id=\"4650\" data-permalink=\"http:\/\/itineraires.sudvelo.com\/miles\/2024\/06\/10\/andiamo\/screenshot_20240610_191227_strava3959110652067164568\/\" data-orig-file=\"https:\/\/i0.wp.com\/itineraires.sudvelo.com\/miles\/wp-content\/uploads\/2024\/06\/screenshot_20240610_191227_strava3959110652067164568.jpg?fit=900%2C2000\" data-orig-size=\"900,2000\" data-comments-opened=\"1\" data-image-meta=\"{&quot;aperture&quot;:&quot;0&quot;,&quot;credit&quot;:&quot;&quot;,&quot;camera&quot;:&quot;&quot;,&quot;caption&quot;:&quot;&quot;,&quot;created_timestamp&quot;:&quot;0&quot;,&quot;copyright&quot;:&quot;&quot;,&quot;focal_length&quot;:&quot;0&quot;,&quot;iso&quot;:&quot;0&quot;,&quot;shutter_speed&quot;:&quot;0&quot;,&quot;title&quot;:&quot;&quot;,&quot;orientation&quot;:&quot;0&quot;}\" data-image-title=\"screenshot_20240610_191227_strava3959110652067164568\" data-image-description=\"\" data-image-caption=\"\" data-medium-file=\"https:\/\/i0.wp.com\/itineraires.sudvelo.com\/miles\/wp-content\/uploads\/2024\/06\/screenshot_20240610_191227_strava3959110652067164568.jpg?fit=135%2C300\" data-large-file=\"https:\/\/i0.wp.com\/itineraires.sudvelo.com\/miles\/wp-content\/uploads\/2024\/06\/screenshot_20240610_191227_strava3959110652067164568.jpg?fit=461%2C1024\" tabindex=\"0\" role=\"button\" src=\"https:\/\/i1.wp.com\/itineraires.sudvelo.com\/miles\/wp-content\/uploads\/2024\/06\/screenshot_20240610_191227_strava3959110652067164568.jpg?fit=461%2C1024\" alt=\"\" class=\"wp-image-4650\" srcset=\"https:\/\/i0.wp.com\/itineraires.sudvelo.com\/miles\/wp-content\/uploads\/2024\/06\/screenshot_20240610_191227_strava3959110652067164568.jpg?w=900 900w, https:\/\/i0.wp.com\/itineraires.sudvelo.com\/miles\/wp-content\/uploads\/2024\/06\/screenshot_20240610_191227_strava3959110652067164568.jpg?resize=135%2C300 135w, https:\/\/i0.wp.com\/itineraires.sudvelo.com\/miles\/wp-content\/uploads\/2024\/06\/screenshot_20240610_191227_strava3959110652067164568.jpg?resize=768%2C1707 768w, https:\/\/i0.wp.com\/itineraires.sudvelo.com\/miles\/wp-content\/uploads\/2024\/06\/screenshot_20240610_191227_strava3959110652067164568.jpg?resize=461%2C1024 461w, https:\/\/i0.wp.com\/itineraires.sudvelo.com\/miles\/wp-content\/uploads\/2024\/06\/screenshot_20240610_191227_strava3959110652067164568.jpg?resize=400%2C889 400w\" sizes=\"(max-width: 610px) 100vw, 610px\" \/><\/figure>\n\n\n\n<figure class=\"wp-block-image\"><img data-recalc-dims=\"1\" loading=\"lazy\" decoding=\"async\" width=\"610\" height=\"458\" data-attachment-id=\"4651\" data-permalink=\"http:\/\/itineraires.sudvelo.com\/miles\/2024\/06\/10\/andiamo\/20240610_1740102356450711063076797\/\" data-orig-file=\"https:\/\/i0.wp.com\/itineraires.sudvelo.com\/miles\/wp-content\/uploads\/2024\/06\/20240610_1740102356450711063076797.jpg?fit=2000%2C1500\" data-orig-size=\"2000,1500\" data-comments-opened=\"1\" data-image-meta=\"{&quot;aperture&quot;:&quot;0&quot;,&quot;credit&quot;:&quot;&quot;,&quot;camera&quot;:&quot;&quot;,&quot;caption&quot;:&quot;&quot;,&quot;created_timestamp&quot;:&quot;0&quot;,&quot;copyright&quot;:&quot;&quot;,&quot;focal_length&quot;:&quot;0&quot;,&quot;iso&quot;:&quot;0&quot;,&quot;shutter_speed&quot;:&quot;0&quot;,&quot;title&quot;:&quot;&quot;,&quot;orientation&quot;:&quot;0&quot;}\" data-image-title=\"20240610_1740102356450711063076797\" data-image-description=\"\" data-image-caption=\"\" data-medium-file=\"https:\/\/i0.wp.com\/itineraires.sudvelo.com\/miles\/wp-content\/uploads\/2024\/06\/20240610_1740102356450711063076797.jpg?fit=300%2C225\" data-large-file=\"https:\/\/i0.wp.com\/itineraires.sudvelo.com\/miles\/wp-content\/uploads\/2024\/06\/20240610_1740102356450711063076797.jpg?fit=610%2C458\" tabindex=\"0\" role=\"button\" src=\"https:\/\/i0.wp.com\/itineraires.sudvelo.com\/miles\/wp-content\/uploads\/2024\/06\/20240610_1740102356450711063076797.jpg?resize=610%2C458\" alt=\"\" class=\"wp-image-4651\" srcset=\"https:\/\/i0.wp.com\/itineraires.sudvelo.com\/miles\/wp-content\/uploads\/2024\/06\/20240610_1740102356450711063076797.jpg?resize=1024%2C768 1024w, https:\/\/i0.wp.com\/itineraires.sudvelo.com\/miles\/wp-content\/uploads\/2024\/06\/20240610_1740102356450711063076797.jpg?resize=300%2C225 300w, https:\/\/i0.wp.com\/itineraires.sudvelo.com\/miles\/wp-content\/uploads\/2024\/06\/20240610_1740102356450711063076797.jpg?resize=768%2C576 768w, https:\/\/i0.wp.com\/itineraires.sudvelo.com\/miles\/wp-content\/uploads\/2024\/06\/20240610_1740102356450711063076797.jpg?resize=1250%2C938 1250w, https:\/\/i0.wp.com\/itineraires.sudvelo.com\/miles\/wp-content\/uploads\/2024\/06\/20240610_1740102356450711063076797.jpg?resize=400%2C300 400w, https:\/\/i0.wp.com\/itineraires.sudvelo.com\/miles\/wp-content\/uploads\/2024\/06\/20240610_1740102356450711063076797.jpg?w=2000 2000w, https:\/\/i0.wp.com\/itineraires.sudvelo.com\/miles\/wp-content\/uploads\/2024\/06\/20240610_1740102356450711063076797.jpg?w=1830 1830w\" sizes=\"(max-width: 610px) 100vw, 610px\" \/><\/figure>\n\n\n\n<figure class=\"wp-block-image\"><img data-recalc-dims=\"1\" loading=\"lazy\" decoding=\"async\" width=\"610\" height=\"458\" data-attachment-id=\"4653\" data-permalink=\"http:\/\/itineraires.sudvelo.com\/miles\/2024\/06\/10\/andiamo\/20240610_172412101179380456099769\/\" data-orig-file=\"https:\/\/i0.wp.com\/itineraires.sudvelo.com\/miles\/wp-content\/uploads\/2024\/06\/20240610_172412101179380456099769.jpg?fit=2000%2C1500\" data-orig-size=\"2000,1500\" data-comments-opened=\"1\" data-image-meta=\"{&quot;aperture&quot;:&quot;0&quot;,&quot;credit&quot;:&quot;&quot;,&quot;camera&quot;:&quot;&quot;,&quot;caption&quot;:&quot;&quot;,&quot;created_timestamp&quot;:&quot;0&quot;,&quot;copyright&quot;:&quot;&quot;,&quot;focal_length&quot;:&quot;0&quot;,&quot;iso&quot;:&quot;0&quot;,&quot;shutter_speed&quot;:&quot;0&quot;,&quot;title&quot;:&quot;&quot;,&quot;orientation&quot;:&quot;0&quot;}\" data-image-title=\"20240610_172412101179380456099769\" data-image-description=\"\" data-image-caption=\"\" data-medium-file=\"https:\/\/i0.wp.com\/itineraires.sudvelo.com\/miles\/wp-content\/uploads\/2024\/06\/20240610_172412101179380456099769.jpg?fit=300%2C225\" data-large-file=\"https:\/\/i0.wp.com\/itineraires.sudvelo.com\/miles\/wp-content\/uploads\/2024\/06\/20240610_172412101179380456099769.jpg?fit=610%2C458\" tabindex=\"0\" role=\"button\" src=\"https:\/\/i0.wp.com\/itineraires.sudvelo.com\/miles\/wp-content\/uploads\/2024\/06\/20240610_172412101179380456099769.jpg?resize=610%2C458\" alt=\"\" class=\"wp-image-4653\" srcset=\"https:\/\/i0.wp.com\/itineraires.sudvelo.com\/miles\/wp-content\/uploads\/2024\/06\/20240610_172412101179380456099769.jpg?resize=1024%2C768 1024w, https:\/\/i0.wp.com\/itineraires.sudvelo.com\/miles\/wp-content\/uploads\/2024\/06\/20240610_172412101179380456099769.jpg?resize=300%2C225 300w, https:\/\/i0.wp.com\/itineraires.sudvelo.com\/miles\/wp-content\/uploads\/2024\/06\/20240610_172412101179380456099769.jpg?resize=768%2C576 768w, https:\/\/i0.wp.com\/itineraires.sudvelo.com\/miles\/wp-content\/uploads\/2024\/06\/20240610_172412101179380456099769.jpg?resize=1250%2C938 1250w, https:\/\/i0.wp.com\/itineraires.sudvelo.com\/miles\/wp-content\/uploads\/2024\/06\/20240610_172412101179380456099769.jpg?resize=400%2C300 400w, https:\/\/i0.wp.com\/itineraires.sudvelo.com\/miles\/wp-content\/uploads\/2024\/06\/20240610_172412101179380456099769.jpg?w=2000 2000w, https:\/\/i0.wp.com\/itineraires.sudvelo.com\/miles\/wp-content\/uploads\/2024\/06\/20240610_172412101179380456099769.jpg?w=1830 1830w\" sizes=\"(max-width: 610px) 100vw, 610px\" \/><\/figure>\n\n\n\n<figure class=\"wp-block-image\"><img data-recalc-dims=\"1\" loading=\"lazy\" decoding=\"async\" width=\"610\" height=\"458\" data-attachment-id=\"4652\" data-permalink=\"http:\/\/itineraires.sudvelo.com\/miles\/2024\/06\/10\/andiamo\/20240610_1721244127862904585783730\/\" data-orig-file=\"https:\/\/i0.wp.com\/itineraires.sudvelo.com\/miles\/wp-content\/uploads\/2024\/06\/20240610_1721244127862904585783730.jpg?fit=2000%2C1500\" data-orig-size=\"2000,1500\" data-comments-opened=\"1\" data-image-meta=\"{&quot;aperture&quot;:&quot;0&quot;,&quot;credit&quot;:&quot;&quot;,&quot;camera&quot;:&quot;&quot;,&quot;caption&quot;:&quot;&quot;,&quot;created_timestamp&quot;:&quot;0&quot;,&quot;copyright&quot;:&quot;&quot;,&quot;focal_length&quot;:&quot;0&quot;,&quot;iso&quot;:&quot;0&quot;,&quot;shutter_speed&quot;:&quot;0&quot;,&quot;title&quot;:&quot;&quot;,&quot;orientation&quot;:&quot;0&quot;}\" data-image-title=\"20240610_1721244127862904585783730\" data-image-description=\"\" data-image-caption=\"\" data-medium-file=\"https:\/\/i0.wp.com\/itineraires.sudvelo.com\/miles\/wp-content\/uploads\/2024\/06\/20240610_1721244127862904585783730.jpg?fit=300%2C225\" data-large-file=\"https:\/\/i0.wp.com\/itineraires.sudvelo.com\/miles\/wp-content\/uploads\/2024\/06\/20240610_1721244127862904585783730.jpg?fit=610%2C458\" tabindex=\"0\" role=\"button\" src=\"https:\/\/i0.wp.com\/itineraires.sudvelo.com\/miles\/wp-content\/uploads\/2024\/06\/20240610_1721244127862904585783730.jpg?resize=610%2C458\" alt=\"\" class=\"wp-image-4652\" srcset=\"https:\/\/i0.wp.com\/itineraires.sudvelo.com\/miles\/wp-content\/uploads\/2024\/06\/20240610_1721244127862904585783730.jpg?resize=1024%2C768 1024w, https:\/\/i0.wp.com\/itineraires.sudvelo.com\/miles\/wp-content\/uploads\/2024\/06\/20240610_1721244127862904585783730.jpg?resize=300%2C225 300w, https:\/\/i0.wp.com\/itineraires.sudvelo.com\/miles\/wp-content\/uploads\/2024\/06\/20240610_1721244127862904585783730.jpg?resize=768%2C576 768w, https:\/\/i0.wp.com\/itineraires.sudvelo.com\/miles\/wp-content\/uploads\/2024\/06\/20240610_1721244127862904585783730.jpg?resize=1250%2C938 1250w, https:\/\/i0.wp.com\/itineraires.sudvelo.com\/miles\/wp-content\/uploads\/2024\/06\/20240610_1721244127862904585783730.jpg?resize=400%2C300 400w, https:\/\/i0.wp.com\/itineraires.sudvelo.com\/miles\/wp-content\/uploads\/2024\/06\/20240610_1721244127862904585783730.jpg?w=2000 2000w, https:\/\/i0.wp.com\/itineraires.sudvelo.com\/miles\/wp-content\/uploads\/2024\/06\/20240610_1721244127862904585783730.jpg?w=1830 1830w\" sizes=\"(max-width: 610px) 100vw, 610px\" \/><\/figure>\n\n\n\n<p>Capo, pas capot&#8230; Le viron d&rsquo;apr\u00e8s les p\u00e2tes&#8230;<\/p>\n","protected":false},"excerpt":{"rendered":"<p>Hier soir on n&rsquo;a pas suivi les infos. Juste pris des gnocchis au restau, dans le paquebot de la Corsica Ferry. Alcaraz avait r\u00e9ussi son \u00e9vasion, Sverev s&rsquo;enterrait. Et puis on le sentait arriver, l&rsquo;autre nazillon, et voir sa tronche sur les \u00e9crans me mettrait la gerbe sans aucun doute : on a \u00e9vit\u00e9 les [&hellip;]<\/p>\n","protected":false},"author":2,"featured_media":0,"comment_status":"open","ping_status":"open","sticky":false,"template":"","format":"aside","meta":{"jetpack_post_was_ever_published":false,"_jetpack_newsletter_access":"","_jetpack_dont_email_post_to_subs":false,"_jetpack_newsletter_tier_id":0,"_jetpack_memberships_contains_paywalled_content":false,"_jetpack_memberships_contains_paid_content":false,"footnotes":"","jetpack_publicize_message":"","jetpack_publicize_feature_enabled":true,"jetpack_social_post_already_shared":true,"jetpack_social_options":{"image_generator_settings":{"template":"highway","enabled":false},"version":2}},"categories":[58],"tags":[],"class_list":["post-4639","post","type-post","status-publish","format-aside","hentry","category-sardaigne","post_format-post-format-aside"],"jetpack_publicize_connections":[],"jetpack_featured_media_url":"","jetpack_sharing_enabled":true,"jetpack_shortlink":"https:\/\/wp.me\/s6ioUK-andiamo","jetpack_likes_enabled":true,"_links":{"self":[{"href":"http:\/\/itineraires.sudvelo.com\/miles\/wp-json\/wp\/v2\/posts\/4639"}],"collection":[{"href":"http:\/\/itineraires.sudvelo.com\/miles\/wp-json\/wp\/v2\/posts"}],"about":[{"href":"http:\/\/itineraires.sudvelo.com\/miles\/wp-json\/wp\/v2\/types\/post"}],"author":[{"embeddable":true,"href":"http:\/\/itineraires.sudvelo.com\/miles\/wp-json\/wp\/v2\/users\/2"}],"replies":[{"embeddable":true,"href":"http:\/\/itineraires.sudvelo.com\/miles\/wp-json\/wp\/v2\/comments?post=4639"}],"version-history":[{"count":5,"href":"http:\/\/itineraires.sudvelo.com\/miles\/wp-json\/wp\/v2\/posts\/4639\/revisions"}],"predecessor-version":[{"id":4648,"href":"http:\/\/itineraires.sudvelo.com\/miles\/wp-json\/wp\/v2\/posts\/4639\/revisions\/4648"}],"wp:attachment":[{"href":"http:\/\/itineraires.sudvelo.com\/miles\/wp-json\/wp\/v2\/media?parent=4639"}],"wp:term":[{"taxonomy":"category","embeddable":true,"href":"http:\/\/itineraires.sudvelo.com\/miles\/wp-json\/wp\/v2\/categories?post=4639"},{"taxonomy":"post_tag","embeddable":true,"href":"http:\/\/itineraires.sudvelo.com\/miles\/wp-json\/wp\/v2\/tags?post=4639"}],"curies":[{"name":"wp","href":"https:\/\/api.w.org\/{rel}","templated":true}]}}