{"id":4615,"date":"2023-08-11T17:08:22","date_gmt":"2023-08-11T16:08:22","guid":{"rendered":"https:\/\/itineraires.sudvelo.com\/miles\/2023\/08\/11\/en-avant-guingamp\/"},"modified":"2023-08-14T07:53:18","modified_gmt":"2023-08-14T06:53:18","slug":"en-avant-guingamp","status":"publish","type":"post","link":"http:\/\/itineraires.sudvelo.com\/miles\/2023\/08\/11\/en-avant-guingamp\/","title":{"rendered":"En avant Guingamp"},"content":{"rendered":"\n<p>Il faut dire qu&rsquo;hier soir on a eu plus de mal \u00e0 nous laver les mains qu&rsquo;\u00e0 nous endormir. Heureusement la manip de raccourcissement de la cha\u00eene a fonctionn\u00e9. Gui\u00f4m a pu p\u00e9daler jusqu&rsquo;\u00e0 la gare de Morlaix. Je l&rsquo;ai laiss\u00e9 continuer seul apr\u00e8s 4km de parcours commun. Lui filait chopper le train, moi je filais vers l&rsquo;est en direction de St Brieuc via Guingamp, r\u00e9cup\u00e9rer ma voiture pour rejoindre le Finist\u00e8re sud 1 ou 2 jours encore.<\/p>\n\n\n\n<figure class=\"wp-block-image size-large\"><img loading=\"lazy\" decoding=\"async\" width=\"2640\" height=\"1488\" data-attachment-id=\"4610\" data-permalink=\"http:\/\/itineraires.sudvelo.com\/miles\/2023\/08\/11\/en-avant-guingamp\/20230811_0851554407266442965257813\/\" data-orig-file=\"https:\/\/i0.wp.com\/itineraires.sudvelo.com\/miles\/wp-content\/uploads\/2023\/08\/20230811_0851554407266442965257813.jpg?fit=2640%2C1488\" data-orig-size=\"2640,1488\" data-comments-opened=\"1\" data-image-meta=\"{&quot;aperture&quot;:&quot;0&quot;,&quot;credit&quot;:&quot;&quot;,&quot;camera&quot;:&quot;&quot;,&quot;caption&quot;:&quot;&quot;,&quot;created_timestamp&quot;:&quot;0&quot;,&quot;copyright&quot;:&quot;&quot;,&quot;focal_length&quot;:&quot;0&quot;,&quot;iso&quot;:&quot;0&quot;,&quot;shutter_speed&quot;:&quot;0&quot;,&quot;title&quot;:&quot;&quot;,&quot;orientation&quot;:&quot;0&quot;}\" data-image-title=\"20230811_0851554407266442965257813\" data-image-description=\"\" data-image-caption=\"\" data-medium-file=\"https:\/\/i0.wp.com\/itineraires.sudvelo.com\/miles\/wp-content\/uploads\/2023\/08\/20230811_0851554407266442965257813.jpg?fit=300%2C169\" data-large-file=\"https:\/\/i0.wp.com\/itineraires.sudvelo.com\/miles\/wp-content\/uploads\/2023\/08\/20230811_0851554407266442965257813.jpg?fit=610%2C344\" tabindex=\"0\" role=\"button\" src=\"https:\/\/i0.wp.com\/itineraires.sudvelo.com\/miles\/wp-content\/uploads\/2023\/08\/20230811_0851554407266442965257813.jpg?fit=474%2C267&amp;ssl=1\" alt=\"\" class=\"wp-image-4610\" srcset=\"https:\/\/i0.wp.com\/itineraires.sudvelo.com\/miles\/wp-content\/uploads\/2023\/08\/20230811_0851554407266442965257813.jpg?w=2640 2640w, https:\/\/i0.wp.com\/itineraires.sudvelo.com\/miles\/wp-content\/uploads\/2023\/08\/20230811_0851554407266442965257813.jpg?resize=300%2C169 300w, https:\/\/i0.wp.com\/itineraires.sudvelo.com\/miles\/wp-content\/uploads\/2023\/08\/20230811_0851554407266442965257813.jpg?resize=768%2C433 768w, https:\/\/i0.wp.com\/itineraires.sudvelo.com\/miles\/wp-content\/uploads\/2023\/08\/20230811_0851554407266442965257813.jpg?resize=1024%2C577 1024w, https:\/\/i0.wp.com\/itineraires.sudvelo.com\/miles\/wp-content\/uploads\/2023\/08\/20230811_0851554407266442965257813.jpg?resize=1250%2C705 1250w, https:\/\/i0.wp.com\/itineraires.sudvelo.com\/miles\/wp-content\/uploads\/2023\/08\/20230811_0851554407266442965257813.jpg?resize=400%2C225 400w, https:\/\/i0.wp.com\/itineraires.sudvelo.com\/miles\/wp-content\/uploads\/2023\/08\/20230811_0851554407266442965257813.jpg?w=1830 1830w\" sizes=\"(max-width: 610px) 100vw, 610px\" \/><\/figure>\n\n\n\n<p>Plus monotone que la D726 (ou 724 je sais plus) : \u00e7a doit pas exister. Des lignes droites, des mont\u00e9es parfois raides, des descentes, une s\u00e9rie de toboggans&#8230;<\/p>\n\n\n\n<p>A Guingamp je savais qu&rsquo;il existait une gare et des trains filant vers St brieuc avec des places pour les v\u00e9los : j&rsquo;en ai pris un, et voil\u00e0 comment s&rsquo;est termin\u00e9 ce p\u00e9riple. Arriv\u00e9 en gare de st brieuc Gui\u00f4m sur le quai attendait sa correspondance pour Nantes o\u00f9 s\u00e9journera sans son v\u00e9lo. Il pleuvait. Le monde \u00e9tait triste. On n&rsquo;avait pas d&rsquo;id\u00e9e de comment il se sortirait de cette impasse m\u00e9t\u00e9orologique.<\/p>\n\n\n\n<p><\/p>\n\n\n\n<figure class=\"wp-block-image size-large\"><img loading=\"lazy\" decoding=\"async\" width=\"2268\" height=\"4032\" data-attachment-id=\"4613\" data-permalink=\"http:\/\/itineraires.sudvelo.com\/miles\/2023\/08\/11\/en-avant-guingamp\/20230811_1212053504187724963448287\/\" data-orig-file=\"https:\/\/i0.wp.com\/itineraires.sudvelo.com\/miles\/wp-content\/uploads\/2023\/08\/20230811_1212053504187724963448287.jpg?fit=2268%2C4032\" data-orig-size=\"2268,4032\" data-comments-opened=\"1\" data-image-meta=\"{&quot;aperture&quot;:&quot;0&quot;,&quot;credit&quot;:&quot;&quot;,&quot;camera&quot;:&quot;&quot;,&quot;caption&quot;:&quot;&quot;,&quot;created_timestamp&quot;:&quot;0&quot;,&quot;copyright&quot;:&quot;&quot;,&quot;focal_length&quot;:&quot;0&quot;,&quot;iso&quot;:&quot;0&quot;,&quot;shutter_speed&quot;:&quot;0&quot;,&quot;title&quot;:&quot;&quot;,&quot;orientation&quot;:&quot;0&quot;}\" data-image-title=\"20230811_1212053504187724963448287\" data-image-description=\"\" data-image-caption=\"\" data-medium-file=\"https:\/\/i0.wp.com\/itineraires.sudvelo.com\/miles\/wp-content\/uploads\/2023\/08\/20230811_1212053504187724963448287.jpg?fit=169%2C300\" data-large-file=\"https:\/\/i0.wp.com\/itineraires.sudvelo.com\/miles\/wp-content\/uploads\/2023\/08\/20230811_1212053504187724963448287.jpg?fit=576%2C1024\" tabindex=\"0\" role=\"button\" src=\"https:\/\/i2.wp.com\/itineraires.sudvelo.com\/miles\/wp-content\/uploads\/2023\/08\/20230811_1212053504187724963448287.jpg?fit=474%2C843&amp;ssl=1\" alt=\"\" class=\"wp-image-4613\" srcset=\"https:\/\/i0.wp.com\/itineraires.sudvelo.com\/miles\/wp-content\/uploads\/2023\/08\/20230811_1212053504187724963448287.jpg?w=2268 2268w, https:\/\/i0.wp.com\/itineraires.sudvelo.com\/miles\/wp-content\/uploads\/2023\/08\/20230811_1212053504187724963448287.jpg?resize=169%2C300 169w, https:\/\/i0.wp.com\/itineraires.sudvelo.com\/miles\/wp-content\/uploads\/2023\/08\/20230811_1212053504187724963448287.jpg?resize=768%2C1365 768w, https:\/\/i0.wp.com\/itineraires.sudvelo.com\/miles\/wp-content\/uploads\/2023\/08\/20230811_1212053504187724963448287.jpg?resize=576%2C1024 576w, https:\/\/i0.wp.com\/itineraires.sudvelo.com\/miles\/wp-content\/uploads\/2023\/08\/20230811_1212053504187724963448287.jpg?resize=1250%2C2222 1250w, https:\/\/i0.wp.com\/itineraires.sudvelo.com\/miles\/wp-content\/uploads\/2023\/08\/20230811_1212053504187724963448287.jpg?resize=400%2C711 400w, https:\/\/i0.wp.com\/itineraires.sudvelo.com\/miles\/wp-content\/uploads\/2023\/08\/20230811_1212053504187724963448287.jpg?w=1830 1830w\" sizes=\"(max-width: 610px) 100vw, 610px\" \/><\/figure>\n\n\n\n<figure class=\"wp-block-image\"><img data-recalc-dims=\"1\" loading=\"lazy\" decoding=\"async\" width=\"610\" height=\"343\" data-attachment-id=\"4611\" data-permalink=\"http:\/\/itineraires.sudvelo.com\/miles\/2023\/08\/11\/en-avant-guingamp\/20230811_1238053537580203997136436\/\" data-orig-file=\"https:\/\/i0.wp.com\/itineraires.sudvelo.com\/miles\/wp-content\/uploads\/2023\/08\/20230811_1238053537580203997136436.jpg?fit=3000%2C1688\" data-orig-size=\"3000,1688\" data-comments-opened=\"1\" data-image-meta=\"{&quot;aperture&quot;:&quot;0&quot;,&quot;credit&quot;:&quot;&quot;,&quot;camera&quot;:&quot;&quot;,&quot;caption&quot;:&quot;&quot;,&quot;created_timestamp&quot;:&quot;0&quot;,&quot;copyright&quot;:&quot;&quot;,&quot;focal_length&quot;:&quot;0&quot;,&quot;iso&quot;:&quot;0&quot;,&quot;shutter_speed&quot;:&quot;0&quot;,&quot;title&quot;:&quot;&quot;,&quot;orientation&quot;:&quot;0&quot;}\" data-image-title=\"20230811_1238053537580203997136436\" data-image-description=\"\" data-image-caption=\"\" data-medium-file=\"https:\/\/i0.wp.com\/itineraires.sudvelo.com\/miles\/wp-content\/uploads\/2023\/08\/20230811_1238053537580203997136436.jpg?fit=300%2C169\" data-large-file=\"https:\/\/i0.wp.com\/itineraires.sudvelo.com\/miles\/wp-content\/uploads\/2023\/08\/20230811_1238053537580203997136436.jpg?fit=610%2C343\" tabindex=\"0\" role=\"button\" src=\"https:\/\/i0.wp.com\/itineraires.sudvelo.com\/miles\/wp-content\/uploads\/2023\/08\/20230811_1238053537580203997136436-1024x576.jpg?resize=610%2C343&#038;ssl=1\" alt=\"\" class=\"wp-image-4611\" srcset=\"https:\/\/i0.wp.com\/itineraires.sudvelo.com\/miles\/wp-content\/uploads\/2023\/08\/20230811_1238053537580203997136436.jpg?resize=1024%2C576 1024w, https:\/\/i0.wp.com\/itineraires.sudvelo.com\/miles\/wp-content\/uploads\/2023\/08\/20230811_1238053537580203997136436.jpg?resize=300%2C169 300w, https:\/\/i0.wp.com\/itineraires.sudvelo.com\/miles\/wp-content\/uploads\/2023\/08\/20230811_1238053537580203997136436.jpg?resize=768%2C432 768w, https:\/\/i0.wp.com\/itineraires.sudvelo.com\/miles\/wp-content\/uploads\/2023\/08\/20230811_1238053537580203997136436.jpg?resize=1250%2C703 1250w, https:\/\/i0.wp.com\/itineraires.sudvelo.com\/miles\/wp-content\/uploads\/2023\/08\/20230811_1238053537580203997136436.jpg?resize=400%2C225 400w, https:\/\/i0.wp.com\/itineraires.sudvelo.com\/miles\/wp-content\/uploads\/2023\/08\/20230811_1238053537580203997136436.jpg?w=1830 1830w\" sizes=\"(max-width: 610px) 100vw, 610px\" \/><\/figure>\n\n\n\n<figure class=\"wp-block-image\"><img data-recalc-dims=\"1\" loading=\"lazy\" decoding=\"async\" width=\"610\" height=\"343\" data-attachment-id=\"4612\" data-permalink=\"http:\/\/itineraires.sudvelo.com\/miles\/2023\/08\/11\/en-avant-guingamp\/20230811_1233045076833635776455231\/\" data-orig-file=\"https:\/\/i0.wp.com\/itineraires.sudvelo.com\/miles\/wp-content\/uploads\/2023\/08\/20230811_1233045076833635776455231.jpg?fit=3000%2C1688\" data-orig-size=\"3000,1688\" data-comments-opened=\"1\" data-image-meta=\"{&quot;aperture&quot;:&quot;0&quot;,&quot;credit&quot;:&quot;&quot;,&quot;camera&quot;:&quot;&quot;,&quot;caption&quot;:&quot;&quot;,&quot;created_timestamp&quot;:&quot;0&quot;,&quot;copyright&quot;:&quot;&quot;,&quot;focal_length&quot;:&quot;0&quot;,&quot;iso&quot;:&quot;0&quot;,&quot;shutter_speed&quot;:&quot;0&quot;,&quot;title&quot;:&quot;&quot;,&quot;orientation&quot;:&quot;0&quot;}\" data-image-title=\"20230811_1233045076833635776455231\" data-image-description=\"\" data-image-caption=\"\" data-medium-file=\"https:\/\/i0.wp.com\/itineraires.sudvelo.com\/miles\/wp-content\/uploads\/2023\/08\/20230811_1233045076833635776455231.jpg?fit=300%2C169\" data-large-file=\"https:\/\/i0.wp.com\/itineraires.sudvelo.com\/miles\/wp-content\/uploads\/2023\/08\/20230811_1233045076833635776455231.jpg?fit=610%2C343\" tabindex=\"0\" role=\"button\" src=\"https:\/\/i0.wp.com\/itineraires.sudvelo.com\/miles\/wp-content\/uploads\/2023\/08\/20230811_1233045076833635776455231-1024x576.jpg?resize=610%2C343&#038;ssl=1\" alt=\"\" class=\"wp-image-4612\" srcset=\"https:\/\/i0.wp.com\/itineraires.sudvelo.com\/miles\/wp-content\/uploads\/2023\/08\/20230811_1233045076833635776455231.jpg?resize=1024%2C576 1024w, https:\/\/i0.wp.com\/itineraires.sudvelo.com\/miles\/wp-content\/uploads\/2023\/08\/20230811_1233045076833635776455231.jpg?resize=300%2C169 300w, https:\/\/i0.wp.com\/itineraires.sudvelo.com\/miles\/wp-content\/uploads\/2023\/08\/20230811_1233045076833635776455231.jpg?resize=768%2C432 768w, https:\/\/i0.wp.com\/itineraires.sudvelo.com\/miles\/wp-content\/uploads\/2023\/08\/20230811_1233045076833635776455231.jpg?resize=1250%2C703 1250w, https:\/\/i0.wp.com\/itineraires.sudvelo.com\/miles\/wp-content\/uploads\/2023\/08\/20230811_1233045076833635776455231.jpg?resize=400%2C225 400w, https:\/\/i0.wp.com\/itineraires.sudvelo.com\/miles\/wp-content\/uploads\/2023\/08\/20230811_1233045076833635776455231.jpg?w=1830 1830w\" sizes=\"(max-width: 610px) 100vw, 610px\" \/><\/figure>\n\n\n\n<p>Voil\u00e0. Apres ce compte-rendu, la r\u00e9daction comprendrait que vous vous d\u00e9tourniez d&rsquo;un blog o\u00f9 la d\u00e9primante n&rsquo;est pas un n\u00e9ologisme mais une tradition de fin de s\u00e9jour. Pour ceux r\u00e9cemment desinscrits de \u00ab\u00a0lena Situation\u00a0\u00bb ou du \u00ab\u00a0potager d&rsquo;olivier\u00a0\u00bb pour suivre pleinement \u00ab\u00a0itin\u00e9raires sudvelo\u00a0\u00bb, vous pouvez retourner \u00e0 vos pr\u00e9c\u00e9dentes passions. Rendez vous au prochain p\u00e9riple&#8230; pour le moment s\u00e9ance photo sur le port du Guilvinec.<\/p>\n\n\n\n<p>Tchuss<\/p>\n\n\n\n<figure class=\"wp-block-image size-large\"><img loading=\"lazy\" decoding=\"async\" width=\"3000\" height=\"1688\" data-attachment-id=\"4614\" data-permalink=\"http:\/\/itineraires.sudvelo.com\/miles\/2023\/08\/11\/en-avant-guingamp\/20230811_1726171120968296573101960\/\" data-orig-file=\"https:\/\/i0.wp.com\/itineraires.sudvelo.com\/miles\/wp-content\/uploads\/2023\/08\/20230811_1726171120968296573101960.jpg?fit=3000%2C1688\" data-orig-size=\"3000,1688\" data-comments-opened=\"1\" data-image-meta=\"{&quot;aperture&quot;:&quot;0&quot;,&quot;credit&quot;:&quot;&quot;,&quot;camera&quot;:&quot;&quot;,&quot;caption&quot;:&quot;&quot;,&quot;created_timestamp&quot;:&quot;0&quot;,&quot;copyright&quot;:&quot;&quot;,&quot;focal_length&quot;:&quot;0&quot;,&quot;iso&quot;:&quot;0&quot;,&quot;shutter_speed&quot;:&quot;0&quot;,&quot;title&quot;:&quot;&quot;,&quot;orientation&quot;:&quot;0&quot;}\" data-image-title=\"20230811_1726171120968296573101960\" data-image-description=\"\" data-image-caption=\"\" data-medium-file=\"https:\/\/i0.wp.com\/itineraires.sudvelo.com\/miles\/wp-content\/uploads\/2023\/08\/20230811_1726171120968296573101960.jpg?fit=300%2C169\" data-large-file=\"https:\/\/i0.wp.com\/itineraires.sudvelo.com\/miles\/wp-content\/uploads\/2023\/08\/20230811_1726171120968296573101960.jpg?fit=610%2C343\" tabindex=\"0\" role=\"button\" src=\"https:\/\/i2.wp.com\/itineraires.sudvelo.com\/miles\/wp-content\/uploads\/2023\/08\/20230811_1726171120968296573101960.jpg?fit=474%2C267&amp;ssl=1\" alt=\"\" class=\"wp-image-4614\" srcset=\"https:\/\/i0.wp.com\/itineraires.sudvelo.com\/miles\/wp-content\/uploads\/2023\/08\/20230811_1726171120968296573101960.jpg?w=3000 3000w, https:\/\/i0.wp.com\/itineraires.sudvelo.com\/miles\/wp-content\/uploads\/2023\/08\/20230811_1726171120968296573101960.jpg?resize=300%2C169 300w, https:\/\/i0.wp.com\/itineraires.sudvelo.com\/miles\/wp-content\/uploads\/2023\/08\/20230811_1726171120968296573101960.jpg?resize=768%2C432 768w, https:\/\/i0.wp.com\/itineraires.sudvelo.com\/miles\/wp-content\/uploads\/2023\/08\/20230811_1726171120968296573101960.jpg?resize=1024%2C576 1024w, https:\/\/i0.wp.com\/itineraires.sudvelo.com\/miles\/wp-content\/uploads\/2023\/08\/20230811_1726171120968296573101960.jpg?resize=1250%2C703 1250w, https:\/\/i0.wp.com\/itineraires.sudvelo.com\/miles\/wp-content\/uploads\/2023\/08\/20230811_1726171120968296573101960.jpg?resize=400%2C225 400w, https:\/\/i0.wp.com\/itineraires.sudvelo.com\/miles\/wp-content\/uploads\/2023\/08\/20230811_1726171120968296573101960.jpg?w=1830 1830w\" sizes=\"(max-width: 610px) 100vw, 610px\" \/><\/figure>\n","protected":false},"excerpt":{"rendered":"<p>Il faut dire qu&rsquo;hier soir on a eu plus de mal \u00e0 nous laver les mains qu&rsquo;\u00e0 nous endormir. Heureusement la manip de raccourcissement de la cha\u00eene a fonctionn\u00e9. Gui\u00f4m a pu p\u00e9daler jusqu&rsquo;\u00e0 la gare de Morlaix. Je l&rsquo;ai laiss\u00e9 continuer seul apr\u00e8s 4km de parcours commun. Lui filait chopper le train, moi je [&hellip;]<\/p>\n","protected":false},"author":2,"featured_media":0,"comment_status":"open","ping_status":"open","sticky":false,"template":"","format":"standard","meta":{"jetpack_post_was_ever_published":false,"_jetpack_newsletter_access":"","_jetpack_dont_email_post_to_subs":false,"_jetpack_newsletter_tier_id":0,"_jetpack_memberships_contains_paywalled_content":false,"_jetpack_memberships_contains_paid_content":false,"footnotes":"","jetpack_publicize_message":"","jetpack_publicize_feature_enabled":true,"jetpack_social_post_already_shared":true,"jetpack_social_options":{"image_generator_settings":{"template":"highway","enabled":false},"version":2}},"categories":[54,36],"tags":[],"class_list":["post-4615","post","type-post","status-publish","format-standard","hentry","category-bretagne-nord","category-hexagone"],"jetpack_publicize_connections":[],"jetpack_featured_media_url":"","jetpack_sharing_enabled":true,"jetpack_shortlink":"https:\/\/wp.me\/p6ioUK-1cr","jetpack_likes_enabled":true,"_links":{"self":[{"href":"http:\/\/itineraires.sudvelo.com\/miles\/wp-json\/wp\/v2\/posts\/4615"}],"collection":[{"href":"http:\/\/itineraires.sudvelo.com\/miles\/wp-json\/wp\/v2\/posts"}],"about":[{"href":"http:\/\/itineraires.sudvelo.com\/miles\/wp-json\/wp\/v2\/types\/post"}],"author":[{"embeddable":true,"href":"http:\/\/itineraires.sudvelo.com\/miles\/wp-json\/wp\/v2\/users\/2"}],"replies":[{"embeddable":true,"href":"http:\/\/itineraires.sudvelo.com\/miles\/wp-json\/wp\/v2\/comments?post=4615"}],"version-history":[{"count":1,"href":"http:\/\/itineraires.sudvelo.com\/miles\/wp-json\/wp\/v2\/posts\/4615\/revisions"}],"predecessor-version":[{"id":4617,"href":"http:\/\/itineraires.sudvelo.com\/miles\/wp-json\/wp\/v2\/posts\/4615\/revisions\/4617"}],"wp:attachment":[{"href":"http:\/\/itineraires.sudvelo.com\/miles\/wp-json\/wp\/v2\/media?parent=4615"}],"wp:term":[{"taxonomy":"category","embeddable":true,"href":"http:\/\/itineraires.sudvelo.com\/miles\/wp-json\/wp\/v2\/categories?post=4615"},{"taxonomy":"post_tag","embeddable":true,"href":"http:\/\/itineraires.sudvelo.com\/miles\/wp-json\/wp\/v2\/tags?post=4615"}],"curies":[{"name":"wp","href":"https:\/\/api.w.org\/{rel}","templated":true}]}}