{"id":4389,"date":"2022-06-13T05:48:41","date_gmt":"2022-06-13T04:48:41","guid":{"rendered":"http:\/\/itineraires.sudvelo.com\/miles\/2022\/06\/13\/smells-like-lofoten-spirit-13-juin-7h\/"},"modified":"2022-06-13T05:48:41","modified_gmt":"2022-06-13T04:48:41","slug":"smells-like-lofoten-spirit-13-juin-7h","status":"publish","type":"post","link":"http:\/\/itineraires.sudvelo.com\/miles\/2022\/06\/13\/smells-like-lofoten-spirit-13-juin-7h\/","title":{"rendered":"Smells like lofoten spirit &#8211; 13 juin, 7h"},"content":{"rendered":"\n<p>Il y a 2 mois environ j&rsquo;apprenais que de Montpellier partirait un vol hebdomadaire pour Oslo \u00e0 partir du 11 juin,\u00a0 pour la p\u00e9riode estivale. Quelques jours plus tard je r\u00e9servais les billets pour la Norv\u00e8ge.<\/p>\n\n\n\n<p>Au vol Flyr [flire] jusqu&rsquo;\u00e0 Oslo, j&rsquo;ajoutais un vol int\u00e9rieur jusqu&rsquo;\u00e0 Bod\u00f8 [boudo], et la surtaxe permettant d&#8217;embarquer les v\u00e9los.<\/p>\n\n\n\n<p>2 mois plus tard, apr\u00e8s moins de 5h de vol mais beaucoup de temps pass\u00e9 entre a\u00e9roport et h\u00f4tels, nous voil\u00e0 sur le seuil des lofoten, \u00e0 Bod\u00f8.<\/p>\n\n\n\n<p>On ne peut pas dire qu&rsquo;il fasse grand beau (petite rinc\u00e9e hier soir) mais on appr\u00e9cie les 14\u00b0 du matin \u00e0 l&#8217;embarcad\u00e8re \ud83d\ude42<\/p>\n\n\n\n<p>Ferry gratuit pour les pi\u00e9tons et cyclistes. Depart 7h arriv\u00e9e pr\u00e9vue \u00e0 10h30 pour les premiers tours de roues, enfin, sur les \u00eeles lofo10.<\/p>\n\n\n\n<p><\/p>\n\n\n\n<figure class=\"wp-block-image size-large\"><img loading=\"lazy\" decoding=\"async\" width=\"3000\" height=\"1688\" data-attachment-id=\"4387\" data-permalink=\"http:\/\/itineraires.sudvelo.com\/miles\/2022\/06\/13\/smells-like-lofoten-spirit-13-juin-7h\/20220613_0629147944497782068675980\/\" data-orig-file=\"https:\/\/i0.wp.com\/itineraires.sudvelo.com\/miles\/wp-content\/uploads\/2022\/06\/20220613_0629147944497782068675980.jpg?fit=3000%2C1688\" data-orig-size=\"3000,1688\" data-comments-opened=\"1\" data-image-meta=\"{&quot;aperture&quot;:&quot;0&quot;,&quot;credit&quot;:&quot;&quot;,&quot;camera&quot;:&quot;&quot;,&quot;caption&quot;:&quot;&quot;,&quot;created_timestamp&quot;:&quot;0&quot;,&quot;copyright&quot;:&quot;&quot;,&quot;focal_length&quot;:&quot;0&quot;,&quot;iso&quot;:&quot;0&quot;,&quot;shutter_speed&quot;:&quot;0&quot;,&quot;title&quot;:&quot;&quot;,&quot;orientation&quot;:&quot;0&quot;}\" data-image-title=\"20220613_0629147944497782068675980\" data-image-description=\"\" data-image-caption=\"\" data-medium-file=\"https:\/\/i0.wp.com\/itineraires.sudvelo.com\/miles\/wp-content\/uploads\/2022\/06\/20220613_0629147944497782068675980.jpg?fit=300%2C169\" data-large-file=\"https:\/\/i0.wp.com\/itineraires.sudvelo.com\/miles\/wp-content\/uploads\/2022\/06\/20220613_0629147944497782068675980.jpg?fit=610%2C343\" tabindex=\"0\" role=\"button\" src=\"https:\/\/i1.wp.com\/itineraires.sudvelo.com\/miles\/wp-content\/uploads\/2022\/06\/20220613_0629147944497782068675980.jpg?fit=474%2C267\" alt=\"\" class=\"wp-image-4387\" srcset=\"https:\/\/i0.wp.com\/itineraires.sudvelo.com\/miles\/wp-content\/uploads\/2022\/06\/20220613_0629147944497782068675980.jpg?w=3000 3000w, https:\/\/i0.wp.com\/itineraires.sudvelo.com\/miles\/wp-content\/uploads\/2022\/06\/20220613_0629147944497782068675980.jpg?resize=300%2C169 300w, https:\/\/i0.wp.com\/itineraires.sudvelo.com\/miles\/wp-content\/uploads\/2022\/06\/20220613_0629147944497782068675980.jpg?resize=768%2C432 768w, https:\/\/i0.wp.com\/itineraires.sudvelo.com\/miles\/wp-content\/uploads\/2022\/06\/20220613_0629147944497782068675980.jpg?resize=1024%2C576 1024w, https:\/\/i0.wp.com\/itineraires.sudvelo.com\/miles\/wp-content\/uploads\/2022\/06\/20220613_0629147944497782068675980.jpg?resize=1250%2C703 1250w, https:\/\/i0.wp.com\/itineraires.sudvelo.com\/miles\/wp-content\/uploads\/2022\/06\/20220613_0629147944497782068675980.jpg?resize=400%2C225 400w, https:\/\/i0.wp.com\/itineraires.sudvelo.com\/miles\/wp-content\/uploads\/2022\/06\/20220613_0629147944497782068675980.jpg?w=1830 1830w\" sizes=\"(max-width: 610px) 100vw, 610px\" \/><\/figure>\n\n\n\n<figure class=\"wp-block-image\"><img data-recalc-dims=\"1\" loading=\"lazy\" decoding=\"async\" width=\"610\" height=\"343\" data-attachment-id=\"4385\" data-permalink=\"http:\/\/itineraires.sudvelo.com\/miles\/2022\/06\/13\/smells-like-lofoten-spirit-13-juin-7h\/20220613_0624163334375712070384861\/\" data-orig-file=\"https:\/\/i0.wp.com\/itineraires.sudvelo.com\/miles\/wp-content\/uploads\/2022\/06\/20220613_0624163334375712070384861.jpg?fit=3000%2C1688\" data-orig-size=\"3000,1688\" data-comments-opened=\"1\" data-image-meta=\"{&quot;aperture&quot;:&quot;0&quot;,&quot;credit&quot;:&quot;&quot;,&quot;camera&quot;:&quot;&quot;,&quot;caption&quot;:&quot;&quot;,&quot;created_timestamp&quot;:&quot;0&quot;,&quot;copyright&quot;:&quot;&quot;,&quot;focal_length&quot;:&quot;0&quot;,&quot;iso&quot;:&quot;0&quot;,&quot;shutter_speed&quot;:&quot;0&quot;,&quot;title&quot;:&quot;&quot;,&quot;orientation&quot;:&quot;0&quot;}\" data-image-title=\"20220613_0624163334375712070384861\" data-image-description=\"\" data-image-caption=\"\" data-medium-file=\"https:\/\/i0.wp.com\/itineraires.sudvelo.com\/miles\/wp-content\/uploads\/2022\/06\/20220613_0624163334375712070384861.jpg?fit=300%2C169\" data-large-file=\"https:\/\/i0.wp.com\/itineraires.sudvelo.com\/miles\/wp-content\/uploads\/2022\/06\/20220613_0624163334375712070384861.jpg?fit=610%2C343\" tabindex=\"0\" role=\"button\" src=\"https:\/\/i0.wp.com\/itineraires.sudvelo.com\/miles\/wp-content\/uploads\/2022\/06\/20220613_0624163334375712070384861.jpg?resize=610%2C343\" alt=\"\" class=\"wp-image-4385\" srcset=\"https:\/\/i0.wp.com\/itineraires.sudvelo.com\/miles\/wp-content\/uploads\/2022\/06\/20220613_0624163334375712070384861.jpg?w=3000 3000w, https:\/\/i0.wp.com\/itineraires.sudvelo.com\/miles\/wp-content\/uploads\/2022\/06\/20220613_0624163334375712070384861.jpg?resize=300%2C169 300w, https:\/\/i0.wp.com\/itineraires.sudvelo.com\/miles\/wp-content\/uploads\/2022\/06\/20220613_0624163334375712070384861.jpg?resize=768%2C432 768w, https:\/\/i0.wp.com\/itineraires.sudvelo.com\/miles\/wp-content\/uploads\/2022\/06\/20220613_0624163334375712070384861.jpg?resize=1024%2C576 1024w, https:\/\/i0.wp.com\/itineraires.sudvelo.com\/miles\/wp-content\/uploads\/2022\/06\/20220613_0624163334375712070384861.jpg?resize=1250%2C703 1250w, https:\/\/i0.wp.com\/itineraires.sudvelo.com\/miles\/wp-content\/uploads\/2022\/06\/20220613_0624163334375712070384861.jpg?resize=400%2C225 400w, https:\/\/i0.wp.com\/itineraires.sudvelo.com\/miles\/wp-content\/uploads\/2022\/06\/20220613_0624163334375712070384861.jpg?w=1830 1830w\" sizes=\"(max-width: 610px) 100vw, 610px\" \/><\/figure>\n\n\n\n<figure class=\"wp-block-image\"><img data-recalc-dims=\"1\" loading=\"lazy\" decoding=\"async\" width=\"610\" height=\"344\" data-attachment-id=\"4384\" data-permalink=\"http:\/\/itineraires.sudvelo.com\/miles\/2022\/06\/13\/smells-like-lofoten-spirit-13-juin-7h\/20220613_0614453684441025697793512\/\" data-orig-file=\"https:\/\/i0.wp.com\/itineraires.sudvelo.com\/miles\/wp-content\/uploads\/2022\/06\/20220613_0614453684441025697793512.jpg?fit=2640%2C1488\" data-orig-size=\"2640,1488\" data-comments-opened=\"1\" data-image-meta=\"{&quot;aperture&quot;:&quot;0&quot;,&quot;credit&quot;:&quot;&quot;,&quot;camera&quot;:&quot;&quot;,&quot;caption&quot;:&quot;&quot;,&quot;created_timestamp&quot;:&quot;0&quot;,&quot;copyright&quot;:&quot;&quot;,&quot;focal_length&quot;:&quot;0&quot;,&quot;iso&quot;:&quot;0&quot;,&quot;shutter_speed&quot;:&quot;0&quot;,&quot;title&quot;:&quot;&quot;,&quot;orientation&quot;:&quot;0&quot;}\" data-image-title=\"20220613_0614453684441025697793512\" data-image-description=\"\" data-image-caption=\"\" data-medium-file=\"https:\/\/i0.wp.com\/itineraires.sudvelo.com\/miles\/wp-content\/uploads\/2022\/06\/20220613_0614453684441025697793512.jpg?fit=300%2C169\" data-large-file=\"https:\/\/i0.wp.com\/itineraires.sudvelo.com\/miles\/wp-content\/uploads\/2022\/06\/20220613_0614453684441025697793512.jpg?fit=610%2C344\" tabindex=\"0\" role=\"button\" src=\"https:\/\/i0.wp.com\/itineraires.sudvelo.com\/miles\/wp-content\/uploads\/2022\/06\/20220613_0614453684441025697793512.jpg?resize=610%2C344\" alt=\"\" class=\"wp-image-4384\" srcset=\"https:\/\/i0.wp.com\/itineraires.sudvelo.com\/miles\/wp-content\/uploads\/2022\/06\/20220613_0614453684441025697793512.jpg?w=2640 2640w, https:\/\/i0.wp.com\/itineraires.sudvelo.com\/miles\/wp-content\/uploads\/2022\/06\/20220613_0614453684441025697793512.jpg?resize=300%2C169 300w, https:\/\/i0.wp.com\/itineraires.sudvelo.com\/miles\/wp-content\/uploads\/2022\/06\/20220613_0614453684441025697793512.jpg?resize=768%2C433 768w, https:\/\/i0.wp.com\/itineraires.sudvelo.com\/miles\/wp-content\/uploads\/2022\/06\/20220613_0614453684441025697793512.jpg?resize=1024%2C577 1024w, https:\/\/i0.wp.com\/itineraires.sudvelo.com\/miles\/wp-content\/uploads\/2022\/06\/20220613_0614453684441025697793512.jpg?resize=1250%2C705 1250w, https:\/\/i0.wp.com\/itineraires.sudvelo.com\/miles\/wp-content\/uploads\/2022\/06\/20220613_0614453684441025697793512.jpg?resize=400%2C225 400w, https:\/\/i0.wp.com\/itineraires.sudvelo.com\/miles\/wp-content\/uploads\/2022\/06\/20220613_0614453684441025697793512.jpg?w=1830 1830w\" sizes=\"(max-width: 610px) 100vw, 610px\" \/><\/figure>\n\n\n\n<figure class=\"wp-block-image\"><img data-recalc-dims=\"1\" loading=\"lazy\" decoding=\"async\" width=\"610\" height=\"343\" data-attachment-id=\"4386\" data-permalink=\"http:\/\/itineraires.sudvelo.com\/miles\/2022\/06\/13\/smells-like-lofoten-spirit-13-juin-7h\/20220612_1927236506244480958788894\/\" data-orig-file=\"https:\/\/i0.wp.com\/itineraires.sudvelo.com\/miles\/wp-content\/uploads\/2022\/06\/20220612_1927236506244480958788894.jpg?fit=3000%2C1688\" data-orig-size=\"3000,1688\" data-comments-opened=\"1\" data-image-meta=\"{&quot;aperture&quot;:&quot;0&quot;,&quot;credit&quot;:&quot;&quot;,&quot;camera&quot;:&quot;&quot;,&quot;caption&quot;:&quot;&quot;,&quot;created_timestamp&quot;:&quot;0&quot;,&quot;copyright&quot;:&quot;&quot;,&quot;focal_length&quot;:&quot;0&quot;,&quot;iso&quot;:&quot;0&quot;,&quot;shutter_speed&quot;:&quot;0&quot;,&quot;title&quot;:&quot;&quot;,&quot;orientation&quot;:&quot;0&quot;}\" data-image-title=\"20220612_1927236506244480958788894\" data-image-description=\"\" data-image-caption=\"\" data-medium-file=\"https:\/\/i0.wp.com\/itineraires.sudvelo.com\/miles\/wp-content\/uploads\/2022\/06\/20220612_1927236506244480958788894.jpg?fit=300%2C169\" data-large-file=\"https:\/\/i0.wp.com\/itineraires.sudvelo.com\/miles\/wp-content\/uploads\/2022\/06\/20220612_1927236506244480958788894.jpg?fit=610%2C343\" tabindex=\"0\" role=\"button\" src=\"https:\/\/i0.wp.com\/itineraires.sudvelo.com\/miles\/wp-content\/uploads\/2022\/06\/20220612_1927236506244480958788894.jpg?resize=610%2C343\" alt=\"\" class=\"wp-image-4386\" srcset=\"https:\/\/i0.wp.com\/itineraires.sudvelo.com\/miles\/wp-content\/uploads\/2022\/06\/20220612_1927236506244480958788894.jpg?w=3000 3000w, https:\/\/i0.wp.com\/itineraires.sudvelo.com\/miles\/wp-content\/uploads\/2022\/06\/20220612_1927236506244480958788894.jpg?resize=300%2C169 300w, https:\/\/i0.wp.com\/itineraires.sudvelo.com\/miles\/wp-content\/uploads\/2022\/06\/20220612_1927236506244480958788894.jpg?resize=768%2C432 768w, https:\/\/i0.wp.com\/itineraires.sudvelo.com\/miles\/wp-content\/uploads\/2022\/06\/20220612_1927236506244480958788894.jpg?resize=1024%2C576 1024w, https:\/\/i0.wp.com\/itineraires.sudvelo.com\/miles\/wp-content\/uploads\/2022\/06\/20220612_1927236506244480958788894.jpg?resize=1250%2C703 1250w, https:\/\/i0.wp.com\/itineraires.sudvelo.com\/miles\/wp-content\/uploads\/2022\/06\/20220612_1927236506244480958788894.jpg?resize=400%2C225 400w, https:\/\/i0.wp.com\/itineraires.sudvelo.com\/miles\/wp-content\/uploads\/2022\/06\/20220612_1927236506244480958788894.jpg?w=1830 1830w\" sizes=\"(max-width: 610px) 100vw, 610px\" \/><\/figure>\n","protected":false},"excerpt":{"rendered":"<p>Il y a 2 mois environ j&rsquo;apprenais que de Montpellier partirait un vol hebdomadaire pour Oslo \u00e0 partir du 11 juin,\u00a0 pour la p\u00e9riode estivale. Quelques jours plus tard je r\u00e9servais les billets pour la Norv\u00e8ge. Au vol Flyr [flire] jusqu&rsquo;\u00e0 Oslo, j&rsquo;ajoutais un vol int\u00e9rieur jusqu&rsquo;\u00e0 Bod\u00f8 [boudo], et la surtaxe permettant d&#8217;embarquer les [&hellip;]<\/p>\n","protected":false},"author":2,"featured_media":4388,"comment_status":"open","ping_status":"open","sticky":false,"template":"","format":"standard","meta":{"jetpack_post_was_ever_published":false,"_jetpack_newsletter_access":"","_jetpack_dont_email_post_to_subs":false,"_jetpack_newsletter_tier_id":0,"_jetpack_memberships_contains_paywalled_content":false,"_jetpack_memberships_contains_paid_content":false,"footnotes":"","jetpack_publicize_message":"","jetpack_publicize_feature_enabled":true,"jetpack_social_post_already_shared":true,"jetpack_social_options":{"image_generator_settings":{"template":"highway","enabled":false},"version":2}},"categories":[53],"tags":[],"class_list":["post-4389","post","type-post","status-publish","format-standard","has-post-thumbnail","hentry","category-lofoten"],"jetpack_publicize_connections":[],"jetpack_featured_media_url":"https:\/\/i0.wp.com\/itineraires.sudvelo.com\/miles\/wp-content\/uploads\/2022\/06\/20220613_062416.jpg?fit=4032%2C2268","jetpack_sharing_enabled":true,"jetpack_shortlink":"https:\/\/wp.me\/p6ioUK-18N","jetpack_likes_enabled":true,"_links":{"self":[{"href":"http:\/\/itineraires.sudvelo.com\/miles\/wp-json\/wp\/v2\/posts\/4389"}],"collection":[{"href":"http:\/\/itineraires.sudvelo.com\/miles\/wp-json\/wp\/v2\/posts"}],"about":[{"href":"http:\/\/itineraires.sudvelo.com\/miles\/wp-json\/wp\/v2\/types\/post"}],"author":[{"embeddable":true,"href":"http:\/\/itineraires.sudvelo.com\/miles\/wp-json\/wp\/v2\/users\/2"}],"replies":[{"embeddable":true,"href":"http:\/\/itineraires.sudvelo.com\/miles\/wp-json\/wp\/v2\/comments?post=4389"}],"version-history":[{"count":0,"href":"http:\/\/itineraires.sudvelo.com\/miles\/wp-json\/wp\/v2\/posts\/4389\/revisions"}],"wp:featuredmedia":[{"embeddable":true,"href":"http:\/\/itineraires.sudvelo.com\/miles\/wp-json\/wp\/v2\/media\/4388"}],"wp:attachment":[{"href":"http:\/\/itineraires.sudvelo.com\/miles\/wp-json\/wp\/v2\/media?parent=4389"}],"wp:term":[{"taxonomy":"category","embeddable":true,"href":"http:\/\/itineraires.sudvelo.com\/miles\/wp-json\/wp\/v2\/categories?post=4389"},{"taxonomy":"post_tag","embeddable":true,"href":"http:\/\/itineraires.sudvelo.com\/miles\/wp-json\/wp\/v2\/tags?post=4389"}],"curies":[{"name":"wp","href":"https:\/\/api.w.org\/{rel}","templated":true}]}}