{"id":392,"date":"2015-08-26T11:39:08","date_gmt":"2015-08-26T10:39:08","guid":{"rendered":"http:\/\/itineraires.sudvelo.com\/miles\/?p=392"},"modified":"2015-10-21T10:10:10","modified_gmt":"2015-10-21T09:10:10","slug":"deuxieme-etape-110km","status":"publish","type":"post","link":"http:\/\/itineraires.sudvelo.com\/miles\/2015\/08\/26\/deuxieme-etape-110km\/","title":{"rendered":"Deuxi\u00e8me \u00e9tape 110km"},"content":{"rendered":"<p>&nbsp;<a href=\"https:\/\/i0.wp.com\/itineraires.sudvelo.com\/miles\/wp-content\/uploads\/2015\/08\/IMG_5301.jpg\"><img data-recalc-dims=\"1\" decoding=\"async\" src=\"https:\/\/i0.wp.com\/itineraires.sudvelo.com\/miles\/wp-content\/uploads\/2015\/08\/IMG_5301.jpg?w=610\" alt=\"\"><\/a>&nbsp;&nbsp;<br \/>\n<a href=\"https:\/\/i0.wp.com\/itineraires.sudvelo.com\/miles\/wp-content\/uploads\/2015\/08\/IMG_5295.jpg\"><img data-recalc-dims=\"1\" decoding=\"async\" src=\"https:\/\/i0.wp.com\/itineraires.sudvelo.com\/miles\/wp-content\/uploads\/2015\/08\/IMG_5295.jpg?w=610\" alt=\"\"><\/a>&nbsp;&nbsp;<a href=\"https:\/\/i0.wp.com\/itineraires.sudvelo.com\/miles\/wp-content\/uploads\/2015\/08\/IMG_5302.jpg\"><img data-recalc-dims=\"1\" decoding=\"async\" src=\"https:\/\/i0.wp.com\/itineraires.sudvelo.com\/miles\/wp-content\/uploads\/2015\/08\/IMG_5302.jpg?w=610\" alt=\"\"><\/a>&nbsp;&nbsp;<br \/>\n<a href=\"https:\/\/i0.wp.com\/itineraires.sudvelo.com\/miles\/wp-content\/uploads\/2015\/08\/IMG_5304.jpg\"><img data-recalc-dims=\"1\" decoding=\"async\" src=\"https:\/\/i0.wp.com\/itineraires.sudvelo.com\/miles\/wp-content\/uploads\/2015\/08\/IMG_5304.jpg?w=610\" alt=\"\"><\/a>&nbsp;&nbsp;<a href=\"https:\/\/i0.wp.com\/itineraires.sudvelo.com\/miles\/wp-content\/uploads\/2015\/08\/IMG_5325.jpg\"><img data-recalc-dims=\"1\" decoding=\"async\" src=\"https:\/\/i0.wp.com\/itineraires.sudvelo.com\/miles\/wp-content\/uploads\/2015\/08\/IMG_5325.jpg?w=610\" alt=\"\"><\/a>&nbsp;&nbsp;<\/p>\n<ul>\n<li><a href=\"https:\/\/i0.wp.com\/itineraires.sudvelo.com\/miles\/wp-content\/uploads\/2015\/08\/IMG_5312.jpg\"><img data-recalc-dims=\"1\" decoding=\"async\" src=\"https:\/\/i0.wp.com\/itineraires.sudvelo.com\/miles\/wp-content\/uploads\/2015\/08\/IMG_5312.jpg?w=610\" alt=\"\"><span style=\"color: rgb(45, 45, 45);\">&nbsp;Premier col.<\/span><br \/>\n<\/a><\/li>\n<li>Une \u00e9tape assez longue en heures de selle :6h<\/li>\n<li>Des difficult\u00e9s \u00e0 trouver un restaurant.<\/li>\n<li>Un bon GPS pour trouver l&rsquo;auberge.<\/li>\n<li>Au final une superbe journ\u00e9e .<\/li>\n<li>Un superbe accueil aussi bien au restaurant qu&rsquo;\u00e0 l&rsquo;auberge.<\/li>\n<li>Des repas raffin\u00e9s.<\/li>\n<li>Tout pour plaire.<\/li>\n<\/ul>\n","protected":false},"excerpt":{"rendered":"<p>&nbsp;&nbsp;&nbsp; &nbsp;&nbsp;&nbsp;&nbsp; &nbsp;&nbsp;&nbsp;&nbsp; &nbsp;Premier col. Une \u00e9tape assez longue en heures de selle :6h Des difficult\u00e9s \u00e0 trouver un restaurant. Un bon GPS pour trouver l&rsquo;auberge. Au final une superbe journ\u00e9e . Un superbe accueil aussi bien au restaurant qu&rsquo;\u00e0 l&rsquo;auberge. Des repas raffin\u00e9s. Tout pour plaire.<\/p>\n","protected":false},"author":4,"featured_media":0,"comment_status":"open","ping_status":"open","sticky":false,"template":"","format":"standard","meta":{"jetpack_post_was_ever_published":false,"_jetpack_newsletter_access":"","_jetpack_dont_email_post_to_subs":false,"_jetpack_newsletter_tier_id":0,"_jetpack_memberships_contains_paywalled_content":false,"_jetpack_memberships_contains_paid_content":false,"footnotes":"","jetpack_publicize_message":"","jetpack_publicize_feature_enabled":true,"jetpack_social_post_already_shared":true,"jetpack_social_options":{"image_generator_settings":{"template":"highway","enabled":false},"version":2}},"categories":[29,5,3,8,7],"tags":[],"class_list":["post-392","post","type-post","status-publish","format-standard","hentry","category-hokkaido","category-japon","category-periples","category-sudvelo","category-voyages"],"jetpack_publicize_connections":[],"jetpack_featured_media_url":"","jetpack_sharing_enabled":true,"jetpack_shortlink":"https:\/\/wp.me\/p6ioUK-6k","jetpack_likes_enabled":true,"_links":{"self":[{"href":"http:\/\/itineraires.sudvelo.com\/miles\/wp-json\/wp\/v2\/posts\/392"}],"collection":[{"href":"http:\/\/itineraires.sudvelo.com\/miles\/wp-json\/wp\/v2\/posts"}],"about":[{"href":"http:\/\/itineraires.sudvelo.com\/miles\/wp-json\/wp\/v2\/types\/post"}],"author":[{"embeddable":true,"href":"http:\/\/itineraires.sudvelo.com\/miles\/wp-json\/wp\/v2\/users\/4"}],"replies":[{"embeddable":true,"href":"http:\/\/itineraires.sudvelo.com\/miles\/wp-json\/wp\/v2\/comments?post=392"}],"version-history":[{"count":1,"href":"http:\/\/itineraires.sudvelo.com\/miles\/wp-json\/wp\/v2\/posts\/392\/revisions"}],"predecessor-version":[{"id":393,"href":"http:\/\/itineraires.sudvelo.com\/miles\/wp-json\/wp\/v2\/posts\/392\/revisions\/393"}],"wp:attachment":[{"href":"http:\/\/itineraires.sudvelo.com\/miles\/wp-json\/wp\/v2\/media?parent=392"}],"wp:term":[{"taxonomy":"category","embeddable":true,"href":"http:\/\/itineraires.sudvelo.com\/miles\/wp-json\/wp\/v2\/categories?post=392"},{"taxonomy":"post_tag","embeddable":true,"href":"http:\/\/itineraires.sudvelo.com\/miles\/wp-json\/wp\/v2\/tags?post=392"}],"curies":[{"name":"wp","href":"https:\/\/api.w.org\/{rel}","templated":true}]}}