{"id":368,"date":"2015-08-24T12:50:05","date_gmt":"2015-08-24T11:50:05","guid":{"rendered":"http:\/\/itineraires.sudvelo.com\/miles\/?p=368"},"modified":"2015-10-21T10:13:32","modified_gmt":"2015-10-21T09:13:32","slug":"un-autre-finistere","status":"publish","type":"post","link":"http:\/\/itineraires.sudvelo.com\/miles\/2015\/08\/24\/un-autre-finistere\/","title":{"rendered":"Un autre Finist\u00e8re"},"content":{"rendered":"<p>Et enfin, nous part\u00eemes (et pas ils parterre).<\/p>\n<p>En direct de Utoro avant d&rsquo;aller nous coucher repus d&rsquo;un bon repas typique et un peu consum\u00e9 par une \u00e9tape plate mais encore sous le coup de la fatigue du voyage .<\/p>\n<p>Nous avons d\u00e9marr\u00e9 l&rsquo;\u00e9tape sous une pluie fine qui n&rsquo;a pas dur\u00e9 longtemps\u00a0 .<br \/>\nLe vent nous a ensuite port\u00e9 sur le bord de mer vers notre destination, apr\u00e8s 83km, dans une belle pension de ce petit port typique.<\/p>\n<p>Ce matin nous avons offert notre premi\u00e8re \u00ab\u00a0gold tour eifel\u00a0\u00bb \u00e0 notre h\u00f4te qui s&rsquo;est occup\u00e9e de nous avec le plus grand soin . Il est fort \u00e0 parier que demain nous offrons la deuxi\u00e8me vu la qualit\u00e9 du repas, du contact et des cadeaux offerts par la maison (un guide et la r\u00e9servation de notre h\u00e9bergement de demain).<\/p>\n<p><a href=\"https:\/\/i0.wp.com\/itineraires.sudvelo.com\/miles\/wp-content\/uploads\/2015\/08\/wpid-wp-1440416717989.jpg\"><img data-recalc-dims=\"1\" decoding=\"async\" class=\"alignnone size-full\" title=\"wp-1440416717989\" src=\"https:\/\/i0.wp.com\/itineraires.sudvelo.com\/miles\/wp-content\/uploads\/2015\/08\/wpid-wp-1440416717989.jpg?w=610\" alt=\"image\" \/><\/a><\/p>\n<p><a href=\"https:\/\/i0.wp.com\/itineraires.sudvelo.com\/miles\/wp-content\/uploads\/2015\/08\/wpid-wp-1440416763003.jpg\"><img data-recalc-dims=\"1\" decoding=\"async\" class=\"alignnone size-full\" title=\"wp-1440416763003\" src=\"https:\/\/i0.wp.com\/itineraires.sudvelo.com\/miles\/wp-content\/uploads\/2015\/08\/wpid-wp-1440416763003.jpg?w=610\" alt=\"image\" \/><\/a><\/p>\n<p><a href=\"https:\/\/i0.wp.com\/itineraires.sudvelo.com\/miles\/wp-content\/uploads\/2015\/08\/wpid-wp-1440416781559.jpg\"><img data-recalc-dims=\"1\" decoding=\"async\" class=\"alignnone size-full\" title=\"wp-1440416781559\" src=\"https:\/\/i0.wp.com\/itineraires.sudvelo.com\/miles\/wp-content\/uploads\/2015\/08\/wpid-wp-1440416781559.jpg?w=610\" alt=\"image\" \/><\/a><\/p>\n<p>Le paysage de la p\u00e9ninsule shiretoko est assez d\u00e9coup\u00e9 dans sa partie sud, bord\u00e9e de for\u00eats denses o\u00f9 logeraient quantit\u00e9s d&rsquo;ours.<\/p>\n<p>\u00c7a promet pour demain !!! On attaquera notre premier col charg\u00e9s. (Au sens propre du\u00a0terme).<\/p>\n<p>Bonne apr\u00e8s-midi et nuit.<br \/>\nA demain peut-\u00eatre \ud83d\ude42<\/p>\n","protected":false},"excerpt":{"rendered":"<p>Et enfin, nous part\u00eemes (et pas ils parterre). En direct de Utoro avant d&rsquo;aller nous coucher repus d&rsquo;un bon repas typique et un peu consum\u00e9 par une \u00e9tape plate mais encore sous le coup de la fatigue du voyage . Nous avons d\u00e9marr\u00e9 l&rsquo;\u00e9tape sous une pluie fine qui n&rsquo;a pas dur\u00e9 longtemps\u00a0 . Le [&hellip;]<\/p>\n","protected":false},"author":2,"featured_media":0,"comment_status":"open","ping_status":"open","sticky":false,"template":"","format":"standard","meta":{"jetpack_post_was_ever_published":false,"_jetpack_newsletter_access":"","_jetpack_dont_email_post_to_subs":false,"_jetpack_newsletter_tier_id":0,"_jetpack_memberships_contains_paywalled_content":false,"_jetpack_memberships_contains_paid_content":false,"footnotes":"","jetpack_publicize_message":"","jetpack_publicize_feature_enabled":true,"jetpack_social_post_already_shared":true,"jetpack_social_options":{"image_generator_settings":{"template":"highway","enabled":false},"version":2}},"categories":[5,3,8,7],"tags":[],"class_list":["post-368","post","type-post","status-publish","format-standard","hentry","category-japon","category-periples","category-sudvelo","category-voyages"],"jetpack_publicize_connections":[],"jetpack_featured_media_url":"","jetpack_sharing_enabled":true,"jetpack_shortlink":"https:\/\/wp.me\/p6ioUK-5W","jetpack_likes_enabled":true,"_links":{"self":[{"href":"http:\/\/itineraires.sudvelo.com\/miles\/wp-json\/wp\/v2\/posts\/368"}],"collection":[{"href":"http:\/\/itineraires.sudvelo.com\/miles\/wp-json\/wp\/v2\/posts"}],"about":[{"href":"http:\/\/itineraires.sudvelo.com\/miles\/wp-json\/wp\/v2\/types\/post"}],"author":[{"embeddable":true,"href":"http:\/\/itineraires.sudvelo.com\/miles\/wp-json\/wp\/v2\/users\/2"}],"replies":[{"embeddable":true,"href":"http:\/\/itineraires.sudvelo.com\/miles\/wp-json\/wp\/v2\/comments?post=368"}],"version-history":[{"count":2,"href":"http:\/\/itineraires.sudvelo.com\/miles\/wp-json\/wp\/v2\/posts\/368\/revisions"}],"predecessor-version":[{"id":1461,"href":"http:\/\/itineraires.sudvelo.com\/miles\/wp-json\/wp\/v2\/posts\/368\/revisions\/1461"}],"wp:attachment":[{"href":"http:\/\/itineraires.sudvelo.com\/miles\/wp-json\/wp\/v2\/media?parent=368"}],"wp:term":[{"taxonomy":"category","embeddable":true,"href":"http:\/\/itineraires.sudvelo.com\/miles\/wp-json\/wp\/v2\/categories?post=368"},{"taxonomy":"post_tag","embeddable":true,"href":"http:\/\/itineraires.sudvelo.com\/miles\/wp-json\/wp\/v2\/tags?post=368"}],"curies":[{"name":"wp","href":"https:\/\/api.w.org\/{rel}","templated":true}]}}