{"id":3538,"date":"2018-03-28T04:05:57","date_gmt":"2018-03-28T03:05:57","guid":{"rendered":"http:\/\/itineraires.sudvelo.com\/miles\/2018\/03\/28\/mardi-amol-chalos-95km\/"},"modified":"2018-03-28T04:05:57","modified_gmt":"2018-03-28T03:05:57","slug":"mardi-amol-chalos-95km","status":"publish","type":"post","link":"http:\/\/itineraires.sudvelo.com\/miles\/2018\/03\/28\/mardi-amol-chalos-95km\/","title":{"rendered":"Mardi Amol &#8211; Chalos. 95km"},"content":{"rendered":"<p>Bon je comptais faire vite ce soir et simplement poster des photos mais la technologie n&rsquo;aide pas&#8230; alors 3 mots sur l&rsquo;\u00e9tape.<\/p>\n<p>On a long\u00e9 la mer caspienne pendant 90 bornes et je peux vous dire que c&rsquo;\u00e9tait pas de la tarte, saif pour les 2 \u00e9ternels optimistes qui m&rsquo;accompagnent. Un jour au repos je vous en dirai plus sur cette portion qu&rsquo;on devra poursuivre 2 jours encore. Stress\u00e9s par ou dans le traffic ne venez pas ici \u00e0 v\u00e9lo&#8230; je me rappelle de l&rsquo;entr\u00e9e dans Ajaccio il y a 2 ans par 10km de voie rapide et du stress que \u00e7a nous avait procur\u00e9&#8230; 9 fois \u00e7a en distance, des voitures reculant sur la bande d&rsquo;arr\u00eat d&rsquo;urgence (large&#8230; ok) sur laquelle nous roulons, des vendeurs \u00e0 la sauvette partout, des gens qui traversent dans un traffic fou&#8230; Royan une ville d&#8217;embouteillages&#8230;<\/p>\n<p>Heureusement quelles couleurs, quel ciel, quelles rencontres, quel March\u00e9 !! On s&rsquo;est fait payer le th\u00e9 2 fois, invit\u00e9 2 fois aussi, par des gens curieux et tellement heureux de nous voir et de discuter que c&rsquo;en \u00e9tait \u00e9mouvant&#8230; je sais vous ne le croyez pas mais c&rsquo;est vrai. C&rsquo;est une tradition d&rsquo;accueil ici qui laisse un peu pantois.<\/p>\n<p>Comme je n&rsquo;aime pas trop faire dans le sentimental et qu&rsquo;en plus la derniere rencontre dans la rue avec Hojjat et ses amis nous a un peu mis a la bourre sur le dodo, je vais raccrocher en esp\u00e9rant ne pas perdre de sit\u00f4t la memoire de ces moments&#8230;<\/p>\n<p><img decoding=\"async\" class=\"uploading size-full\" data-wpid=\"238\" src=\"\/storage\/emulated\/0\/DCIM\/Camera\/20180327_195309.jpg\"><\/p>\n<p>Avant cette rencontre en pleine rue nous nous sommes rempli le ventre d&rsquo;un superbe \u00ab\u00a0poisson blanc de la Caspienne\u00a0\u00bb&#8230; un d\u00e9lice.<\/p>\n<p>Bye<\/p>\n","protected":false},"excerpt":{"rendered":"<p>Bon je comptais faire vite ce soir et simplement poster des photos mais la technologie n&rsquo;aide pas&#8230; alors 3 mots sur l&rsquo;\u00e9tape. On a long\u00e9 la mer caspienne pendant 90 bornes et je peux vous dire que c&rsquo;\u00e9tait pas de la tarte, saif pour les 2 \u00e9ternels optimistes qui m&rsquo;accompagnent. Un jour au repos je [&hellip;]<\/p>\n","protected":false},"author":2,"featured_media":0,"comment_status":"open","ping_status":"open","sticky":false,"template":"","format":"standard","meta":{"jetpack_post_was_ever_published":false,"_jetpack_newsletter_access":"","_jetpack_dont_email_post_to_subs":false,"_jetpack_newsletter_tier_id":0,"_jetpack_memberships_contains_paywalled_content":false,"_jetpack_memberships_contains_paid_content":false,"footnotes":"","jetpack_publicize_message":"","jetpack_publicize_feature_enabled":true,"jetpack_social_post_already_shared":true,"jetpack_social_options":{"image_generator_settings":{"template":"highway","enabled":false},"version":2}},"categories":[1],"tags":[],"class_list":["post-3538","post","type-post","status-publish","format-standard","hentry","category-non-classe"],"jetpack_publicize_connections":[],"jetpack_featured_media_url":"","jetpack_sharing_enabled":true,"jetpack_shortlink":"https:\/\/wp.me\/p6ioUK-V4","jetpack_likes_enabled":true,"_links":{"self":[{"href":"http:\/\/itineraires.sudvelo.com\/miles\/wp-json\/wp\/v2\/posts\/3538"}],"collection":[{"href":"http:\/\/itineraires.sudvelo.com\/miles\/wp-json\/wp\/v2\/posts"}],"about":[{"href":"http:\/\/itineraires.sudvelo.com\/miles\/wp-json\/wp\/v2\/types\/post"}],"author":[{"embeddable":true,"href":"http:\/\/itineraires.sudvelo.com\/miles\/wp-json\/wp\/v2\/users\/2"}],"replies":[{"embeddable":true,"href":"http:\/\/itineraires.sudvelo.com\/miles\/wp-json\/wp\/v2\/comments?post=3538"}],"version-history":[{"count":0,"href":"http:\/\/itineraires.sudvelo.com\/miles\/wp-json\/wp\/v2\/posts\/3538\/revisions"}],"wp:attachment":[{"href":"http:\/\/itineraires.sudvelo.com\/miles\/wp-json\/wp\/v2\/media?parent=3538"}],"wp:term":[{"taxonomy":"category","embeddable":true,"href":"http:\/\/itineraires.sudvelo.com\/miles\/wp-json\/wp\/v2\/categories?post=3538"},{"taxonomy":"post_tag","embeddable":true,"href":"http:\/\/itineraires.sudvelo.com\/miles\/wp-json\/wp\/v2\/tags?post=3538"}],"curies":[{"name":"wp","href":"https:\/\/api.w.org\/{rel}","templated":true}]}}