{"id":328,"date":"2015-08-22T13:05:34","date_gmt":"2015-08-22T12:05:34","guid":{"rendered":"http:\/\/itineraires.sudvelo.com\/miles\/?p=328"},"modified":"2015-10-05T11:05:05","modified_gmt":"2015-10-05T10:05:05","slug":"en-attendant-manu","status":"publish","type":"post","link":"http:\/\/itineraires.sudvelo.com\/miles\/2015\/08\/22\/en-attendant-manu\/","title":{"rendered":"En attendant Manu&#8230;"},"content":{"rendered":"<ul>\n<li>&nbsp;Ci-joint plan du m\u00e9tro de Tokyo pour Manu qui a d\u00e9cid\u00e9 de prendre le chemin des \u00e9coliers ! Un incident TGV ind\u00e9pendant de la volont\u00e9 de Francis, le prive d&rsquo;une journ\u00e9e au Japon (correspondance avion loup\u00e9e). Il rejoindra donc ses petits camarades directement au Nord du Japon dimanche soir.<\/li>\n<li>Tiens bon Manu. On pense a toi. Les messages de soutien seront les bienvenus&nbsp;<a href=\"https:\/\/i0.wp.com\/itineraires.sudvelo.com\/miles\/wp-content\/uploads\/2015\/08\/IMG_5175.jpg\"><img data-recalc-dims=\"1\" decoding=\"async\" src=\"https:\/\/i0.wp.com\/itineraires.sudvelo.com\/miles\/wp-content\/uploads\/2015\/08\/IMG_5175.jpg?w=610\" alt=\"\"><\/a>&nbsp;<\/li>\n<\/ul>\n","protected":false},"excerpt":{"rendered":"<p>&nbsp;Ci-joint plan du m\u00e9tro de Tokyo pour Manu qui a d\u00e9cid\u00e9 de prendre le chemin des \u00e9coliers ! Un incident TGV ind\u00e9pendant de la volont\u00e9 de Francis, le prive d&rsquo;une journ\u00e9e au Japon (correspondance avion loup\u00e9e). Il rejoindra donc ses petits camarades directement au Nord du Japon dimanche soir. Tiens bon Manu. On pense a [&hellip;]<\/p>\n","protected":false},"author":4,"featured_media":0,"comment_status":"open","ping_status":"open","sticky":false,"template":"","format":"standard","meta":{"jetpack_post_was_ever_published":false,"_jetpack_newsletter_access":"","_jetpack_dont_email_post_to_subs":false,"_jetpack_newsletter_tier_id":0,"_jetpack_memberships_contains_paywalled_content":false,"_jetpack_memberships_contains_paid_content":false,"footnotes":"","jetpack_publicize_message":"","jetpack_publicize_feature_enabled":true,"jetpack_social_post_already_shared":true,"jetpack_social_options":{"image_generator_settings":{"template":"highway","enabled":false},"version":2}},"categories":[5,3,8,7],"tags":[],"class_list":["post-328","post","type-post","status-publish","format-standard","hentry","category-japon","category-periples","category-sudvelo","category-voyages"],"jetpack_publicize_connections":[],"jetpack_featured_media_url":"","jetpack_sharing_enabled":true,"jetpack_shortlink":"https:\/\/wp.me\/p6ioUK-5i","jetpack_likes_enabled":true,"_links":{"self":[{"href":"http:\/\/itineraires.sudvelo.com\/miles\/wp-json\/wp\/v2\/posts\/328"}],"collection":[{"href":"http:\/\/itineraires.sudvelo.com\/miles\/wp-json\/wp\/v2\/posts"}],"about":[{"href":"http:\/\/itineraires.sudvelo.com\/miles\/wp-json\/wp\/v2\/types\/post"}],"author":[{"embeddable":true,"href":"http:\/\/itineraires.sudvelo.com\/miles\/wp-json\/wp\/v2\/users\/4"}],"replies":[{"embeddable":true,"href":"http:\/\/itineraires.sudvelo.com\/miles\/wp-json\/wp\/v2\/comments?post=328"}],"version-history":[{"count":1,"href":"http:\/\/itineraires.sudvelo.com\/miles\/wp-json\/wp\/v2\/posts\/328\/revisions"}],"predecessor-version":[{"id":329,"href":"http:\/\/itineraires.sudvelo.com\/miles\/wp-json\/wp\/v2\/posts\/328\/revisions\/329"}],"wp:attachment":[{"href":"http:\/\/itineraires.sudvelo.com\/miles\/wp-json\/wp\/v2\/media?parent=328"}],"wp:term":[{"taxonomy":"category","embeddable":true,"href":"http:\/\/itineraires.sudvelo.com\/miles\/wp-json\/wp\/v2\/categories?post=328"},{"taxonomy":"post_tag","embeddable":true,"href":"http:\/\/itineraires.sudvelo.com\/miles\/wp-json\/wp\/v2\/tags?post=328"}],"curies":[{"name":"wp","href":"https:\/\/api.w.org\/{rel}","templated":true}]}}