{"id":3255,"date":"2018-03-14T20:12:45","date_gmt":"2018-03-14T19:12:45","guid":{"rendered":"http:\/\/itineraires.sudvelo.com\/miles\/2018\/03\/14\/le-ptit-sms-de-16h\/"},"modified":"2018-03-14T20:12:45","modified_gmt":"2018-03-14T19:12:45","slug":"le-ptit-sms-de-16h","status":"publish","type":"post","link":"http:\/\/itineraires.sudvelo.com\/miles\/2018\/03\/14\/le-ptit-sms-de-16h\/","title":{"rendered":"Le ptit sms de 16h"},"content":{"rendered":"<p>\u00ab\u00a0Bien arriv\u00e9 \u00e0 Semirom 2376 m d&rsquo;altitude.<br \/>\n1 h\u00f4tel&#8230; et il est ferm\u00e9.<br \/>\nLa mairie s&rsquo;est occup\u00e9e de nous et nous a trouv\u00e9 un appartement.<br \/>\nSeul b\u00e9mol :pas de wifi.<br \/>\nLe Commodore est triste car il voulait encore \u00e9crire un article.\u00a0\u00bb<\/p>\n<p>&#8230; vivement qu&rsquo;ils trouvent du reseau&#8230; pas l&rsquo;air evident.<\/p>\n","protected":false},"excerpt":{"rendered":"<p>\u00ab\u00a0Bien arriv\u00e9 \u00e0 Semirom 2376 m d&rsquo;altitude. 1 h\u00f4tel&#8230; et il est ferm\u00e9. La mairie s&rsquo;est occup\u00e9e de nous et nous a trouv\u00e9 un appartement. Seul b\u00e9mol :pas de wifi. Le Commodore est triste car il voulait encore \u00e9crire un article.\u00a0\u00bb &#8230; vivement qu&rsquo;ils trouvent du reseau&#8230; pas l&rsquo;air evident.<\/p>\n","protected":false},"author":2,"featured_media":3247,"comment_status":"open","ping_status":"open","sticky":false,"template":"","format":"standard","meta":{"jetpack_post_was_ever_published":false,"_jetpack_newsletter_access":"","_jetpack_dont_email_post_to_subs":false,"_jetpack_newsletter_tier_id":0,"_jetpack_memberships_contains_paywalled_content":false,"_jetpack_memberships_contains_paid_content":false,"footnotes":"","jetpack_publicize_message":"","jetpack_publicize_feature_enabled":true,"jetpack_social_post_already_shared":true,"jetpack_social_options":{"image_generator_settings":{"template":"highway","enabled":false},"version":2}},"categories":[47,1],"tags":[],"class_list":["post-3255","post","type-post","status-publish","format-standard","has-post-thumbnail","hentry","category-iran","category-non-classe"],"jetpack_publicize_connections":[],"jetpack_featured_media_url":"https:\/\/i0.wp.com\/itineraires.sudvelo.com\/miles\/wp-content\/uploads\/2018\/03\/img_9437.jpg?fit=1004%2C750","jetpack_sharing_enabled":true,"jetpack_shortlink":"https:\/\/wp.me\/p6ioUK-Qv","jetpack_likes_enabled":true,"_links":{"self":[{"href":"http:\/\/itineraires.sudvelo.com\/miles\/wp-json\/wp\/v2\/posts\/3255"}],"collection":[{"href":"http:\/\/itineraires.sudvelo.com\/miles\/wp-json\/wp\/v2\/posts"}],"about":[{"href":"http:\/\/itineraires.sudvelo.com\/miles\/wp-json\/wp\/v2\/types\/post"}],"author":[{"embeddable":true,"href":"http:\/\/itineraires.sudvelo.com\/miles\/wp-json\/wp\/v2\/users\/2"}],"replies":[{"embeddable":true,"href":"http:\/\/itineraires.sudvelo.com\/miles\/wp-json\/wp\/v2\/comments?post=3255"}],"version-history":[{"count":0,"href":"http:\/\/itineraires.sudvelo.com\/miles\/wp-json\/wp\/v2\/posts\/3255\/revisions"}],"wp:featuredmedia":[{"embeddable":true,"href":"http:\/\/itineraires.sudvelo.com\/miles\/wp-json\/wp\/v2\/media\/3247"}],"wp:attachment":[{"href":"http:\/\/itineraires.sudvelo.com\/miles\/wp-json\/wp\/v2\/media?parent=3255"}],"wp:term":[{"taxonomy":"category","embeddable":true,"href":"http:\/\/itineraires.sudvelo.com\/miles\/wp-json\/wp\/v2\/categories?post=3255"},{"taxonomy":"post_tag","embeddable":true,"href":"http:\/\/itineraires.sudvelo.com\/miles\/wp-json\/wp\/v2\/tags?post=3255"}],"curies":[{"name":"wp","href":"https:\/\/api.w.org\/{rel}","templated":true}]}}