{"id":319,"date":"2015-08-19T08:11:17","date_gmt":"2015-08-19T07:11:17","guid":{"rendered":"http:\/\/itineraires.sudvelo.com\/miles\/?p=319"},"modified":"2015-10-05T11:08:30","modified_gmt":"2015-10-05T10:08:30","slug":"j-2","status":"publish","type":"post","link":"http:\/\/itineraires.sudvelo.com\/miles\/2015\/08\/19\/j-2\/","title":{"rendered":"J-2"},"content":{"rendered":"<ul>\n<li>D\u00e9collage vendredi pour Manu et Francis .<\/li>\n<li>Arriv\u00e9e samedi \u00e0 Tokyo o\u00f9 nous rejoignons Jean-Yves parti en \u00e9claireur.<\/li>\n<li>Dimanche d\u00e9collage pour Abashiri au nord de l&rsquo;\u00eele d&rsquo;Hokaido tout au nord du Japon.<\/li>\n<li>Remontage des v\u00e9los o\u00f9 ce qu&rsquo;il en restera apr\u00e8s leur p\u00e9riple dans les soutes des avions.<\/li>\n<li>Lundi d\u00e9part plein sud pour la travers\u00e9e du Japon du nord au sud.&nbsp;<a href=\"https:\/\/i0.wp.com\/itineraires.sudvelo.com\/miles\/wp-content\/uploads\/2015\/08\/IMG_5123.jpg\"><img data-recalc-dims=\"1\" decoding=\"async\" src=\"https:\/\/i0.wp.com\/itineraires.sudvelo.com\/miles\/wp-content\/uploads\/2015\/08\/IMG_5123.jpg?w=610\" alt=\"\"><\/a>&nbsp;<\/li>\n<\/ul>\n","protected":false},"excerpt":{"rendered":"<p>D\u00e9collage vendredi pour Manu et Francis . Arriv\u00e9e samedi \u00e0 Tokyo o\u00f9 nous rejoignons Jean-Yves parti en \u00e9claireur. Dimanche d\u00e9collage pour Abashiri au nord de l&rsquo;\u00eele d&rsquo;Hokaido tout au nord du Japon. Remontage des v\u00e9los o\u00f9 ce qu&rsquo;il en restera apr\u00e8s leur p\u00e9riple dans les soutes des avions. Lundi d\u00e9part plein sud pour la travers\u00e9e [&hellip;]<\/p>\n","protected":false},"author":4,"featured_media":0,"comment_status":"open","ping_status":"open","sticky":false,"template":"","format":"standard","meta":{"jetpack_post_was_ever_published":false,"_jetpack_newsletter_access":"","_jetpack_dont_email_post_to_subs":false,"_jetpack_newsletter_tier_id":0,"_jetpack_memberships_contains_paywalled_content":false,"_jetpack_memberships_contains_paid_content":false,"footnotes":"","jetpack_publicize_message":"","jetpack_publicize_feature_enabled":true,"jetpack_social_post_already_shared":true,"jetpack_social_options":{"image_generator_settings":{"template":"highway","enabled":false},"version":2}},"categories":[5,23,8,7],"tags":[],"class_list":["post-319","post","type-post","status-publish","format-standard","hentry","category-japon","category-preparation","category-sudvelo","category-voyages"],"jetpack_publicize_connections":[],"jetpack_featured_media_url":"","jetpack_sharing_enabled":true,"jetpack_shortlink":"https:\/\/wp.me\/p6ioUK-59","jetpack_likes_enabled":true,"_links":{"self":[{"href":"http:\/\/itineraires.sudvelo.com\/miles\/wp-json\/wp\/v2\/posts\/319"}],"collection":[{"href":"http:\/\/itineraires.sudvelo.com\/miles\/wp-json\/wp\/v2\/posts"}],"about":[{"href":"http:\/\/itineraires.sudvelo.com\/miles\/wp-json\/wp\/v2\/types\/post"}],"author":[{"embeddable":true,"href":"http:\/\/itineraires.sudvelo.com\/miles\/wp-json\/wp\/v2\/users\/4"}],"replies":[{"embeddable":true,"href":"http:\/\/itineraires.sudvelo.com\/miles\/wp-json\/wp\/v2\/comments?post=319"}],"version-history":[{"count":1,"href":"http:\/\/itineraires.sudvelo.com\/miles\/wp-json\/wp\/v2\/posts\/319\/revisions"}],"predecessor-version":[{"id":320,"href":"http:\/\/itineraires.sudvelo.com\/miles\/wp-json\/wp\/v2\/posts\/319\/revisions\/320"}],"wp:attachment":[{"href":"http:\/\/itineraires.sudvelo.com\/miles\/wp-json\/wp\/v2\/media?parent=319"}],"wp:term":[{"taxonomy":"category","embeddable":true,"href":"http:\/\/itineraires.sudvelo.com\/miles\/wp-json\/wp\/v2\/categories?post=319"},{"taxonomy":"post_tag","embeddable":true,"href":"http:\/\/itineraires.sudvelo.com\/miles\/wp-json\/wp\/v2\/tags?post=319"}],"curies":[{"name":"wp","href":"https:\/\/api.w.org\/{rel}","templated":true}]}}