{"id":3165,"date":"2018-03-09T09:34:57","date_gmt":"2018-03-09T08:34:57","guid":{"rendered":"http:\/\/itineraires.sudvelo.com\/miles\/?p=3165"},"modified":"2018-03-09T09:34:57","modified_gmt":"2018-03-09T08:34:57","slug":"jour-j-2","status":"publish","type":"post","link":"http:\/\/itineraires.sudvelo.com\/miles\/2018\/03\/09\/jour-j-2\/","title":{"rendered":"Jour J"},"content":{"rendered":"<p>Jusque l\u00e0 cela va comme disait celui qui venait de sauter du 25 \u00e8me \u00e9tage en passant devant le 3\u00e8me \u00e9tage.<\/p>\n<p>Toujours pas de visa.<\/p>\n<p>Jean-Yves m&rsquo;a demand\u00e9 d&rsquo;expliquer aux douaniers en Farci (langue utilis\u00e9e en Iran) \u00e0 notre arriv\u00e9e \u00e0 Shiraz les raisons du retard d&rsquo;obtention du visa.<\/p>\n<p>Jean-Yves pense que je saurai leur expliquer la situation.<img data-recalc-dims=\"1\" loading=\"lazy\" decoding=\"async\" data-attachment-id=\"3164\" data-permalink=\"http:\/\/itineraires.sudvelo.com\/miles\/2018\/03\/09\/jour-j-2\/img_9211-jpg\/\" data-orig-file=\"https:\/\/i0.wp.com\/itineraires.sudvelo.com\/miles\/wp-content\/uploads\/2018\/03\/img_9211.jpg?fit=748%2C812\" data-orig-size=\"748,812\" data-comments-opened=\"1\" data-image-meta=\"{&quot;aperture&quot;:&quot;0&quot;,&quot;credit&quot;:&quot;&quot;,&quot;camera&quot;:&quot;&quot;,&quot;caption&quot;:&quot;&quot;,&quot;created_timestamp&quot;:&quot;0&quot;,&quot;copyright&quot;:&quot;&quot;,&quot;focal_length&quot;:&quot;0&quot;,&quot;iso&quot;:&quot;0&quot;,&quot;shutter_speed&quot;:&quot;0&quot;,&quot;title&quot;:&quot;&quot;,&quot;orientation&quot;:&quot;1&quot;}\" data-image-title=\"img_9211.jpg\" data-image-description=\"\" data-image-caption=\"\" data-medium-file=\"https:\/\/i0.wp.com\/itineraires.sudvelo.com\/miles\/wp-content\/uploads\/2018\/03\/img_9211.jpg?fit=276%2C300\" data-large-file=\"https:\/\/i0.wp.com\/itineraires.sudvelo.com\/miles\/wp-content\/uploads\/2018\/03\/img_9211.jpg?fit=610%2C662\" tabindex=\"0\" role=\"button\" src=\"https:\/\/i0.wp.com\/itineraires.sudvelo.com\/miles\/wp-content\/uploads\/2018\/03\/img_9211.jpg?resize=610%2C662\" class=\"wp-image-3164 size-full\" height=\"662\" width=\"610\" srcset=\"https:\/\/i0.wp.com\/itineraires.sudvelo.com\/miles\/wp-content\/uploads\/2018\/03\/img_9211.jpg?w=748 748w, https:\/\/i0.wp.com\/itineraires.sudvelo.com\/miles\/wp-content\/uploads\/2018\/03\/img_9211.jpg?resize=276%2C300 276w, https:\/\/i0.wp.com\/itineraires.sudvelo.com\/miles\/wp-content\/uploads\/2018\/03\/img_9211.jpg?resize=400%2C434 400w\" sizes=\"(max-width: 610px) 100vw, 610px\" \/><\/p>\n","protected":false},"excerpt":{"rendered":"<p>Jusque l\u00e0 cela va comme disait celui qui venait de sauter du 25 \u00e8me \u00e9tage en passant devant le 3\u00e8me \u00e9tage. Toujours pas de visa. Jean-Yves m&rsquo;a demand\u00e9 d&rsquo;expliquer aux douaniers en Farci (langue utilis\u00e9e en Iran) \u00e0 notre arriv\u00e9e \u00e0 Shiraz les raisons du retard d&rsquo;obtention du visa. Jean-Yves pense que je saurai leur [&hellip;]<\/p>\n","protected":false},"author":4,"featured_media":0,"comment_status":"open","ping_status":"open","sticky":false,"template":"","format":"standard","meta":{"jetpack_post_was_ever_published":false,"_jetpack_newsletter_access":"","_jetpack_dont_email_post_to_subs":false,"_jetpack_newsletter_tier_id":0,"_jetpack_memberships_contains_paywalled_content":false,"_jetpack_memberships_contains_paid_content":false,"footnotes":"","jetpack_publicize_message":"","jetpack_publicize_feature_enabled":true,"jetpack_social_post_already_shared":true,"jetpack_social_options":{"image_generator_settings":{"template":"highway","enabled":false},"version":2}},"categories":[1],"tags":[],"class_list":["post-3165","post","type-post","status-publish","format-standard","hentry","category-non-classe"],"jetpack_publicize_connections":[],"jetpack_featured_media_url":"","jetpack_sharing_enabled":true,"jetpack_shortlink":"https:\/\/wp.me\/p6ioUK-P3","jetpack_likes_enabled":true,"_links":{"self":[{"href":"http:\/\/itineraires.sudvelo.com\/miles\/wp-json\/wp\/v2\/posts\/3165"}],"collection":[{"href":"http:\/\/itineraires.sudvelo.com\/miles\/wp-json\/wp\/v2\/posts"}],"about":[{"href":"http:\/\/itineraires.sudvelo.com\/miles\/wp-json\/wp\/v2\/types\/post"}],"author":[{"embeddable":true,"href":"http:\/\/itineraires.sudvelo.com\/miles\/wp-json\/wp\/v2\/users\/4"}],"replies":[{"embeddable":true,"href":"http:\/\/itineraires.sudvelo.com\/miles\/wp-json\/wp\/v2\/comments?post=3165"}],"version-history":[{"count":1,"href":"http:\/\/itineraires.sudvelo.com\/miles\/wp-json\/wp\/v2\/posts\/3165\/revisions"}],"predecessor-version":[{"id":3166,"href":"http:\/\/itineraires.sudvelo.com\/miles\/wp-json\/wp\/v2\/posts\/3165\/revisions\/3166"}],"wp:attachment":[{"href":"http:\/\/itineraires.sudvelo.com\/miles\/wp-json\/wp\/v2\/media?parent=3165"}],"wp:term":[{"taxonomy":"category","embeddable":true,"href":"http:\/\/itineraires.sudvelo.com\/miles\/wp-json\/wp\/v2\/categories?post=3165"},{"taxonomy":"post_tag","embeddable":true,"href":"http:\/\/itineraires.sudvelo.com\/miles\/wp-json\/wp\/v2\/tags?post=3165"}],"curies":[{"name":"wp","href":"https:\/\/api.w.org\/{rel}","templated":true}]}}