{"id":3160,"date":"2018-03-07T21:13:30","date_gmt":"2018-03-07T20:13:30","guid":{"rendered":"http:\/\/itineraires.sudvelo.com\/miles\/?p=3160"},"modified":"2018-03-07T21:13:30","modified_gmt":"2018-03-07T20:13:30","slug":"periple-prevu-si-tout-va-bien","status":"publish","type":"post","link":"http:\/\/itineraires.sudvelo.com\/miles\/2018\/03\/07\/periple-prevu-si-tout-va-bien\/","title":{"rendered":"P\u00e9riple pr\u00e9vu &#8230;si tout va bien."},"content":{"rendered":"<ol>\n<li><img data-recalc-dims=\"1\" loading=\"lazy\" decoding=\"async\" data-attachment-id=\"3159\" data-permalink=\"http:\/\/itineraires.sudvelo.com\/miles\/2018\/03\/07\/periple-prevu-si-tout-va-bien\/img_9102-jpg\/\" data-orig-file=\"https:\/\/i0.wp.com\/itineraires.sudvelo.com\/miles\/wp-content\/uploads\/2018\/03\/img_9102.jpg?fit=3024%2C4032\" data-orig-size=\"3024,4032\" data-comments-opened=\"1\" data-image-meta=\"{&quot;aperture&quot;:&quot;0&quot;,&quot;credit&quot;:&quot;&quot;,&quot;camera&quot;:&quot;&quot;,&quot;caption&quot;:&quot;&quot;,&quot;created_timestamp&quot;:&quot;0&quot;,&quot;copyright&quot;:&quot;&quot;,&quot;focal_length&quot;:&quot;0&quot;,&quot;iso&quot;:&quot;0&quot;,&quot;shutter_speed&quot;:&quot;0&quot;,&quot;title&quot;:&quot;&quot;,&quot;orientation&quot;:&quot;1&quot;}\" data-image-title=\"img_9102.jpg\" data-image-description=\"\" data-image-caption=\"\" data-medium-file=\"https:\/\/i0.wp.com\/itineraires.sudvelo.com\/miles\/wp-content\/uploads\/2018\/03\/img_9102.jpg?fit=225%2C300\" data-large-file=\"https:\/\/i0.wp.com\/itineraires.sudvelo.com\/miles\/wp-content\/uploads\/2018\/03\/img_9102.jpg?fit=610%2C813\" tabindex=\"0\" role=\"button\" src=\"https:\/\/i0.wp.com\/itineraires.sudvelo.com\/miles\/wp-content\/uploads\/2018\/03\/img_9102.jpg?resize=610%2C813\" class=\"size-full wp-image-3159\" height=\"813\" width=\"610\" srcset=\"https:\/\/i0.wp.com\/itineraires.sudvelo.com\/miles\/wp-content\/uploads\/2018\/03\/img_9102.jpg?w=3024 3024w, https:\/\/i0.wp.com\/itineraires.sudvelo.com\/miles\/wp-content\/uploads\/2018\/03\/img_9102.jpg?resize=225%2C300 225w, https:\/\/i0.wp.com\/itineraires.sudvelo.com\/miles\/wp-content\/uploads\/2018\/03\/img_9102.jpg?resize=768%2C1024 768w, https:\/\/i0.wp.com\/itineraires.sudvelo.com\/miles\/wp-content\/uploads\/2018\/03\/img_9102.jpg?resize=1250%2C1667 1250w, https:\/\/i0.wp.com\/itineraires.sudvelo.com\/miles\/wp-content\/uploads\/2018\/03\/img_9102.jpg?resize=400%2C533 400w, https:\/\/i0.wp.com\/itineraires.sudvelo.com\/miles\/wp-content\/uploads\/2018\/03\/img_9102.jpg?w=1830 1830w\" sizes=\"(max-width: 610px) 100vw, 610px\" \/><\/li>\n<\/ol>\n<p>Travers\u00e9e de l&rsquo;Iran du Sud au Nord.<\/p>\n<p>De Shiraz \u00e0 Tabriz en passant par Ispahan,T\u00e9h\u00e9ran,Amos et la mer Caspienne<\/p>\n<p>2200 km de route de montagne (Le point culminant est \u00e0 5700 m d&rsquo;altitude) et sans doute un peu de d\u00e9sert sur la route de la Soie.<\/p>\n","protected":false},"excerpt":{"rendered":"<p>Travers\u00e9e de l&rsquo;Iran du Sud au Nord. De Shiraz \u00e0 Tabriz en passant par Ispahan,T\u00e9h\u00e9ran,Amos et la mer Caspienne 2200 km de route de montagne (Le point culminant est \u00e0 5700 m d&rsquo;altitude) et sans doute un peu de d\u00e9sert sur la route de la Soie.<\/p>\n","protected":false},"author":4,"featured_media":0,"comment_status":"open","ping_status":"open","sticky":false,"template":"","format":"standard","meta":{"jetpack_post_was_ever_published":false,"_jetpack_newsletter_access":"","_jetpack_dont_email_post_to_subs":false,"_jetpack_newsletter_tier_id":0,"_jetpack_memberships_contains_paywalled_content":false,"_jetpack_memberships_contains_paid_content":false,"footnotes":"","jetpack_publicize_message":"","jetpack_publicize_feature_enabled":true,"jetpack_social_post_already_shared":true,"jetpack_social_options":{"image_generator_settings":{"template":"highway","enabled":false},"version":2}},"categories":[1],"tags":[],"class_list":["post-3160","post","type-post","status-publish","format-standard","hentry","category-non-classe"],"jetpack_publicize_connections":[],"jetpack_featured_media_url":"","jetpack_sharing_enabled":true,"jetpack_shortlink":"https:\/\/wp.me\/p6ioUK-OY","jetpack_likes_enabled":true,"_links":{"self":[{"href":"http:\/\/itineraires.sudvelo.com\/miles\/wp-json\/wp\/v2\/posts\/3160"}],"collection":[{"href":"http:\/\/itineraires.sudvelo.com\/miles\/wp-json\/wp\/v2\/posts"}],"about":[{"href":"http:\/\/itineraires.sudvelo.com\/miles\/wp-json\/wp\/v2\/types\/post"}],"author":[{"embeddable":true,"href":"http:\/\/itineraires.sudvelo.com\/miles\/wp-json\/wp\/v2\/users\/4"}],"replies":[{"embeddable":true,"href":"http:\/\/itineraires.sudvelo.com\/miles\/wp-json\/wp\/v2\/comments?post=3160"}],"version-history":[{"count":1,"href":"http:\/\/itineraires.sudvelo.com\/miles\/wp-json\/wp\/v2\/posts\/3160\/revisions"}],"predecessor-version":[{"id":3161,"href":"http:\/\/itineraires.sudvelo.com\/miles\/wp-json\/wp\/v2\/posts\/3160\/revisions\/3161"}],"wp:attachment":[{"href":"http:\/\/itineraires.sudvelo.com\/miles\/wp-json\/wp\/v2\/media?parent=3160"}],"wp:term":[{"taxonomy":"category","embeddable":true,"href":"http:\/\/itineraires.sudvelo.com\/miles\/wp-json\/wp\/v2\/categories?post=3160"},{"taxonomy":"post_tag","embeddable":true,"href":"http:\/\/itineraires.sudvelo.com\/miles\/wp-json\/wp\/v2\/tags?post=3160"}],"curies":[{"name":"wp","href":"https:\/\/api.w.org\/{rel}","templated":true}]}}