{"id":2875,"date":"2016-12-04T06:41:00","date_gmt":"2016-12-04T05:41:00","guid":{"rendered":"http:\/\/itineraires.sudvelo.com\/miles\/?p=2875"},"modified":"2016-12-05T08:30:05","modified_gmt":"2016-12-05T07:30:05","slug":"j114-115-tekapo-meyfield-lincoln-236km-a-la-louche","status":"publish","type":"post","link":"http:\/\/itineraires.sudvelo.com\/miles\/2016\/12\/04\/j114-115-tekapo-meyfield-lincoln-236km-a-la-louche\/","title":{"rendered":"J114-115 Tekapo &#8211; Meyfield &#8211; Lincoln 236km \u00e0 la louche\u00a0"},"content":{"rendered":"<p style=\"text-align: justify;\">\u200bLincoln &#8211; Dimanche 4 D\u00e9cembre. 16h<br \/>\nNous avons quitt\u00e9 hier le sommet de notre premi\u00e8re semaine : le lac Tekapo&#8230; qu&rsquo;est ce que c&rsquo;\u00e9tait beau&#8230;<\/p>\n<p><img data-recalc-dims=\"1\" loading=\"lazy\" decoding=\"async\" data-attachment-id=\"2878\" data-permalink=\"http:\/\/itineraires.sudvelo.com\/miles\/2016\/12\/04\/j114-115-tekapo-meyfield-lincoln-236km-a-la-louche\/20161202_171951\/\" data-orig-file=\"https:\/\/i0.wp.com\/itineraires.sudvelo.com\/miles\/wp-content\/uploads\/2016\/12\/20161202_171951.jpg?fit=3264%2C1836\" data-orig-size=\"3264,1836\" data-comments-opened=\"1\" data-image-meta=\"{&quot;aperture&quot;:&quot;1.9&quot;,&quot;credit&quot;:&quot;&quot;,&quot;camera&quot;:&quot;SM-G920F&quot;,&quot;caption&quot;:&quot;&quot;,&quot;created_timestamp&quot;:&quot;1480699191&quot;,&quot;copyright&quot;:&quot;&quot;,&quot;focal_length&quot;:&quot;4.3&quot;,&quot;iso&quot;:&quot;40&quot;,&quot;shutter_speed&quot;:&quot;0.00071428571428571&quot;,&quot;title&quot;:&quot;&quot;,&quot;orientation&quot;:&quot;1&quot;}\" data-image-title=\"20161202_171951\" data-image-description=\"\" data-image-caption=\"\" data-medium-file=\"https:\/\/i0.wp.com\/itineraires.sudvelo.com\/miles\/wp-content\/uploads\/2016\/12\/20161202_171951.jpg?fit=300%2C169\" data-large-file=\"https:\/\/i0.wp.com\/itineraires.sudvelo.com\/miles\/wp-content\/uploads\/2016\/12\/20161202_171951.jpg?fit=610%2C343\" tabindex=\"0\" role=\"button\" class=\"size-large wp-image-2878 aligncenter\" src=\"https:\/\/i0.wp.com\/itineraires.sudvelo.com\/miles\/wp-content\/uploads\/2016\/12\/20161202_171951.jpg?resize=610%2C343\" alt=\"20161202_171951\" width=\"610\" height=\"343\" srcset=\"https:\/\/i0.wp.com\/itineraires.sudvelo.com\/miles\/wp-content\/uploads\/2016\/12\/20161202_171951.jpg?resize=1024%2C576 1024w, https:\/\/i0.wp.com\/itineraires.sudvelo.com\/miles\/wp-content\/uploads\/2016\/12\/20161202_171951.jpg?resize=300%2C169 300w, https:\/\/i0.wp.com\/itineraires.sudvelo.com\/miles\/wp-content\/uploads\/2016\/12\/20161202_171951.jpg?resize=768%2C432 768w, https:\/\/i0.wp.com\/itineraires.sudvelo.com\/miles\/wp-content\/uploads\/2016\/12\/20161202_171951.jpg?resize=1250%2C703 1250w, https:\/\/i0.wp.com\/itineraires.sudvelo.com\/miles\/wp-content\/uploads\/2016\/12\/20161202_171951.jpg?resize=400%2C225 400w, https:\/\/i0.wp.com\/itineraires.sudvelo.com\/miles\/wp-content\/uploads\/2016\/12\/20161202_171951.jpg?w=1830 1830w\" sizes=\"(max-width: 610px) 100vw, 610px\" \/><\/p>\n<p style=\"text-align: justify;\">L&rsquo;\u00e9tape de samedi devait nous conduire a G\u00e9raldine, encore un pr\u00e9nom engageant, par une route globalement descendante de 700 a 70m. Alors avec le commodore on a bien profit\u00e9 du bout de forme venant pour d\u00e9valer vers Fairlie d&rsquo;abord, en mode shinkansen, avant de retrouver sur le plat les affres du vent de travers et des lignes droites au milieu des champs. Niveau paysages pas grand chose \u00e0 se mettre sous la ratoune apres Fairlie : juste de grandes etendues arros\u00e9es par tout temps, m\u00eame sous la pluie, et parfois pour arroser&#8230; de l&rsquo;herbe ou des vaches. \u00ab\u00a0Va comprendre, Charles\u00a0\u00bb&#8230; qu&rsquo;il dit le commodore&#8230;<\/p>\n<p style=\"text-align: justify;\">ceci dit il est plus l\u00e0 Charles.<\/p>\n<p style=\"text-align: justify;\">Bon, arriv\u00e9s a Geraldine, km 90, il est 13h30&#8230; \u00e0 l&rsquo;information-center personne ne sait trop nous renseigner. On cherche donc avec les moyens du bord une piaule un peu plus loin&#8230; on la trouve \u00e0 Meyfield&#8230; 35km plus loin. Zou on book l&rsquo;affaire et on repart. Pas grand chose de plus en bord de route. On est dans une plaine agricole, la route est droite, et tout au bout il y a notre piaule, dans la ferme de Jacky. On y arrive enfin. C&rsquo;est une Hutte assez coquette mais pas immense au milieu des hangars et des engins agricoles. La chambre n&rsquo;est pas faite, la patronne est absente. On file manger \u00ab\u00a0en ville\u00a0\u00bb (&#8230; y&rsquo;a 1 bar&#8230;) et on revient.19h toujours rien. Commodore file s&rsquo;enqu\u00e9rir du probl\u00e8me&#8230; je m&rsquo;endors. Il revient ronchon&#8230; tout le monde etait \u00e0 table et personne ne s&rsquo;\u00e9tait imagin\u00e9 que la hutte etait r\u00e9serv\u00e9e et d\u00e9j\u00e0 occupee par nous. Bref la dame etait toute d\u00e9sol\u00e9e lorsquelle est venue faire le menage et nous a fait un bon prix, du coup, toute d\u00e9sol\u00e9e, d\u00e9sol\u00e9e, d\u00e9sol\u00e9e.<\/p>\n<p><img data-recalc-dims=\"1\" loading=\"lazy\" decoding=\"async\" data-attachment-id=\"2880\" data-permalink=\"http:\/\/itineraires.sudvelo.com\/miles\/2016\/12\/04\/j114-115-tekapo-meyfield-lincoln-236km-a-la-louche\/20161203_164036\/\" data-orig-file=\"https:\/\/i0.wp.com\/itineraires.sudvelo.com\/miles\/wp-content\/uploads\/2016\/12\/20161203_164036.jpg?fit=3264%2C1836\" data-orig-size=\"3264,1836\" data-comments-opened=\"1\" data-image-meta=\"{&quot;aperture&quot;:&quot;1.9&quot;,&quot;credit&quot;:&quot;&quot;,&quot;camera&quot;:&quot;SM-G920F&quot;,&quot;caption&quot;:&quot;&quot;,&quot;created_timestamp&quot;:&quot;1480783236&quot;,&quot;copyright&quot;:&quot;&quot;,&quot;focal_length&quot;:&quot;4.3&quot;,&quot;iso&quot;:&quot;64&quot;,&quot;shutter_speed&quot;:&quot;0.02&quot;,&quot;title&quot;:&quot;&quot;,&quot;orientation&quot;:&quot;1&quot;}\" data-image-title=\"20161203_164036\" data-image-description=\"\" data-image-caption=\"\" data-medium-file=\"https:\/\/i0.wp.com\/itineraires.sudvelo.com\/miles\/wp-content\/uploads\/2016\/12\/20161203_164036.jpg?fit=300%2C169\" data-large-file=\"https:\/\/i0.wp.com\/itineraires.sudvelo.com\/miles\/wp-content\/uploads\/2016\/12\/20161203_164036.jpg?fit=610%2C343\" tabindex=\"0\" role=\"button\" class=\"size-large wp-image-2880 aligncenter\" src=\"https:\/\/i0.wp.com\/itineraires.sudvelo.com\/miles\/wp-content\/uploads\/2016\/12\/20161203_164036.jpg?resize=610%2C343\" alt=\"20161203_164036\" width=\"610\" height=\"343\" srcset=\"https:\/\/i0.wp.com\/itineraires.sudvelo.com\/miles\/wp-content\/uploads\/2016\/12\/20161203_164036.jpg?resize=1024%2C576 1024w, https:\/\/i0.wp.com\/itineraires.sudvelo.com\/miles\/wp-content\/uploads\/2016\/12\/20161203_164036.jpg?resize=300%2C169 300w, https:\/\/i0.wp.com\/itineraires.sudvelo.com\/miles\/wp-content\/uploads\/2016\/12\/20161203_164036.jpg?resize=768%2C432 768w, https:\/\/i0.wp.com\/itineraires.sudvelo.com\/miles\/wp-content\/uploads\/2016\/12\/20161203_164036.jpg?resize=1250%2C703 1250w, https:\/\/i0.wp.com\/itineraires.sudvelo.com\/miles\/wp-content\/uploads\/2016\/12\/20161203_164036.jpg?resize=400%2C225 400w, https:\/\/i0.wp.com\/itineraires.sudvelo.com\/miles\/wp-content\/uploads\/2016\/12\/20161203_164036.jpg?w=1830 1830w\" sizes=\"(max-width: 610px) 100vw, 610px\" \/><\/p>\n<p style=\"text-align: justify;\">Nuit d&rsquo;ivresse r\u00e9veill\u00e9 \u00e0 minuit par une temp\u00eate invraisemblable ! La hutte a failli s&rsquo;envoler&#8230; tout bougeait dehors&#8230; pendant 3h environ c&rsquo;\u00e9tait \u00e9trange et un peu inqui\u00e9tant. On est quand m\u00eame sortis de cette nuit l\u00e0 et repartis ce matin sur route mouill\u00e9e mais sans plus de vent.<\/p>\n<p style=\"text-align: justify;\">Alors cette journ\u00e9e l\u00e0 comment dire&#8230; on a travers\u00e9 quelque chose comme la Beauce (dixit le commodore parceque moi je ne crois pas l&rsquo;avoir jamais travers\u00e9e). En 110km on a du faire 5 virages&#8230; et pas serr\u00e9s. Notre record de ligne droite a \u00e9t\u00e9 battu : 30km. Heureusement le vent etait quasi nul et on n&rsquo;a pas train\u00e9 pour ralier Lincoln o\u00f9 nous allons bient\u00f4t passer \u00e0 table&#8230; ce soir c&rsquo;est f\u00eate : salade, steak, pastas et petit cabernet sauvignon.<\/p>\n<p style=\"text-align: justify;\">Demain on se baladera dans la p\u00e9ninsule de Banks puis encore mardi ou directement Christchurch selon le temps qui semble temporairement s&rsquo;am\u00e9liorer.<\/p>\n<p><img data-recalc-dims=\"1\" loading=\"lazy\" decoding=\"async\" data-attachment-id=\"2881\" data-permalink=\"http:\/\/itineraires.sudvelo.com\/miles\/2016\/12\/04\/j114-115-tekapo-meyfield-lincoln-236km-a-la-louche\/20161204_172527\/\" data-orig-file=\"https:\/\/i0.wp.com\/itineraires.sudvelo.com\/miles\/wp-content\/uploads\/2016\/12\/20161204_172527-e1480846454893.jpg?fit=1836%2C3264\" data-orig-size=\"1836,3264\" data-comments-opened=\"1\" data-image-meta=\"{&quot;aperture&quot;:&quot;1.9&quot;,&quot;credit&quot;:&quot;&quot;,&quot;camera&quot;:&quot;SM-G920F&quot;,&quot;caption&quot;:&quot;&quot;,&quot;created_timestamp&quot;:&quot;1480872327&quot;,&quot;copyright&quot;:&quot;&quot;,&quot;focal_length&quot;:&quot;4.3&quot;,&quot;iso&quot;:&quot;40&quot;,&quot;shutter_speed&quot;:&quot;0.0023419203747073&quot;,&quot;title&quot;:&quot;&quot;,&quot;orientation&quot;:&quot;6&quot;}\" data-image-title=\"20161204_172527\" data-image-description=\"\" data-image-caption=\"\" data-medium-file=\"https:\/\/i0.wp.com\/itineraires.sudvelo.com\/miles\/wp-content\/uploads\/2016\/12\/20161204_172527-e1480846454893.jpg?fit=169%2C300\" data-large-file=\"https:\/\/i0.wp.com\/itineraires.sudvelo.com\/miles\/wp-content\/uploads\/2016\/12\/20161204_172527-e1480846454893.jpg?fit=576%2C1024\" tabindex=\"0\" role=\"button\" class=\"wp-image-2881 size-large aligncenter\" src=\"https:\/\/i0.wp.com\/itineraires.sudvelo.com\/miles\/wp-content\/uploads\/2016\/12\/20161204_172527-e1480846454893-576x1024.jpg?resize=576%2C1024\" alt=\"20161204_172527\" width=\"576\" height=\"1024\" srcset=\"https:\/\/i0.wp.com\/itineraires.sudvelo.com\/miles\/wp-content\/uploads\/2016\/12\/20161204_172527-e1480846454893.jpg?resize=576%2C1024 576w, https:\/\/i0.wp.com\/itineraires.sudvelo.com\/miles\/wp-content\/uploads\/2016\/12\/20161204_172527-e1480846454893.jpg?resize=169%2C300 169w, https:\/\/i0.wp.com\/itineraires.sudvelo.com\/miles\/wp-content\/uploads\/2016\/12\/20161204_172527-e1480846454893.jpg?resize=768%2C1365 768w, https:\/\/i0.wp.com\/itineraires.sudvelo.com\/miles\/wp-content\/uploads\/2016\/12\/20161204_172527-e1480846454893.jpg?resize=1250%2C2222 1250w, https:\/\/i0.wp.com\/itineraires.sudvelo.com\/miles\/wp-content\/uploads\/2016\/12\/20161204_172527-e1480846454893.jpg?resize=400%2C711 400w, https:\/\/i0.wp.com\/itineraires.sudvelo.com\/miles\/wp-content\/uploads\/2016\/12\/20161204_172527-e1480846454893.jpg?w=1836 1836w\" sizes=\"(max-width: 576px) 100vw, 576px\" \/><\/p>\n<p style=\"text-align: justify;\">Bises. Courage \u00e0 ceux qui sont rentr\u00e9s \ud83d\ude42<\/p>\n<p style=\"text-align: justify;\">Ah et j&rsquo;allais oublier la reponse \u00e0 mon Oncle, en image : d\u00e9sol\u00e9 mon Quinque Robert on n&rsquo;a pas trouv\u00e9 d&rsquo;haricots !!<\/p>\n<p style=\"text-align: justify;\">Cependant sur cette photo on voit nettement que c&rsquo;est levogyre&#8230; qui plus est \u00e0 l&rsquo;horizontal&#8230; et la je comprends moins&#8230; bon&#8230; \u00e0 table.<\/p>\n<p><img data-recalc-dims=\"1\" loading=\"lazy\" decoding=\"async\" data-attachment-id=\"2884\" data-permalink=\"http:\/\/itineraires.sudvelo.com\/miles\/2016\/12\/04\/j114-115-tekapo-meyfield-lincoln-236km-a-la-louche\/20161128_104716\/\" data-orig-file=\"https:\/\/i0.wp.com\/itineraires.sudvelo.com\/miles\/wp-content\/uploads\/2016\/12\/20161128_104716.jpg?fit=3264%2C1836\" data-orig-size=\"3264,1836\" data-comments-opened=\"1\" data-image-meta=\"{&quot;aperture&quot;:&quot;1.9&quot;,&quot;credit&quot;:&quot;&quot;,&quot;camera&quot;:&quot;SM-G920F&quot;,&quot;caption&quot;:&quot;&quot;,&quot;created_timestamp&quot;:&quot;1480330036&quot;,&quot;copyright&quot;:&quot;&quot;,&quot;focal_length&quot;:&quot;4.3&quot;,&quot;iso&quot;:&quot;50&quot;,&quot;shutter_speed&quot;:&quot;0.02&quot;,&quot;title&quot;:&quot;&quot;,&quot;orientation&quot;:&quot;6&quot;}\" data-image-title=\"20161128_104716\" data-image-description=\"\" data-image-caption=\"\" data-medium-file=\"https:\/\/i0.wp.com\/itineraires.sudvelo.com\/miles\/wp-content\/uploads\/2016\/12\/20161128_104716.jpg?fit=300%2C169\" data-large-file=\"https:\/\/i0.wp.com\/itineraires.sudvelo.com\/miles\/wp-content\/uploads\/2016\/12\/20161128_104716.jpg?fit=610%2C343\" tabindex=\"0\" role=\"button\" class=\"size-large wp-image-2884 aligncenter\" src=\"https:\/\/i0.wp.com\/itineraires.sudvelo.com\/miles\/wp-content\/uploads\/2016\/12\/20161128_104716.jpg?resize=610%2C343\" alt=\"20161128_104716\" width=\"610\" height=\"343\" srcset=\"https:\/\/i0.wp.com\/itineraires.sudvelo.com\/miles\/wp-content\/uploads\/2016\/12\/20161128_104716.jpg?resize=1024%2C576 1024w, https:\/\/i0.wp.com\/itineraires.sudvelo.com\/miles\/wp-content\/uploads\/2016\/12\/20161128_104716.jpg?resize=300%2C169 300w, https:\/\/i0.wp.com\/itineraires.sudvelo.com\/miles\/wp-content\/uploads\/2016\/12\/20161128_104716.jpg?resize=768%2C432 768w, https:\/\/i0.wp.com\/itineraires.sudvelo.com\/miles\/wp-content\/uploads\/2016\/12\/20161128_104716.jpg?resize=1250%2C703 1250w, https:\/\/i0.wp.com\/itineraires.sudvelo.com\/miles\/wp-content\/uploads\/2016\/12\/20161128_104716.jpg?resize=400%2C225 400w, https:\/\/i0.wp.com\/itineraires.sudvelo.com\/miles\/wp-content\/uploads\/2016\/12\/20161128_104716.jpg?w=1830 1830w\" sizes=\"(max-width: 610px) 100vw, 610px\" \/><\/p>\n<div id=\"geo-post-2875\" class=\"geo geo-post\" style=\"display: none\"><span class=\"latitude\">-43.6407327<\/span><span class=\"longitude\">172.4920269<\/span><\/div>","protected":false},"excerpt":{"rendered":"<p>\u200bLincoln &#8211; Dimanche 4 D\u00e9cembre. 16h Nous avons quitt\u00e9 hier le sommet de notre premi\u00e8re semaine : le lac Tekapo&#8230; qu&rsquo;est ce que c&rsquo;\u00e9tait beau&#8230; L&rsquo;\u00e9tape de samedi devait nous conduire a G\u00e9raldine, encore un pr\u00e9nom engageant, par une route globalement descendante de 700 a 70m. Alors avec le commodore on a bien profit\u00e9 du [&hellip;]<\/p>\n","protected":false},"author":2,"featured_media":2882,"comment_status":"open","ping_status":"open","sticky":false,"template":"","format":"standard","meta":{"jetpack_post_was_ever_published":false,"_jetpack_newsletter_access":"","_jetpack_dont_email_post_to_subs":false,"_jetpack_newsletter_tier_id":0,"_jetpack_memberships_contains_paywalled_content":false,"_jetpack_memberships_contains_paid_content":false,"footnotes":"","jetpack_publicize_message":"","jetpack_publicize_feature_enabled":true,"jetpack_social_post_already_shared":true,"jetpack_social_options":{"image_generator_settings":{"template":"highway","enabled":false},"version":2}},"categories":[44,43,7],"tags":[],"class_list":["post-2875","post","type-post","status-publish","format-standard","has-post-thumbnail","hentry","category-nouvelle-zelande","category-oceanie","category-voyages"],"jetpack_publicize_connections":[],"jetpack_featured_media_url":"https:\/\/i0.wp.com\/itineraires.sudvelo.com\/miles\/wp-content\/uploads\/2016\/12\/20161204_135806.jpg?fit=3264%2C1836","jetpack_sharing_enabled":true,"jetpack_shortlink":"https:\/\/wp.me\/p6ioUK-Kn","jetpack_likes_enabled":true,"_links":{"self":[{"href":"http:\/\/itineraires.sudvelo.com\/miles\/wp-json\/wp\/v2\/posts\/2875"}],"collection":[{"href":"http:\/\/itineraires.sudvelo.com\/miles\/wp-json\/wp\/v2\/posts"}],"about":[{"href":"http:\/\/itineraires.sudvelo.com\/miles\/wp-json\/wp\/v2\/types\/post"}],"author":[{"embeddable":true,"href":"http:\/\/itineraires.sudvelo.com\/miles\/wp-json\/wp\/v2\/users\/2"}],"replies":[{"embeddable":true,"href":"http:\/\/itineraires.sudvelo.com\/miles\/wp-json\/wp\/v2\/comments?post=2875"}],"version-history":[{"count":9,"href":"http:\/\/itineraires.sudvelo.com\/miles\/wp-json\/wp\/v2\/posts\/2875\/revisions"}],"predecessor-version":[{"id":2907,"href":"http:\/\/itineraires.sudvelo.com\/miles\/wp-json\/wp\/v2\/posts\/2875\/revisions\/2907"}],"wp:featuredmedia":[{"embeddable":true,"href":"http:\/\/itineraires.sudvelo.com\/miles\/wp-json\/wp\/v2\/media\/2882"}],"wp:attachment":[{"href":"http:\/\/itineraires.sudvelo.com\/miles\/wp-json\/wp\/v2\/media?parent=2875"}],"wp:term":[{"taxonomy":"category","embeddable":true,"href":"http:\/\/itineraires.sudvelo.com\/miles\/wp-json\/wp\/v2\/categories?post=2875"},{"taxonomy":"post_tag","embeddable":true,"href":"http:\/\/itineraires.sudvelo.com\/miles\/wp-json\/wp\/v2\/tags?post=2875"}],"curies":[{"name":"wp","href":"https:\/\/api.w.org\/{rel}","templated":true}]}}