{"id":2860,"date":"2016-12-03T16:20:08","date_gmt":"2016-12-03T15:20:08","guid":{"rendered":"http:\/\/itineraires.sudvelo.com\/miles\/?p=2860"},"modified":"2016-12-03T19:51:53","modified_gmt":"2016-12-03T18:51:53","slug":"le-retour-episode-1","status":"publish","type":"post","link":"http:\/\/itineraires.sudvelo.com\/miles\/2016\/12\/03\/le-retour-episode-1\/","title":{"rendered":"Le retour: \u00e9pisode 1"},"content":{"rendered":"<p style=\"text-align: justify;\">Et voil\u00e0, \u00a0Professor et moi avons regagn\u00e9 \u00a0nos p\u00e9nates! \u00a0Il nous aura fallu pas moins de 21000 kms, 24h d&rsquo;avion, \u00a015h d&rsquo;attente, \u00a0une nuit \u00e0 Roissy, et 4h de train&#8230;une belle \u00e9tape de 150kms \u00e0 v\u00e9lo est moins fatigante! Nous voil\u00e0 tous 2 \u00ab\u00a0assign\u00e9s\u00a0\u00bb \u00e0 suivre les r\u00e9cits lointains de nos amis laiss\u00e9s \u00a0en Nouvelle Z\u00e9lande . ..mais aussi ravis d&rsquo;avoir retrouv\u00e9 nos familles que nous avions laiss\u00e9es plus de 5 semaines! Nous voil\u00e0 tous 2 enrichis de la beaut\u00e9 d&rsquo;un pays, celle ext\u00e9rieure des paysages sublimes travers\u00e9s. Avec ses multiples vari\u00e9t\u00e9s de foug\u00e8res, \u00a0ses fleurs par millions, ses oiseaux aux cris des plus insolites aux couleurs les plus exub\u00e9rantes, \u00a0ses montagnes aux cascades fabuleuses, ses glaciers en bord d&rsquo;oc\u00e9an, \u00a0ses plages, ses animaux \u00e9tonnants dans leur milieu naturel (d&rsquo;habitude, \u00a0on les voit au zoo&#8230;), ses lacs extraordinaires &#8230;.on n&rsquo;a pas assez d&rsquo;yeux pour tout contempler. \u00a0L&rsquo;autre beaut\u00e9, c&rsquo;est celle qui m&rsquo;a le plus touch\u00e9e, \u00a0c&rsquo;est comme on dit la beaut\u00e9 int\u00e9rieure, \u00a0celle du coeur. On a d\u00e9couvert des habitants incroyablement bieveillants les uns avec les autres, gentils, respectueux des autres ET des r\u00e8gles. En plus de 5 semaines, je n&rsquo;ai jamais vu de gens se disputer, ni se hurler dessus, ni se klaxonner. Nous n&rsquo;avons jamais vu un seul policier dans la rue , hormis les patrouilles en voiture par ci, par l\u00e0. Sur le v\u00e9lo, \u00a0nous n&rsquo;avons pour ainsi dire jamais \u00e9t\u00e9 klaxonn\u00e9s non plus, ni insult\u00e9s, ni ne nous sommes sentis en danger, malgr\u00e9 la vitesse des enorues trucks charg\u00e9s de bois!<\/p>\n<p style=\"text-align: justify;\">Nous avons d\u00e9couvert le monde des bisounours! \u00a0Il existe encore quelque part sur cette plan\u00e8te&#8230;c&rsquo;est bon de savoir que c&rsquo;est possible! Mais \u00e0 notre retour dans notre pays, nous avons bien compris que la route pour redevenir cette France respectueuse et bienveillante qu&rsquo;elle fut par le (lointain) pass\u00e9 sera tr\u00e8s, tr\u00e8s, \u00a0tr\u00e8s longue&#8230;<\/p>\n<div class=\"tiled-gallery type-rectangular tiled-gallery-unresized\" data-original-width=\"610\" data-carousel-extra='{&quot;blog_id&quot;:1,&quot;permalink&quot;:&quot;http:\\\/\\\/itineraires.sudvelo.com\\\/miles\\\/2016\\\/12\\\/03\\\/le-retour-episode-1\\\/&quot;,&quot;likes_blog_id&quot;:93043694}' itemscope itemtype=\"http:\/\/schema.org\/ImageGallery\" > <div class=\"gallery-row\" style=\"width: 610px; height: 126px;\" data-original-width=\"610\" data-original-height=\"126\" > <div class=\"gallery-group images-1\" style=\"width: 222px; height: 126px;\" data-original-width=\"222\" data-original-height=\"126\" > <div class=\"tiled-gallery-item tiled-gallery-item-small\" itemprop=\"associatedMedia\" itemscope itemtype=\"http:\/\/schema.org\/ImageObject\"> <a href=\"http:\/\/itineraires.sudvelo.com\/miles\/2016\/12\/03\/le-retour-episode-1\/img-20161203-wa0000\/\" border=\"0\" itemprop=\"url\"> <meta itemprop=\"width\" content=\"218\"> <meta itemprop=\"height\" content=\"122\"> <img decoding=\"async\" class=\"\" data-attachment-id=\"2862\" data-orig-file=\"http:\/\/itineraires.sudvelo.com\/miles\/wp-content\/uploads\/2016\/12\/IMG-20161203-WA0000.jpg\" data-orig-size=\"1600,900\" data-comments-opened=\"1\" data-image-meta=\"{&quot;aperture&quot;:&quot;0&quot;,&quot;credit&quot;:&quot;&quot;,&quot;camera&quot;:&quot;&quot;,&quot;caption&quot;:&quot;&quot;,&quot;created_timestamp&quot;:&quot;0&quot;,&quot;copyright&quot;:&quot;&quot;,&quot;focal_length&quot;:&quot;0&quot;,&quot;iso&quot;:&quot;0&quot;,&quot;shutter_speed&quot;:&quot;0&quot;,&quot;title&quot;:&quot;&quot;,&quot;orientation&quot;:&quot;0&quot;}\" data-image-title=\"img-20161203-wa0000\" data-image-description=\"\" data-medium-file=\"https:\/\/i0.wp.com\/itineraires.sudvelo.com\/miles\/wp-content\/uploads\/2016\/12\/IMG-20161203-WA0000.jpg?fit=300%2C169\" data-large-file=\"https:\/\/i0.wp.com\/itineraires.sudvelo.com\/miles\/wp-content\/uploads\/2016\/12\/IMG-20161203-WA0000.jpg?fit=610%2C343\" src=\"https:\/\/i0.wp.com\/itineraires.sudvelo.com\/miles\/wp-content\/uploads\/2016\/12\/IMG-20161203-WA0000.jpg?w=218&#038;h=122\" srcset=\"https:\/\/i0.wp.com\/itineraires.sudvelo.com\/miles\/wp-content\/uploads\/2016\/12\/IMG-20161203-WA0000.jpg?w=1600 1600w, https:\/\/i0.wp.com\/itineraires.sudvelo.com\/miles\/wp-content\/uploads\/2016\/12\/IMG-20161203-WA0000.jpg?resize=300%2C169 300w, https:\/\/i0.wp.com\/itineraires.sudvelo.com\/miles\/wp-content\/uploads\/2016\/12\/IMG-20161203-WA0000.jpg?resize=768%2C432 768w, https:\/\/i0.wp.com\/itineraires.sudvelo.com\/miles\/wp-content\/uploads\/2016\/12\/IMG-20161203-WA0000.jpg?resize=1024%2C576 1024w, https:\/\/i0.wp.com\/itineraires.sudvelo.com\/miles\/wp-content\/uploads\/2016\/12\/IMG-20161203-WA0000.jpg?resize=1250%2C703 1250w, https:\/\/i0.wp.com\/itineraires.sudvelo.com\/miles\/wp-content\/uploads\/2016\/12\/IMG-20161203-WA0000.jpg?resize=400%2C225 400w\" width=\"218\" height=\"122\" loading=\"lazy\" data-original-width=\"218\" data-original-height=\"122\" itemprop=\"http:\/\/schema.org\/image\" title=\"img-20161203-wa0000\" alt=\"img-20161203-wa0000\" style=\"width: 218px; height: 122px;\" \/> <\/a> <\/div> <\/div> <!-- close group --> <div class=\"gallery-group images-1\" style=\"width: 167px; height: 126px;\" data-original-width=\"167\" data-original-height=\"126\" > <div class=\"tiled-gallery-item tiled-gallery-item-small\" itemprop=\"associatedMedia\" itemscope itemtype=\"http:\/\/schema.org\/ImageObject\"> <a href=\"http:\/\/itineraires.sudvelo.com\/miles\/2016\/12\/03\/le-retour-episode-1\/img-20161203-wa0001\/\" border=\"0\" itemprop=\"url\"> <meta itemprop=\"width\" content=\"163\"> <meta itemprop=\"height\" content=\"122\"> <img decoding=\"async\" class=\"\" data-attachment-id=\"2863\" data-orig-file=\"http:\/\/itineraires.sudvelo.com\/miles\/wp-content\/uploads\/2016\/12\/IMG-20161203-WA0001.jpg\" data-orig-size=\"1600,1200\" data-comments-opened=\"1\" data-image-meta=\"{&quot;aperture&quot;:&quot;0&quot;,&quot;credit&quot;:&quot;&quot;,&quot;camera&quot;:&quot;&quot;,&quot;caption&quot;:&quot;&quot;,&quot;created_timestamp&quot;:&quot;0&quot;,&quot;copyright&quot;:&quot;&quot;,&quot;focal_length&quot;:&quot;0&quot;,&quot;iso&quot;:&quot;0&quot;,&quot;shutter_speed&quot;:&quot;0&quot;,&quot;title&quot;:&quot;&quot;,&quot;orientation&quot;:&quot;0&quot;}\" data-image-title=\"img-20161203-wa0001\" data-image-description=\"\" data-medium-file=\"https:\/\/i0.wp.com\/itineraires.sudvelo.com\/miles\/wp-content\/uploads\/2016\/12\/IMG-20161203-WA0001.jpg?fit=300%2C225\" data-large-file=\"https:\/\/i0.wp.com\/itineraires.sudvelo.com\/miles\/wp-content\/uploads\/2016\/12\/IMG-20161203-WA0001.jpg?fit=610%2C458\" src=\"https:\/\/i0.wp.com\/itineraires.sudvelo.com\/miles\/wp-content\/uploads\/2016\/12\/IMG-20161203-WA0001.jpg?w=163&#038;h=122\" srcset=\"https:\/\/i0.wp.com\/itineraires.sudvelo.com\/miles\/wp-content\/uploads\/2016\/12\/IMG-20161203-WA0001.jpg?w=1600 1600w, https:\/\/i0.wp.com\/itineraires.sudvelo.com\/miles\/wp-content\/uploads\/2016\/12\/IMG-20161203-WA0001.jpg?resize=300%2C225 300w, https:\/\/i0.wp.com\/itineraires.sudvelo.com\/miles\/wp-content\/uploads\/2016\/12\/IMG-20161203-WA0001.jpg?resize=768%2C576 768w, https:\/\/i0.wp.com\/itineraires.sudvelo.com\/miles\/wp-content\/uploads\/2016\/12\/IMG-20161203-WA0001.jpg?resize=1024%2C768 1024w, https:\/\/i0.wp.com\/itineraires.sudvelo.com\/miles\/wp-content\/uploads\/2016\/12\/IMG-20161203-WA0001.jpg?resize=1250%2C938 1250w, https:\/\/i0.wp.com\/itineraires.sudvelo.com\/miles\/wp-content\/uploads\/2016\/12\/IMG-20161203-WA0001.jpg?resize=400%2C300 400w\" width=\"163\" height=\"122\" loading=\"lazy\" data-original-width=\"163\" data-original-height=\"122\" itemprop=\"http:\/\/schema.org\/image\" title=\"img-20161203-wa0001\" alt=\"img-20161203-wa0001\" style=\"width: 163px; height: 122px;\" \/> <\/a> <\/div> <\/div> <!-- close group --> <div class=\"gallery-group images-1\" style=\"width: 221px; height: 126px;\" data-original-width=\"221\" data-original-height=\"126\" > <div class=\"tiled-gallery-item tiled-gallery-item-small\" itemprop=\"associatedMedia\" itemscope itemtype=\"http:\/\/schema.org\/ImageObject\"> <a href=\"http:\/\/itineraires.sudvelo.com\/miles\/2016\/12\/03\/le-retour-episode-1\/img-20161203-wa0002\/\" border=\"0\" itemprop=\"url\"> <meta itemprop=\"width\" content=\"217\"> <meta itemprop=\"height\" content=\"122\"> <img decoding=\"async\" class=\"\" data-attachment-id=\"2864\" data-orig-file=\"http:\/\/itineraires.sudvelo.com\/miles\/wp-content\/uploads\/2016\/12\/IMG-20161203-WA0002.jpg\" data-orig-size=\"1600,900\" data-comments-opened=\"1\" data-image-meta=\"{&quot;aperture&quot;:&quot;0&quot;,&quot;credit&quot;:&quot;&quot;,&quot;camera&quot;:&quot;&quot;,&quot;caption&quot;:&quot;&quot;,&quot;created_timestamp&quot;:&quot;0&quot;,&quot;copyright&quot;:&quot;&quot;,&quot;focal_length&quot;:&quot;0&quot;,&quot;iso&quot;:&quot;0&quot;,&quot;shutter_speed&quot;:&quot;0&quot;,&quot;title&quot;:&quot;&quot;,&quot;orientation&quot;:&quot;0&quot;}\" data-image-title=\"img-20161203-wa0002\" data-image-description=\"\" data-medium-file=\"https:\/\/i0.wp.com\/itineraires.sudvelo.com\/miles\/wp-content\/uploads\/2016\/12\/IMG-20161203-WA0002.jpg?fit=300%2C169\" data-large-file=\"https:\/\/i0.wp.com\/itineraires.sudvelo.com\/miles\/wp-content\/uploads\/2016\/12\/IMG-20161203-WA0002.jpg?fit=610%2C343\" src=\"https:\/\/i0.wp.com\/itineraires.sudvelo.com\/miles\/wp-content\/uploads\/2016\/12\/IMG-20161203-WA0002.jpg?w=217&#038;h=122\" srcset=\"https:\/\/i0.wp.com\/itineraires.sudvelo.com\/miles\/wp-content\/uploads\/2016\/12\/IMG-20161203-WA0002.jpg?w=1600 1600w, https:\/\/i0.wp.com\/itineraires.sudvelo.com\/miles\/wp-content\/uploads\/2016\/12\/IMG-20161203-WA0002.jpg?resize=300%2C169 300w, https:\/\/i0.wp.com\/itineraires.sudvelo.com\/miles\/wp-content\/uploads\/2016\/12\/IMG-20161203-WA0002.jpg?resize=768%2C432 768w, https:\/\/i0.wp.com\/itineraires.sudvelo.com\/miles\/wp-content\/uploads\/2016\/12\/IMG-20161203-WA0002.jpg?resize=1024%2C576 1024w, https:\/\/i0.wp.com\/itineraires.sudvelo.com\/miles\/wp-content\/uploads\/2016\/12\/IMG-20161203-WA0002.jpg?resize=1250%2C703 1250w, https:\/\/i0.wp.com\/itineraires.sudvelo.com\/miles\/wp-content\/uploads\/2016\/12\/IMG-20161203-WA0002.jpg?resize=400%2C225 400w\" width=\"217\" height=\"122\" loading=\"lazy\" data-original-width=\"217\" data-original-height=\"122\" itemprop=\"http:\/\/schema.org\/image\" title=\"img-20161203-wa0002\" alt=\"img-20161203-wa0002\" style=\"width: 217px; height: 122px;\" \/> <\/a> <\/div> <\/div> <!-- close group --> <\/div> <!-- close row --> <div class=\"gallery-row\" style=\"width: 610px; height: 277px;\" data-original-width=\"610\" data-original-height=\"277\" > <div class=\"gallery-group images-2\" style=\"width: 243px; height: 277px;\" data-original-width=\"243\" data-original-height=\"277\" > <div class=\"tiled-gallery-item tiled-gallery-item-small\" itemprop=\"associatedMedia\" itemscope itemtype=\"http:\/\/schema.org\/ImageObject\"> <a href=\"http:\/\/itineraires.sudvelo.com\/miles\/2016\/12\/03\/le-retour-episode-1\/img-20161203-wa0003\/\" border=\"0\" itemprop=\"url\"> <meta itemprop=\"width\" content=\"239\"> <meta itemprop=\"height\" content=\"135\"> <img decoding=\"async\" class=\"\" data-attachment-id=\"2865\" data-orig-file=\"http:\/\/itineraires.sudvelo.com\/miles\/wp-content\/uploads\/2016\/12\/IMG-20161203-WA0003.jpg\" data-orig-size=\"1600,900\" data-comments-opened=\"1\" data-image-meta=\"{&quot;aperture&quot;:&quot;0&quot;,&quot;credit&quot;:&quot;&quot;,&quot;camera&quot;:&quot;&quot;,&quot;caption&quot;:&quot;&quot;,&quot;created_timestamp&quot;:&quot;0&quot;,&quot;copyright&quot;:&quot;&quot;,&quot;focal_length&quot;:&quot;0&quot;,&quot;iso&quot;:&quot;0&quot;,&quot;shutter_speed&quot;:&quot;0&quot;,&quot;title&quot;:&quot;&quot;,&quot;orientation&quot;:&quot;0&quot;}\" data-image-title=\"img-20161203-wa0003\" data-image-description=\"\" data-medium-file=\"https:\/\/i0.wp.com\/itineraires.sudvelo.com\/miles\/wp-content\/uploads\/2016\/12\/IMG-20161203-WA0003.jpg?fit=300%2C169\" data-large-file=\"https:\/\/i0.wp.com\/itineraires.sudvelo.com\/miles\/wp-content\/uploads\/2016\/12\/IMG-20161203-WA0003.jpg?fit=610%2C343\" src=\"https:\/\/i0.wp.com\/itineraires.sudvelo.com\/miles\/wp-content\/uploads\/2016\/12\/IMG-20161203-WA0003.jpg?w=239&#038;h=135\" srcset=\"https:\/\/i0.wp.com\/itineraires.sudvelo.com\/miles\/wp-content\/uploads\/2016\/12\/IMG-20161203-WA0003.jpg?w=1600 1600w, https:\/\/i0.wp.com\/itineraires.sudvelo.com\/miles\/wp-content\/uploads\/2016\/12\/IMG-20161203-WA0003.jpg?resize=300%2C169 300w, https:\/\/i0.wp.com\/itineraires.sudvelo.com\/miles\/wp-content\/uploads\/2016\/12\/IMG-20161203-WA0003.jpg?resize=768%2C432 768w, https:\/\/i0.wp.com\/itineraires.sudvelo.com\/miles\/wp-content\/uploads\/2016\/12\/IMG-20161203-WA0003.jpg?resize=1024%2C576 1024w, https:\/\/i0.wp.com\/itineraires.sudvelo.com\/miles\/wp-content\/uploads\/2016\/12\/IMG-20161203-WA0003.jpg?resize=1250%2C703 1250w, https:\/\/i0.wp.com\/itineraires.sudvelo.com\/miles\/wp-content\/uploads\/2016\/12\/IMG-20161203-WA0003.jpg?resize=400%2C225 400w\" width=\"239\" height=\"135\" loading=\"lazy\" data-original-width=\"239\" data-original-height=\"135\" itemprop=\"http:\/\/schema.org\/image\" title=\"img-20161203-wa0003\" alt=\"img-20161203-wa0003\" style=\"width: 239px; height: 135px;\" \/> <\/a> <\/div> <div class=\"tiled-gallery-item tiled-gallery-item-small\" itemprop=\"associatedMedia\" itemscope itemtype=\"http:\/\/schema.org\/ImageObject\"> <a href=\"http:\/\/itineraires.sudvelo.com\/miles\/2016\/12\/03\/le-retour-episode-1\/img-20161203-wa0004\/\" border=\"0\" itemprop=\"url\"> <meta itemprop=\"width\" content=\"239\"> <meta itemprop=\"height\" content=\"134\"> <img decoding=\"async\" class=\"\" data-attachment-id=\"2866\" data-orig-file=\"http:\/\/itineraires.sudvelo.com\/miles\/wp-content\/uploads\/2016\/12\/IMG-20161203-WA0004.jpg\" data-orig-size=\"1600,900\" data-comments-opened=\"1\" data-image-meta=\"{&quot;aperture&quot;:&quot;0&quot;,&quot;credit&quot;:&quot;&quot;,&quot;camera&quot;:&quot;&quot;,&quot;caption&quot;:&quot;&quot;,&quot;created_timestamp&quot;:&quot;0&quot;,&quot;copyright&quot;:&quot;&quot;,&quot;focal_length&quot;:&quot;0&quot;,&quot;iso&quot;:&quot;0&quot;,&quot;shutter_speed&quot;:&quot;0&quot;,&quot;title&quot;:&quot;&quot;,&quot;orientation&quot;:&quot;0&quot;}\" data-image-title=\"img-20161203-wa0004\" data-image-description=\"\" data-medium-file=\"https:\/\/i0.wp.com\/itineraires.sudvelo.com\/miles\/wp-content\/uploads\/2016\/12\/IMG-20161203-WA0004.jpg?fit=300%2C169\" data-large-file=\"https:\/\/i0.wp.com\/itineraires.sudvelo.com\/miles\/wp-content\/uploads\/2016\/12\/IMG-20161203-WA0004.jpg?fit=610%2C343\" src=\"https:\/\/i0.wp.com\/itineraires.sudvelo.com\/miles\/wp-content\/uploads\/2016\/12\/IMG-20161203-WA0004.jpg?w=239&#038;h=134\" srcset=\"https:\/\/i0.wp.com\/itineraires.sudvelo.com\/miles\/wp-content\/uploads\/2016\/12\/IMG-20161203-WA0004.jpg?w=1600 1600w, https:\/\/i0.wp.com\/itineraires.sudvelo.com\/miles\/wp-content\/uploads\/2016\/12\/IMG-20161203-WA0004.jpg?resize=300%2C169 300w, https:\/\/i0.wp.com\/itineraires.sudvelo.com\/miles\/wp-content\/uploads\/2016\/12\/IMG-20161203-WA0004.jpg?resize=768%2C432 768w, https:\/\/i0.wp.com\/itineraires.sudvelo.com\/miles\/wp-content\/uploads\/2016\/12\/IMG-20161203-WA0004.jpg?resize=1024%2C576 1024w, https:\/\/i0.wp.com\/itineraires.sudvelo.com\/miles\/wp-content\/uploads\/2016\/12\/IMG-20161203-WA0004.jpg?resize=1250%2C703 1250w, https:\/\/i0.wp.com\/itineraires.sudvelo.com\/miles\/wp-content\/uploads\/2016\/12\/IMG-20161203-WA0004.jpg?resize=400%2C225 400w\" width=\"239\" height=\"134\" loading=\"lazy\" data-original-width=\"239\" data-original-height=\"134\" itemprop=\"http:\/\/schema.org\/image\" title=\"img-20161203-wa0004\" alt=\"img-20161203-wa0004\" style=\"width: 239px; height: 134px;\" \/> <\/a> <\/div> <\/div> <!-- close group --> <div class=\"gallery-group images-1\" style=\"width: 367px; height: 277px;\" data-original-width=\"367\" data-original-height=\"277\" > <div class=\"tiled-gallery-item tiled-gallery-item-large\" itemprop=\"associatedMedia\" itemscope itemtype=\"http:\/\/schema.org\/ImageObject\"> <a href=\"http:\/\/itineraires.sudvelo.com\/miles\/2016\/12\/03\/le-retour-episode-1\/img-20161203-wa0005\/\" border=\"0\" itemprop=\"url\"> <meta itemprop=\"width\" content=\"363\"> <meta itemprop=\"height\" content=\"273\"> <img decoding=\"async\" class=\"\" data-attachment-id=\"2868\" data-orig-file=\"http:\/\/itineraires.sudvelo.com\/miles\/wp-content\/uploads\/2016\/12\/IMG-20161203-WA0005.jpg\" data-orig-size=\"1600,1200\" data-comments-opened=\"1\" data-image-meta=\"{&quot;aperture&quot;:&quot;0&quot;,&quot;credit&quot;:&quot;&quot;,&quot;camera&quot;:&quot;&quot;,&quot;caption&quot;:&quot;&quot;,&quot;created_timestamp&quot;:&quot;0&quot;,&quot;copyright&quot;:&quot;&quot;,&quot;focal_length&quot;:&quot;0&quot;,&quot;iso&quot;:&quot;0&quot;,&quot;shutter_speed&quot;:&quot;0&quot;,&quot;title&quot;:&quot;&quot;,&quot;orientation&quot;:&quot;0&quot;}\" data-image-title=\"Petit som sur les bancs de l&amp;rsquo;a\u00e9roport de P\u00e9kin\" data-image-description=\"\" data-medium-file=\"https:\/\/i0.wp.com\/itineraires.sudvelo.com\/miles\/wp-content\/uploads\/2016\/12\/IMG-20161203-WA0005.jpg?fit=300%2C225\" data-large-file=\"https:\/\/i0.wp.com\/itineraires.sudvelo.com\/miles\/wp-content\/uploads\/2016\/12\/IMG-20161203-WA0005.jpg?fit=610%2C458\" src=\"https:\/\/i0.wp.com\/itineraires.sudvelo.com\/miles\/wp-content\/uploads\/2016\/12\/IMG-20161203-WA0005.jpg?w=363&#038;h=273\" srcset=\"https:\/\/i0.wp.com\/itineraires.sudvelo.com\/miles\/wp-content\/uploads\/2016\/12\/IMG-20161203-WA0005.jpg?w=1600 1600w, https:\/\/i0.wp.com\/itineraires.sudvelo.com\/miles\/wp-content\/uploads\/2016\/12\/IMG-20161203-WA0005.jpg?resize=300%2C225 300w, https:\/\/i0.wp.com\/itineraires.sudvelo.com\/miles\/wp-content\/uploads\/2016\/12\/IMG-20161203-WA0005.jpg?resize=768%2C576 768w, https:\/\/i0.wp.com\/itineraires.sudvelo.com\/miles\/wp-content\/uploads\/2016\/12\/IMG-20161203-WA0005.jpg?resize=1024%2C768 1024w, https:\/\/i0.wp.com\/itineraires.sudvelo.com\/miles\/wp-content\/uploads\/2016\/12\/IMG-20161203-WA0005.jpg?resize=1250%2C938 1250w, https:\/\/i0.wp.com\/itineraires.sudvelo.com\/miles\/wp-content\/uploads\/2016\/12\/IMG-20161203-WA0005.jpg?resize=400%2C300 400w\" width=\"363\" height=\"273\" loading=\"lazy\" data-original-width=\"363\" data-original-height=\"273\" itemprop=\"http:\/\/schema.org\/image\" title=\"Petit som sur les bancs de l&#039;a\u00e9roport de P\u00e9kin\" alt=\"Petit som sur les bancs de l&#039;a\u00e9roport de P\u00e9kin\" style=\"width: 363px; height: 273px;\" \/> <\/a> <\/div> <\/div> <!-- close group --> <\/div> <!-- close row --> <div class=\"gallery-row\" style=\"width: 610px; height: 173px;\" data-original-width=\"610\" data-original-height=\"173\" > <div class=\"gallery-group images-1\" style=\"width: 305px; height: 173px;\" data-original-width=\"305\" data-original-height=\"173\" > <div class=\"tiled-gallery-item tiled-gallery-item-large\" itemprop=\"associatedMedia\" itemscope itemtype=\"http:\/\/schema.org\/ImageObject\"> <a href=\"http:\/\/itineraires.sudvelo.com\/miles\/2016\/12\/03\/le-retour-episode-1\/img-20161203-wa0006\/\" border=\"0\" itemprop=\"url\"> <meta itemprop=\"width\" content=\"301\"> <meta itemprop=\"height\" content=\"169\"> <img decoding=\"async\" class=\"\" data-attachment-id=\"2869\" data-orig-file=\"http:\/\/itineraires.sudvelo.com\/miles\/wp-content\/uploads\/2016\/12\/IMG-20161203-WA0006.jpg\" data-orig-size=\"1600,900\" data-comments-opened=\"1\" data-image-meta=\"{&quot;aperture&quot;:&quot;0&quot;,&quot;credit&quot;:&quot;&quot;,&quot;camera&quot;:&quot;&quot;,&quot;caption&quot;:&quot;&quot;,&quot;created_timestamp&quot;:&quot;0&quot;,&quot;copyright&quot;:&quot;&quot;,&quot;focal_length&quot;:&quot;0&quot;,&quot;iso&quot;:&quot;0&quot;,&quot;shutter_speed&quot;:&quot;0&quot;,&quot;title&quot;:&quot;&quot;,&quot;orientation&quot;:&quot;0&quot;}\" data-image-title=\"Les Alpes NZ\" data-image-description=\"\" data-medium-file=\"https:\/\/i0.wp.com\/itineraires.sudvelo.com\/miles\/wp-content\/uploads\/2016\/12\/IMG-20161203-WA0006.jpg?fit=300%2C169\" data-large-file=\"https:\/\/i0.wp.com\/itineraires.sudvelo.com\/miles\/wp-content\/uploads\/2016\/12\/IMG-20161203-WA0006.jpg?fit=610%2C343\" src=\"https:\/\/i0.wp.com\/itineraires.sudvelo.com\/miles\/wp-content\/uploads\/2016\/12\/IMG-20161203-WA0006.jpg?w=301&#038;h=169\" srcset=\"https:\/\/i0.wp.com\/itineraires.sudvelo.com\/miles\/wp-content\/uploads\/2016\/12\/IMG-20161203-WA0006.jpg?w=1600 1600w, https:\/\/i0.wp.com\/itineraires.sudvelo.com\/miles\/wp-content\/uploads\/2016\/12\/IMG-20161203-WA0006.jpg?resize=300%2C169 300w, https:\/\/i0.wp.com\/itineraires.sudvelo.com\/miles\/wp-content\/uploads\/2016\/12\/IMG-20161203-WA0006.jpg?resize=768%2C432 768w, https:\/\/i0.wp.com\/itineraires.sudvelo.com\/miles\/wp-content\/uploads\/2016\/12\/IMG-20161203-WA0006.jpg?resize=1024%2C576 1024w, https:\/\/i0.wp.com\/itineraires.sudvelo.com\/miles\/wp-content\/uploads\/2016\/12\/IMG-20161203-WA0006.jpg?resize=1250%2C703 1250w, https:\/\/i0.wp.com\/itineraires.sudvelo.com\/miles\/wp-content\/uploads\/2016\/12\/IMG-20161203-WA0006.jpg?resize=400%2C225 400w\" width=\"301\" height=\"169\" loading=\"lazy\" data-original-width=\"301\" data-original-height=\"169\" itemprop=\"http:\/\/schema.org\/image\" title=\"Les Alpes NZ\" alt=\"Les Alpes NZ\" style=\"width: 301px; height: 169px;\" \/> <\/a> <\/div> <\/div> <!-- close group --> <div class=\"gallery-group images-1\" style=\"width: 305px; height: 173px;\" data-original-width=\"305\" data-original-height=\"173\" > <div class=\"tiled-gallery-item tiled-gallery-item-large\" itemprop=\"associatedMedia\" itemscope itemtype=\"http:\/\/schema.org\/ImageObject\"> <a href=\"http:\/\/itineraires.sudvelo.com\/miles\/2016\/12\/03\/le-retour-episode-1\/img-20161203-wa0007\/\" border=\"0\" itemprop=\"url\"> <meta itemprop=\"width\" content=\"301\"> <meta itemprop=\"height\" content=\"169\"> <img decoding=\"async\" class=\"\" data-attachment-id=\"2870\" data-orig-file=\"http:\/\/itineraires.sudvelo.com\/miles\/wp-content\/uploads\/2016\/12\/IMG-20161203-WA0007.jpg\" data-orig-size=\"1600,900\" data-comments-opened=\"1\" data-image-meta=\"{&quot;aperture&quot;:&quot;0&quot;,&quot;credit&quot;:&quot;&quot;,&quot;camera&quot;:&quot;&quot;,&quot;caption&quot;:&quot;&quot;,&quot;created_timestamp&quot;:&quot;0&quot;,&quot;copyright&quot;:&quot;&quot;,&quot;focal_length&quot;:&quot;0&quot;,&quot;iso&quot;:&quot;0&quot;,&quot;shutter_speed&quot;:&quot;0&quot;,&quot;title&quot;:&quot;&quot;,&quot;orientation&quot;:&quot;0&quot;}\" data-image-title=\"img-20161203-wa0007\" data-image-description=\"\" data-medium-file=\"https:\/\/i0.wp.com\/itineraires.sudvelo.com\/miles\/wp-content\/uploads\/2016\/12\/IMG-20161203-WA0007.jpg?fit=300%2C169\" data-large-file=\"https:\/\/i0.wp.com\/itineraires.sudvelo.com\/miles\/wp-content\/uploads\/2016\/12\/IMG-20161203-WA0007.jpg?fit=610%2C343\" src=\"https:\/\/i0.wp.com\/itineraires.sudvelo.com\/miles\/wp-content\/uploads\/2016\/12\/IMG-20161203-WA0007.jpg?w=301&#038;h=169\" srcset=\"https:\/\/i0.wp.com\/itineraires.sudvelo.com\/miles\/wp-content\/uploads\/2016\/12\/IMG-20161203-WA0007.jpg?w=1600 1600w, https:\/\/i0.wp.com\/itineraires.sudvelo.com\/miles\/wp-content\/uploads\/2016\/12\/IMG-20161203-WA0007.jpg?resize=300%2C169 300w, https:\/\/i0.wp.com\/itineraires.sudvelo.com\/miles\/wp-content\/uploads\/2016\/12\/IMG-20161203-WA0007.jpg?resize=768%2C432 768w, https:\/\/i0.wp.com\/itineraires.sudvelo.com\/miles\/wp-content\/uploads\/2016\/12\/IMG-20161203-WA0007.jpg?resize=1024%2C576 1024w, https:\/\/i0.wp.com\/itineraires.sudvelo.com\/miles\/wp-content\/uploads\/2016\/12\/IMG-20161203-WA0007.jpg?resize=1250%2C703 1250w, https:\/\/i0.wp.com\/itineraires.sudvelo.com\/miles\/wp-content\/uploads\/2016\/12\/IMG-20161203-WA0007.jpg?resize=400%2C225 400w\" width=\"301\" height=\"169\" loading=\"lazy\" data-original-width=\"301\" data-original-height=\"169\" itemprop=\"http:\/\/schema.org\/image\" title=\"img-20161203-wa0007\" alt=\"img-20161203-wa0007\" style=\"width: 301px; height: 169px;\" \/> <\/a> <\/div> <\/div> <!-- close group --> <\/div> <!-- close row --> <\/div>\n","protected":false},"excerpt":{"rendered":"<p>Et voil\u00e0, \u00a0Professor et moi avons regagn\u00e9 \u00a0nos p\u00e9nates! \u00a0Il nous aura fallu pas moins de 21000 kms, 24h d&rsquo;avion, \u00a015h d&rsquo;attente, \u00a0une nuit \u00e0 Roissy, et 4h de train&#8230;une belle \u00e9tape de 150kms \u00e0 v\u00e9lo est moins fatigante! Nous voil\u00e0 tous 2 \u00ab\u00a0assign\u00e9s\u00a0\u00bb \u00e0 suivre les r\u00e9cits lointains de nos amis laiss\u00e9s \u00a0en Nouvelle [&hellip;]<\/p>\n","protected":false},"author":16,"featured_media":2864,"comment_status":"open","ping_status":"open","sticky":false,"template":"","format":"standard","meta":{"jetpack_post_was_ever_published":false,"_jetpack_newsletter_access":"","_jetpack_dont_email_post_to_subs":false,"_jetpack_newsletter_tier_id":0,"_jetpack_memberships_contains_paywalled_content":false,"_jetpack_memberships_contains_paid_content":false,"footnotes":"","jetpack_publicize_message":"","jetpack_publicize_feature_enabled":true,"jetpack_social_post_already_shared":true,"jetpack_social_options":{"image_generator_settings":{"template":"highway","enabled":false},"version":2}},"categories":[44,43,7],"tags":[],"class_list":["post-2860","post","type-post","status-publish","format-standard","has-post-thumbnail","hentry","category-nouvelle-zelande","category-oceanie","category-voyages"],"jetpack_publicize_connections":[],"jetpack_featured_media_url":"https:\/\/i0.wp.com\/itineraires.sudvelo.com\/miles\/wp-content\/uploads\/2016\/12\/IMG-20161203-WA0002.jpg?fit=1600%2C900","jetpack_sharing_enabled":true,"jetpack_shortlink":"https:\/\/wp.me\/p6ioUK-K8","jetpack_likes_enabled":true,"_links":{"self":[{"href":"http:\/\/itineraires.sudvelo.com\/miles\/wp-json\/wp\/v2\/posts\/2860"}],"collection":[{"href":"http:\/\/itineraires.sudvelo.com\/miles\/wp-json\/wp\/v2\/posts"}],"about":[{"href":"http:\/\/itineraires.sudvelo.com\/miles\/wp-json\/wp\/v2\/types\/post"}],"author":[{"embeddable":true,"href":"http:\/\/itineraires.sudvelo.com\/miles\/wp-json\/wp\/v2\/users\/16"}],"replies":[{"embeddable":true,"href":"http:\/\/itineraires.sudvelo.com\/miles\/wp-json\/wp\/v2\/comments?post=2860"}],"version-history":[{"count":4,"href":"http:\/\/itineraires.sudvelo.com\/miles\/wp-json\/wp\/v2\/posts\/2860\/revisions"}],"predecessor-version":[{"id":2872,"href":"http:\/\/itineraires.sudvelo.com\/miles\/wp-json\/wp\/v2\/posts\/2860\/revisions\/2872"}],"wp:featuredmedia":[{"embeddable":true,"href":"http:\/\/itineraires.sudvelo.com\/miles\/wp-json\/wp\/v2\/media\/2864"}],"wp:attachment":[{"href":"http:\/\/itineraires.sudvelo.com\/miles\/wp-json\/wp\/v2\/media?parent=2860"}],"wp:term":[{"taxonomy":"category","embeddable":true,"href":"http:\/\/itineraires.sudvelo.com\/miles\/wp-json\/wp\/v2\/categories?post=2860"},{"taxonomy":"post_tag","embeddable":true,"href":"http:\/\/itineraires.sudvelo.com\/miles\/wp-json\/wp\/v2\/tags?post=2860"}],"curies":[{"name":"wp","href":"https:\/\/api.w.org\/{rel}","templated":true}]}}