{"id":278,"date":"2015-07-26T09:02:46","date_gmt":"2015-07-26T08:02:46","guid":{"rendered":"http:\/\/itineraires.sudvelo.com\/miles\/?p=278"},"modified":"2015-10-05T11:10:25","modified_gmt":"2015-10-05T10:10:25","slug":"test-dans-les-cevennes","status":"publish","type":"post","link":"http:\/\/itineraires.sudvelo.com\/miles\/2015\/07\/26\/test-dans-les-cevennes\/","title":{"rendered":"Test dans les Cevennes"},"content":{"rendered":"<p><a href=\"https:\/\/i0.wp.com\/itineraires.sudvelo.com\/miles\/wp-content\/uploads\/2015\/07\/IMG_7282.JPG-e1437896319679.jpeg\"><img data-recalc-dims=\"1\" loading=\"lazy\" decoding=\"async\" data-attachment-id=\"277\" data-permalink=\"http:\/\/itineraires.sudvelo.com\/miles\/img_7282-jpg\/\" data-orig-file=\"https:\/\/i0.wp.com\/itineraires.sudvelo.com\/miles\/wp-content\/uploads\/2015\/07\/IMG_7282.JPG-e1437896319679.jpeg?fit=968%2C1296\" data-orig-size=\"968,1296\" data-comments-opened=\"1\" data-image-meta=\"{&quot;aperture&quot;:&quot;2.8&quot;,&quot;credit&quot;:&quot;&quot;,&quot;camera&quot;:&quot;iPhone 4&quot;,&quot;caption&quot;:&quot;&quot;,&quot;created_timestamp&quot;:&quot;1437736912&quot;,&quot;copyright&quot;:&quot;&quot;,&quot;focal_length&quot;:&quot;3.85&quot;,&quot;iso&quot;:&quot;80&quot;,&quot;shutter_speed&quot;:&quot;0.033333333333333&quot;,&quot;title&quot;:&quot;&quot;,&quot;orientation&quot;:&quot;6&quot;}\" data-image-title=\"IMG_7282.JPG\" data-image-description=\"\" data-image-caption=\"\" data-medium-file=\"https:\/\/i0.wp.com\/itineraires.sudvelo.com\/miles\/wp-content\/uploads\/2015\/07\/IMG_7282.JPG-e1437896319679.jpeg?fit=224%2C300\" data-large-file=\"https:\/\/i0.wp.com\/itineraires.sudvelo.com\/miles\/wp-content\/uploads\/2015\/07\/IMG_7282.JPG-e1437896319679.jpeg?fit=610%2C817\" tabindex=\"0\" role=\"button\" class=\"alignnone size-medium wp-image-277\" src=\"https:\/\/i0.wp.com\/itineraires.sudvelo.com\/miles\/wp-content\/uploads\/2015\/07\/IMG_7282.JPG-e1437896319679-224x300.jpeg?resize=224%2C300\" alt=\"IMG_7282.JPG\" width=\"224\" height=\"300\" srcset=\"https:\/\/i0.wp.com\/itineraires.sudvelo.com\/miles\/wp-content\/uploads\/2015\/07\/IMG_7282.JPG-e1437896319679.jpeg?resize=224%2C300 224w, https:\/\/i0.wp.com\/itineraires.sudvelo.com\/miles\/wp-content\/uploads\/2015\/07\/IMG_7282.JPG-e1437896319679.jpeg?resize=765%2C1024 765w, https:\/\/i0.wp.com\/itineraires.sudvelo.com\/miles\/wp-content\/uploads\/2015\/07\/IMG_7282.JPG-e1437896319679.jpeg?w=968 968w\" sizes=\"(max-width: 224px) 100vw, 224px\" \/><\/a><\/p>\n<p>Petite sortie autour de l&rsquo;Esp\u00e9rou pour Manu et Jyves afin de tester nos v\u00e9los en charge, notre\u00a0capacit\u00e9 \u00e0 ing\u00e9rer sushis, sak\u00e9&#8230;et notre\u00a0habilit\u00e9 dans le maniement des baguettes.<br \/>\nFrancis, en repos forc\u00e9, n&rsquo;a pas pu nous accompagner. C\u00f4t\u00e9 positif, \u00e7a nous a fait un peu de plus de champagne chacun. Ce qui n&rsquo;\u00e9tait pas un luxe compte tenu de la temp\u00e9rature ambiante suffocante, m\u00eame \u00e0 1500 m d&rsquo;altitude!<br \/>\nComme tout semble en ordre c\u00f4t\u00e9 v\u00e9los, il va falloir maintenant finaliser la mise en carton; d&rsquo;autant que JYves et Carole s&rsquo;envolent pour le Japon le 4 ao\u00fbt pour une pr\u00e9-visite.<br \/>\nCa commence \u00e0 sentir bon<br \/>\nMata ato de &#8211;\u00a0<em>A bient\u00f4t<\/em><\/p>\n","protected":false},"excerpt":{"rendered":"<p>Petite sortie autour de l&rsquo;Esp\u00e9rou pour Manu et Jyves afin de tester nos v\u00e9los en charge, notre\u00a0capacit\u00e9 \u00e0 ing\u00e9rer sushis, sak\u00e9&#8230;et notre\u00a0habilit\u00e9 dans le maniement des baguettes. Francis, en repos forc\u00e9, n&rsquo;a pas pu nous accompagner. C\u00f4t\u00e9 positif, \u00e7a nous a fait un peu de plus de champagne chacun. Ce qui n&rsquo;\u00e9tait pas un luxe [&hellip;]<\/p>\n","protected":false},"author":3,"featured_media":0,"comment_status":"open","ping_status":"open","sticky":false,"template":"","format":"standard","meta":{"jetpack_post_was_ever_published":false,"_jetpack_newsletter_access":"","_jetpack_dont_email_post_to_subs":false,"_jetpack_newsletter_tier_id":0,"_jetpack_memberships_contains_paywalled_content":false,"_jetpack_memberships_contains_paid_content":false,"footnotes":"","jetpack_publicize_message":"","jetpack_publicize_feature_enabled":true,"jetpack_social_post_already_shared":true,"jetpack_social_options":{"image_generator_settings":{"template":"highway","enabled":false},"version":2}},"categories":[5,13,3,23,8],"tags":[],"class_list":["post-278","post","type-post","status-publish","format-standard","hentry","category-japon","category-materiel","category-periples","category-preparation","category-sudvelo"],"jetpack_publicize_connections":[],"jetpack_featured_media_url":"","jetpack_sharing_enabled":true,"jetpack_shortlink":"https:\/\/wp.me\/p6ioUK-4u","jetpack_likes_enabled":true,"_links":{"self":[{"href":"http:\/\/itineraires.sudvelo.com\/miles\/wp-json\/wp\/v2\/posts\/278"}],"collection":[{"href":"http:\/\/itineraires.sudvelo.com\/miles\/wp-json\/wp\/v2\/posts"}],"about":[{"href":"http:\/\/itineraires.sudvelo.com\/miles\/wp-json\/wp\/v2\/types\/post"}],"author":[{"embeddable":true,"href":"http:\/\/itineraires.sudvelo.com\/miles\/wp-json\/wp\/v2\/users\/3"}],"replies":[{"embeddable":true,"href":"http:\/\/itineraires.sudvelo.com\/miles\/wp-json\/wp\/v2\/comments?post=278"}],"version-history":[{"count":3,"href":"http:\/\/itineraires.sudvelo.com\/miles\/wp-json\/wp\/v2\/posts\/278\/revisions"}],"predecessor-version":[{"id":281,"href":"http:\/\/itineraires.sudvelo.com\/miles\/wp-json\/wp\/v2\/posts\/278\/revisions\/281"}],"wp:attachment":[{"href":"http:\/\/itineraires.sudvelo.com\/miles\/wp-json\/wp\/v2\/media?parent=278"}],"wp:term":[{"taxonomy":"category","embeddable":true,"href":"http:\/\/itineraires.sudvelo.com\/miles\/wp-json\/wp\/v2\/categories?post=278"},{"taxonomy":"post_tag","embeddable":true,"href":"http:\/\/itineraires.sudvelo.com\/miles\/wp-json\/wp\/v2\/tags?post=278"}],"curies":[{"name":"wp","href":"https:\/\/api.w.org\/{rel}","templated":true}]}}