{"id":252,"date":"2015-06-19T11:51:39","date_gmt":"2015-06-19T10:51:39","guid":{"rendered":"http:\/\/itineraires.sudvelo.com\/miles\/?p=252"},"modified":"2015-10-05T11:09:35","modified_gmt":"2015-10-05T10:09:35","slug":"je-lai-reve","status":"publish","type":"post","link":"http:\/\/itineraires.sudvelo.com\/miles\/2015\/06\/19\/je-lai-reve\/","title":{"rendered":"je l&rsquo;ai r\u00eav\u00e9"},"content":{"rendered":"<p class=\"p1\"><a href=\"https:\/\/i0.wp.com\/itineraires.sudvelo.com\/miles\/wp-content\/uploads\/2015\/06\/photo.jpg\"><img data-recalc-dims=\"1\" loading=\"lazy\" decoding=\"async\" data-attachment-id=\"253\" data-permalink=\"http:\/\/itineraires.sudvelo.com\/miles\/2015\/06\/19\/je-lai-reve\/photo\/\" data-orig-file=\"https:\/\/i0.wp.com\/itineraires.sudvelo.com\/miles\/wp-content\/uploads\/2015\/06\/photo.jpg?fit=1280%2C960\" data-orig-size=\"1280,960\" data-comments-opened=\"1\" data-image-meta=\"{&quot;aperture&quot;:&quot;2.8&quot;,&quot;credit&quot;:&quot;&quot;,&quot;camera&quot;:&quot;iPhone 3GS&quot;,&quot;caption&quot;:&quot;&quot;,&quot;created_timestamp&quot;:&quot;1434633655&quot;,&quot;copyright&quot;:&quot;&quot;,&quot;focal_length&quot;:&quot;3.85&quot;,&quot;iso&quot;:&quot;64&quot;,&quot;shutter_speed&quot;:&quot;0.0037037037037037&quot;,&quot;title&quot;:&quot;&quot;,&quot;orientation&quot;:&quot;1&quot;}\" data-image-title=\"photo\" data-image-description=\"\" data-image-caption=\"\" data-medium-file=\"https:\/\/i0.wp.com\/itineraires.sudvelo.com\/miles\/wp-content\/uploads\/2015\/06\/photo.jpg?fit=300%2C225\" data-large-file=\"https:\/\/i0.wp.com\/itineraires.sudvelo.com\/miles\/wp-content\/uploads\/2015\/06\/photo.jpg?fit=610%2C458\" tabindex=\"0\" role=\"button\" class=\"alignnone size-medium wp-image-253\" src=\"https:\/\/i0.wp.com\/itineraires.sudvelo.com\/miles\/wp-content\/uploads\/2015\/06\/photo.jpg?resize=300%2C225\" alt=\"photo\" width=\"300\" height=\"225\" srcset=\"https:\/\/i0.wp.com\/itineraires.sudvelo.com\/miles\/wp-content\/uploads\/2015\/06\/photo.jpg?resize=300%2C225 300w, https:\/\/i0.wp.com\/itineraires.sudvelo.com\/miles\/wp-content\/uploads\/2015\/06\/photo.jpg?resize=1024%2C768 1024w, https:\/\/i0.wp.com\/itineraires.sudvelo.com\/miles\/wp-content\/uploads\/2015\/06\/photo.jpg?w=1280 1280w, https:\/\/i0.wp.com\/itineraires.sudvelo.com\/miles\/wp-content\/uploads\/2015\/06\/photo.jpg?w=1220 1220w\" sizes=\"(max-width: 300px) 100vw, 300px\" \/><\/a><\/p>\n<p class=\"p1\">Quand nous avons d\u00e9cid\u00e9 avec Francis, au lendemain de la Patagonie, de repartir pour le Japon en 2015, je m&rsquo;\u00e9tais dit que \u00e7a serait bien de pr\u00e9parer un nouveau v\u00e9lo sp\u00e9cifique:<\/p>\n<p class=\"p1\">&#8211; plus l\u00e9ger qu&rsquo;en Patagonie, car on ne devrait pas rencontrer beaucoup de ripiot (chemin de terre) et parce que le Japon est tr\u00e8s montagneux,<\/p>\n<p class=\"p1\">&#8211; avec une d\u00e9coration reprenant quelques symboles du Japon: sakura (cerisier), kanji et drapeau nippon avec la d\u00e9esse shinto du soleil en son centre&#8230;<\/p>\n<p class=\"p1\">&#8230; Et parce que le plaisir, dans le voyage, est autant dans la pr\u00e9paration que dans la r\u00e9alisation.<\/p>\n<p class=\"p1\">J&rsquo;ai donc ressorti de la cave mon premier v\u00e9lo de \u00ab\u00a0couse\u00a0\u00bb; un Trek rouge en aluminium, assez l\u00e9ger mais aussi suffisamment solide pour supporter le poids des bagages. Il a tenu le coup quand je pesais 105 kilos. Avec quelques kilos de moins depuis, \u00e7a devrait donc coller!<\/p>\n<p class=\"p1\">J&rsquo;ai dessin\u00e9 queques prototypes sur Keynote pour affiner la d\u00e9co et les couleurs. J&rsquo;ai fini par opter pour un d\u00e9cor alu\/rose\/noir, qui me plaisait bien et avait le m\u00e9rite de m&rsquo;\u00e9viter de repeindre le cadre en totalit\u00e9.<\/p>\n<p class=\"p1\">Une fois le v\u00e9lo d\u00e9mont\u00e9, d\u00e9cap\u00e9, j&rsquo;ai commenc\u00e9 par poser des d\u00e9calcomanies de cerisier en fleur (de simples d\u00e9cors muraux). Puis j&rsquo;ai pu compter sur l&rsquo;aide d&rsquo;Alain Fabre (le Pape du packaging chez Royal Canin) pour la r\u00e9alisation des stickers: \u00ab\u00a0Sud Velo au Japon\u00a0\u00bbet \u00ab\u00a0Jean Yves\u00a0\u00bb en fran\u00e7ais et surtout en japonais. En fait, un m\u00e9lange de Kanji, de Hiragana et de Katakana qu&rsquo;aucun imprimeur ne voulait ou ne pouvait r\u00e9aliser. Un petit coup de vernis pour prot\u00e9ger le tout des chocs et des intemp\u00e9ries, et Hop*, le tour \u00e9tait jou\u00e9.<\/p>\n<p class=\"p1\">Le plus difficile a \u00e9t\u00e9, sans nul doute, de me faire livrer les gaines de c\u00e2bles roses. Le fournisseur (Shuss <a href=\"http:\/\/Bike.com\/\"><span class=\"s1\">Bike.com<\/span><\/a>, \u00e0 \u00e9viter) a mis 1 mois pour me les envoyer et la Poste (in\u00e9vitable!) les a livr\u00e9es \u00e0 une mauvaise adresse, puis \u00e9gar\u00e9es; donc 1 mois de plus!<\/p>\n<p class=\"p1\">Je dois enfin, une fi\u00e8re chandelle aux deux tr\u00e8s patients Patrick Bonnet (Magasin sp\u00e9cialis\u00e9 en Cycles \u00e0 St Cl\u00e9ment) et Denis Magnin (DMag, sp\u00e9cialiste de la roue carbone artisanale), qui m&rsquo;ont aid\u00e9 et prodigu\u00e9 leurs pr\u00e9cieux conseils pour le remontage et les r\u00e9glages du v\u00e9lo.<\/p>\n<p class=\"p1\">Le r\u00e9sultat est tout \u00e0 fait conforme au projet initial.\u00a0Le R\u00eave devient R\u00e9alit\u00e9<\/p>\n<p class=\"p1\">Il n&rsquo;y aura pas de crash test pour v\u00e9rifier la solidit\u00e9; ce n&rsquo;est pas exig\u00e9 par les autorit\u00e9s japonaises, qui demandent, par contre, que le cycle soit immatricul\u00e9! On verra cela sur place.<\/p>\n<p class=\"p1\">Le v\u00e9lo a d\u00e9j\u00e0 pass\u00e9 avec brio le test de la Corse: 4 jours- 450 kms et pas loin de 6000 m de d\u00e9nivel\u00e9<\/p>\n<p class=\"p1\">Une petite sortie c\u00e9venole, en version finale, bien charg\u00e9s (en bagages, je pr\u00e9cise. Quoique!), avec mes amis Francis et Manu, servira \u00e0 v\u00e9rifier, je l&rsquo;esp\u00e8re, que l&rsquo;ensemble est valide pour le raid Japon.<\/p>\n<p class=\"p1\">Nous essayerons de faire un petit reportage pour tester le blog et r\u00f4der nos facult\u00e9s \u00ab\u00a0journalistiques\u00a0\u00bb<\/p>\n<p class=\"p3\">\u307e\u305f\u5408\u3044\u307e\u3057\u3087\u3046<\/p>\n<p class=\"p4\">Mata a\u00efmachou<\/p>\n<p class=\"p5\">A bient\u00f4t<\/p>\n","protected":false},"excerpt":{"rendered":"<p>Quand nous avons d\u00e9cid\u00e9 avec Francis, au lendemain de la Patagonie, de repartir pour le Japon en 2015, je m&rsquo;\u00e9tais dit que \u00e7a serait bien de pr\u00e9parer un nouveau v\u00e9lo sp\u00e9cifique: &#8211; plus l\u00e9ger qu&rsquo;en Patagonie, car on ne devrait pas rencontrer beaucoup de ripiot (chemin de terre) et parce que le Japon est tr\u00e8s [&hellip;]<\/p>\n","protected":false},"author":3,"featured_media":0,"comment_status":"open","ping_status":"open","sticky":false,"template":"","format":"standard","meta":{"jetpack_post_was_ever_published":false,"_jetpack_newsletter_access":"","_jetpack_dont_email_post_to_subs":false,"_jetpack_newsletter_tier_id":0,"_jetpack_memberships_contains_paywalled_content":false,"_jetpack_memberships_contains_paid_content":false,"footnotes":"","jetpack_publicize_message":"","jetpack_publicize_feature_enabled":true,"jetpack_social_post_already_shared":true,"jetpack_social_options":{"image_generator_settings":{"template":"highway","enabled":false},"version":2}},"categories":[5,13,23,8,7],"tags":[],"class_list":["post-252","post","type-post","status-publish","format-standard","hentry","category-japon","category-materiel","category-preparation","category-sudvelo","category-voyages"],"jetpack_publicize_connections":[],"jetpack_featured_media_url":"","jetpack_sharing_enabled":true,"jetpack_shortlink":"https:\/\/wp.me\/p6ioUK-44","jetpack_likes_enabled":true,"_links":{"self":[{"href":"http:\/\/itineraires.sudvelo.com\/miles\/wp-json\/wp\/v2\/posts\/252"}],"collection":[{"href":"http:\/\/itineraires.sudvelo.com\/miles\/wp-json\/wp\/v2\/posts"}],"about":[{"href":"http:\/\/itineraires.sudvelo.com\/miles\/wp-json\/wp\/v2\/types\/post"}],"author":[{"embeddable":true,"href":"http:\/\/itineraires.sudvelo.com\/miles\/wp-json\/wp\/v2\/users\/3"}],"replies":[{"embeddable":true,"href":"http:\/\/itineraires.sudvelo.com\/miles\/wp-json\/wp\/v2\/comments?post=252"}],"version-history":[{"count":2,"href":"http:\/\/itineraires.sudvelo.com\/miles\/wp-json\/wp\/v2\/posts\/252\/revisions"}],"predecessor-version":[{"id":255,"href":"http:\/\/itineraires.sudvelo.com\/miles\/wp-json\/wp\/v2\/posts\/252\/revisions\/255"}],"wp:attachment":[{"href":"http:\/\/itineraires.sudvelo.com\/miles\/wp-json\/wp\/v2\/media?parent=252"}],"wp:term":[{"taxonomy":"category","embeddable":true,"href":"http:\/\/itineraires.sudvelo.com\/miles\/wp-json\/wp\/v2\/categories?post=252"},{"taxonomy":"post_tag","embeddable":true,"href":"http:\/\/itineraires.sudvelo.com\/miles\/wp-json\/wp\/v2\/tags?post=252"}],"curies":[{"name":"wp","href":"https:\/\/api.w.org\/{rel}","templated":true}]}}