{"id":204,"date":"2015-06-12T13:07:59","date_gmt":"2015-06-12T12:07:59","guid":{"rendered":"http:\/\/itineraires.sudvelo.com\/miles\/?p=204"},"modified":"2015-10-05T11:11:13","modified_gmt":"2015-10-05T10:11:13","slug":"porto-vecchio-ajaccio","status":"publish","type":"post","link":"http:\/\/itineraires.sudvelo.com\/miles\/2015\/06\/12\/porto-vecchio-ajaccio\/","title":{"rendered":"Porto Vecchio &#8211; Ajaccio"},"content":{"rendered":"<p>La Sncm ayant lanc\u00e9 Lundi 8 Juin un pr\u00e9avis de gr\u00e8ve pour le Jeudi, date de notre retour pr\u00e9vu, nous avons donc du bouleverser nos plans pour \u00eatre \u00e0 Ajaccio d\u00e8s Mercredi soir, pour embarquer pour notre voyage de retour.<\/p>\n<p>Il fallait donc joindre Ajaccio directement, sans passer par Ziccavo, \u00e9tape initialement pr\u00e9vue, surnomm\u00e9e \u00ab\u00a0\u00e9tape du saucisson\u00a0\u00bb par certains (enfin&#8230; par moi&#8230;) en m\u00e9moire des photos post\u00e9es il y a deux ans par la troupe d&rsquo;alors qui avait pu s&rsquo;approvisionner en charcuterie Corse dans ce petit coin de paradis pour le cholest\u00e9rol.<\/p>\n<p>Bref on n&rsquo;ira donc pas \u00e0 Ziccavo. En \u00e9change, 150km pr\u00e9vus, via Lieve, Sart\u00e8ne, Propriano, Porticcio et arriv\u00e9e par la 2X2 voies d&rsquo;Ajaccio.<\/p>\n<p>S&rsquo;extraire du lit \u00e0 5h30 ne pause pas de probl\u00e8me car la nuit a \u00e9t\u00e9 courte, mais ce coup ci excellente. Par contre, lutter d&rsquo;entr\u00e9e de jeu s contre une pente \u00e0 16% pour s&rsquo;extirper de la crique de la plage de Santa Giulia est un peu plus probl\u00e9matique. A 6h30, ce premier km nous met dans l&rsquo;ambiance, la sueur au front, la p\u00e9dale craquant doucement sous le poids du corps encore \u00e0 moiti\u00e9 endormi.<\/p>\n<p>Bon mais on n&rsquo;a pas le choix, on y va. Il faut \u00eatre imp\u00e9rativement \u00e0 16h30 \u00e0 l&#8217;embarquement \u00e0 Ajaccio, pas vraiment le temps de se morfondre. P\u00e9dalons.<\/p>\n<p>Le col de Baccinu et ses 700m de D+ sur 12km nous attend comme \u00ab\u00a0entr\u00e9e chaude\u00a0\u00bb. Pas trop dur de trouver un rythme serein dans ses pentes assez douces, heureusement car la chaleur, elle, n&rsquo;a d\u00e9j\u00e0 plus rien de doux. Au col, on bascule dans la descente. Petit d\u00e9raillage pour moi, sandwich \u00e0 la main, un peu de chance de ne pas me retrouver par terre, mais \u00e7a va, on avance.<\/p>\n<p>A Noci Orone, alors que notre itin\u00e9raire file tout droit, comme d&rsquo;ailleurs Denis et le Camion l&rsquo;ont effectivement fait, le groupe \u00e0 l&rsquo;arret discute avec un autochtone, qui indique un raccourci pour Propriano. Situation cruelle : impossible d&rsquo;appeler Denis (seul le r\u00e9seau SFR fonctionne et il n&rsquo;est pas dessus, \u00e0 priori), Bernard ne semble pas entendre nos appels, que faire ? Prendre le raccourci et gagner 10km dont 300m de D+ au moins ou faire parcours initialement pr\u00e9vu et risquer d&rsquo;arriver plus tard et plus fatigu\u00e9s que par l&rsquo;option \u00ab\u00a0raccourci\u00a0\u00bb ? Apr\u00e8s quelques minutes d&rsquo;h\u00e9sitation, on voit revenir, \u00e0 notre grand soulagement, le camion, qui avait vu l&rsquo;appel d&rsquo;un N\u00b0 inconnu et s&rsquo;est dout\u00e9 qu&rsquo;il se passait quelque chose, esp\u00e9rant que ce ne serait pas grave. Rapide Breafing, Bernard file rejoindre Denis sur la parcours pr\u00e9vu initialement, pendant que le reste de la troupe file par le raccourci, donnant Rendez-vous \u00e0 Bernard peu avant Propriano.<\/p>\n<p>La route raccourci est magnifique, en sous bois, avec des vues sur la c\u00f4te Ouest de toute beaut\u00e9 et la travers\u00e9 de quelques jolis hameaux.<\/p>\n<p>Nous rejoignons Denis et Bernard comme pr\u00e9vu quelques km avant Propriano.<\/p>\n<p>Le groupe reform\u00e9 file sur Ajaccio par la route c\u00f4ti\u00e8re puis par quelques \u00ab\u00a0toboggans\u00a0\u00bb qui font \u00e0 nouveau bien mal aux cannes. La chaleur est toujours bien pr\u00e9sente et la consommation en eau est abondante.<\/p>\n<p>Dans Porticcio, une derni\u00e8re portion tr\u00e8s raide videra nos derni\u00e8res r\u00e9serves d&rsquo;\u00e9nergie. Puis l&rsquo;arriv\u00e9e sur Ajaccio, un v\u00e9ritable d\u00e9fi lanc\u00e9 aux cyclistes par la mairie, sans doute, se d\u00e9roule obligatoirement sur la bande d&rsquo;arr\u00eat d&rsquo;urgence d&rsquo;une 2X2 voies : une fa\u00e7on de dire que les v\u00e9los ne sont pas les bienvenus dans la ville ? En tout cas excessivement dangereux et stressant pour un groupe comme nous.<\/p>\n<p>Apr\u00e8s avoir retrouv\u00e9 le Camion, nous rangeons les v\u00e9los et les sacs et filons faire quelques emplettes et boire un petit coup.<\/p>\n<div class=\"tiled-gallery type-rectangular tiled-gallery-unresized\" data-original-width=\"610\" data-carousel-extra='{&quot;blog_id&quot;:1,&quot;permalink&quot;:&quot;http:\\\/\\\/itineraires.sudvelo.com\\\/miles\\\/2015\\\/06\\\/12\\\/porto-vecchio-ajaccio\\\/&quot;,&quot;likes_blog_id&quot;:93043694}' itemscope itemtype=\"http:\/\/schema.org\/ImageGallery\" > <div class=\"gallery-row\" style=\"width: 610px; height: 407px;\" data-original-width=\"610\" data-original-height=\"407\" > <div class=\"gallery-group images-1\" style=\"width: 305px; height: 407px;\" data-original-width=\"305\" data-original-height=\"407\" > <div class=\"tiled-gallery-item tiled-gallery-item-large\" itemprop=\"associatedMedia\" itemscope itemtype=\"http:\/\/schema.org\/ImageObject\"> <a href=\"http:\/\/itineraires.sudvelo.com\/miles\/2015\/06\/12\/porto-vecchio-ajaccio\/img_7044\/\" border=\"0\" itemprop=\"url\"> <meta itemprop=\"width\" content=\"301\"> <meta itemprop=\"height\" content=\"403\"> <img decoding=\"async\" class=\"\" data-attachment-id=\"206\" data-orig-file=\"http:\/\/itineraires.sudvelo.com\/miles\/wp-content\/uploads\/2015\/06\/IMG_7044-e1434110733423.jpg\" data-orig-size=\"1936,2592\" data-comments-opened=\"1\" data-image-meta=\"{&quot;aperture&quot;:&quot;2.8&quot;,&quot;credit&quot;:&quot;&quot;,&quot;camera&quot;:&quot;iPhone 4&quot;,&quot;caption&quot;:&quot;&quot;,&quot;created_timestamp&quot;:&quot;1433957950&quot;,&quot;copyright&quot;:&quot;&quot;,&quot;focal_length&quot;:&quot;3.85&quot;,&quot;iso&quot;:&quot;80&quot;,&quot;shutter_speed&quot;:&quot;0.004739336492891&quot;,&quot;title&quot;:&quot;&quot;,&quot;orientation&quot;:&quot;6&quot;}\" data-image-title=\"IMG_7044\" data-image-description=\"\" data-medium-file=\"https:\/\/i0.wp.com\/itineraires.sudvelo.com\/miles\/wp-content\/uploads\/2015\/06\/IMG_7044-e1434110733423.jpg?fit=224%2C300\" data-large-file=\"https:\/\/i0.wp.com\/itineraires.sudvelo.com\/miles\/wp-content\/uploads\/2015\/06\/IMG_7044-e1434110733423.jpg?fit=610%2C817\" src=\"https:\/\/i0.wp.com\/itineraires.sudvelo.com\/miles\/wp-content\/uploads\/2015\/06\/IMG_7044-e1434110733423.jpg?w=301&#038;h=403\" srcset=\"https:\/\/i0.wp.com\/itineraires.sudvelo.com\/miles\/wp-content\/uploads\/2015\/06\/IMG_7044-e1434110733423.jpg?w=1936 1936w, https:\/\/i0.wp.com\/itineraires.sudvelo.com\/miles\/wp-content\/uploads\/2015\/06\/IMG_7044-e1434110733423.jpg?resize=224%2C300 224w, https:\/\/i0.wp.com\/itineraires.sudvelo.com\/miles\/wp-content\/uploads\/2015\/06\/IMG_7044-e1434110733423.jpg?resize=765%2C1024 765w, https:\/\/i0.wp.com\/itineraires.sudvelo.com\/miles\/wp-content\/uploads\/2015\/06\/IMG_7044-e1434110733423.jpg?w=1220 1220w, https:\/\/i0.wp.com\/itineraires.sudvelo.com\/miles\/wp-content\/uploads\/2015\/06\/IMG_7044-e1434110733423.jpg?w=1830 1830w\" width=\"301\" height=\"403\" loading=\"lazy\" data-original-width=\"301\" data-original-height=\"403\" itemprop=\"http:\/\/schema.org\/image\" title=\"IMG_7044\" alt=\"IMG_7044\" style=\"width: 301px; height: 403px;\" \/> <\/a> <\/div> <\/div> <!-- close group --> <div class=\"gallery-group images-1\" style=\"width: 305px; height: 407px;\" data-original-width=\"305\" data-original-height=\"407\" > <div class=\"tiled-gallery-item tiled-gallery-item-large\" itemprop=\"associatedMedia\" itemscope itemtype=\"http:\/\/schema.org\/ImageObject\"> <a href=\"http:\/\/itineraires.sudvelo.com\/miles\/2015\/06\/12\/porto-vecchio-ajaccio\/img_7045\/\" border=\"0\" itemprop=\"url\"> <meta itemprop=\"width\" content=\"301\"> <meta itemprop=\"height\" content=\"403\"> <img decoding=\"async\" class=\"\" data-attachment-id=\"207\" data-orig-file=\"http:\/\/itineraires.sudvelo.com\/miles\/wp-content\/uploads\/2015\/06\/IMG_7045-e1434110755747.jpg\" data-orig-size=\"1936,2592\" data-comments-opened=\"1\" data-image-meta=\"{&quot;aperture&quot;:&quot;2.8&quot;,&quot;credit&quot;:&quot;&quot;,&quot;camera&quot;:&quot;iPhone 4&quot;,&quot;caption&quot;:&quot;&quot;,&quot;created_timestamp&quot;:&quot;1433958767&quot;,&quot;copyright&quot;:&quot;&quot;,&quot;focal_length&quot;:&quot;3.85&quot;,&quot;iso&quot;:&quot;80&quot;,&quot;shutter_speed&quot;:&quot;0.0023201856148492&quot;,&quot;title&quot;:&quot;&quot;,&quot;orientation&quot;:&quot;6&quot;}\" data-image-title=\"IMG_7045\" data-image-description=\"\" data-medium-file=\"https:\/\/i0.wp.com\/itineraires.sudvelo.com\/miles\/wp-content\/uploads\/2015\/06\/IMG_7045-e1434110755747.jpg?fit=224%2C300\" data-large-file=\"https:\/\/i0.wp.com\/itineraires.sudvelo.com\/miles\/wp-content\/uploads\/2015\/06\/IMG_7045-e1434110755747.jpg?fit=610%2C817\" src=\"https:\/\/i0.wp.com\/itineraires.sudvelo.com\/miles\/wp-content\/uploads\/2015\/06\/IMG_7045-e1434110755747.jpg?w=301&#038;h=403\" srcset=\"https:\/\/i0.wp.com\/itineraires.sudvelo.com\/miles\/wp-content\/uploads\/2015\/06\/IMG_7045-e1434110755747.jpg?w=1936 1936w, https:\/\/i0.wp.com\/itineraires.sudvelo.com\/miles\/wp-content\/uploads\/2015\/06\/IMG_7045-e1434110755747.jpg?resize=224%2C300 224w, https:\/\/i0.wp.com\/itineraires.sudvelo.com\/miles\/wp-content\/uploads\/2015\/06\/IMG_7045-e1434110755747.jpg?resize=765%2C1024 765w, https:\/\/i0.wp.com\/itineraires.sudvelo.com\/miles\/wp-content\/uploads\/2015\/06\/IMG_7045-e1434110755747.jpg?w=1220 1220w, https:\/\/i0.wp.com\/itineraires.sudvelo.com\/miles\/wp-content\/uploads\/2015\/06\/IMG_7045-e1434110755747.jpg?w=1830 1830w\" width=\"301\" height=\"403\" loading=\"lazy\" data-original-width=\"301\" data-original-height=\"403\" itemprop=\"http:\/\/schema.org\/image\" title=\"IMG_7045\" alt=\"IMG_7045\" style=\"width: 301px; height: 403px;\" \/> <\/a> <\/div> <\/div> <!-- close group --> <\/div> <!-- close row --> <div class=\"gallery-row\" style=\"width: 610px; height: 457px;\" data-original-width=\"610\" data-original-height=\"457\" > <div class=\"gallery-group images-1\" style=\"width: 610px; height: 457px;\" data-original-width=\"610\" data-original-height=\"457\" > <div class=\"tiled-gallery-item tiled-gallery-item-large\" itemprop=\"associatedMedia\" itemscope itemtype=\"http:\/\/schema.org\/ImageObject\"> <a href=\"http:\/\/itineraires.sudvelo.com\/miles\/2015\/06\/12\/porto-vecchio-ajaccio\/img_7046\/\" border=\"0\" itemprop=\"url\"> <meta itemprop=\"width\" content=\"606\"> <meta itemprop=\"height\" content=\"453\"> <img decoding=\"async\" class=\"\" data-attachment-id=\"208\" data-orig-file=\"http:\/\/itineraires.sudvelo.com\/miles\/wp-content\/uploads\/2015\/06\/IMG_7046.jpg\" data-orig-size=\"2592,1936\" data-comments-opened=\"1\" data-image-meta=\"{&quot;aperture&quot;:&quot;2.8&quot;,&quot;credit&quot;:&quot;&quot;,&quot;camera&quot;:&quot;iPhone 4&quot;,&quot;caption&quot;:&quot;&quot;,&quot;created_timestamp&quot;:&quot;1433959443&quot;,&quot;copyright&quot;:&quot;&quot;,&quot;focal_length&quot;:&quot;3.85&quot;,&quot;iso&quot;:&quot;80&quot;,&quot;shutter_speed&quot;:&quot;0.0036496350364964&quot;,&quot;title&quot;:&quot;&quot;,&quot;orientation&quot;:&quot;1&quot;}\" data-image-title=\"IMG_7046\" data-image-description=\"\" data-medium-file=\"https:\/\/i0.wp.com\/itineraires.sudvelo.com\/miles\/wp-content\/uploads\/2015\/06\/IMG_7046.jpg?fit=300%2C224\" data-large-file=\"https:\/\/i0.wp.com\/itineraires.sudvelo.com\/miles\/wp-content\/uploads\/2015\/06\/IMG_7046.jpg?fit=610%2C456\" src=\"https:\/\/i0.wp.com\/itineraires.sudvelo.com\/miles\/wp-content\/uploads\/2015\/06\/IMG_7046.jpg?w=606&#038;h=453\" srcset=\"https:\/\/i0.wp.com\/itineraires.sudvelo.com\/miles\/wp-content\/uploads\/2015\/06\/IMG_7046.jpg?w=2592 2592w, https:\/\/i0.wp.com\/itineraires.sudvelo.com\/miles\/wp-content\/uploads\/2015\/06\/IMG_7046.jpg?resize=300%2C224 300w, https:\/\/i0.wp.com\/itineraires.sudvelo.com\/miles\/wp-content\/uploads\/2015\/06\/IMG_7046.jpg?resize=1024%2C765 1024w, https:\/\/i0.wp.com\/itineraires.sudvelo.com\/miles\/wp-content\/uploads\/2015\/06\/IMG_7046.jpg?w=1220 1220w, https:\/\/i0.wp.com\/itineraires.sudvelo.com\/miles\/wp-content\/uploads\/2015\/06\/IMG_7046.jpg?w=1830 1830w\" width=\"606\" height=\"453\" loading=\"lazy\" data-original-width=\"606\" data-original-height=\"453\" itemprop=\"http:\/\/schema.org\/image\" title=\"IMG_7046\" alt=\"IMG_7046\" style=\"width: 606px; height: 453px;\" \/> <\/a> <\/div> <\/div> <!-- close group --> <\/div> <!-- close row --> <\/div>\n<p><a href=\"http:\/\/itineraires.sudvelo.com\/miles\/wp-content\/uploads\/2015\/06\/IMG_7044-e1434110733423.jpg\"><br \/>\n<\/a>La soir\u00e9e sur le bateau de la compagnie \u00ab\u00a0M\u00e9ridionale\u00a0\u00bb est parfait : ap\u00e9ritif sur le pont, puis repas au restaurant du bateau, soleil couchant \u00e0 travers les hublots, de bons plats de bons vins&#8230; que demander de plus ?<\/p>\n<p><div class=\"tiled-gallery type-rectangular tiled-gallery-unresized\" data-original-width=\"610\" data-carousel-extra='{&quot;blog_id&quot;:1,&quot;permalink&quot;:&quot;http:\\\/\\\/itineraires.sudvelo.com\\\/miles\\\/2015\\\/06\\\/12\\\/porto-vecchio-ajaccio\\\/&quot;,&quot;likes_blog_id&quot;:93043694}' itemscope itemtype=\"http:\/\/schema.org\/ImageGallery\" > <div class=\"gallery-row\" style=\"width: 610px; height: 229px;\" data-original-width=\"610\" data-original-height=\"229\" > <div class=\"gallery-group images-1\" style=\"width: 305px; height: 229px;\" data-original-width=\"305\" data-original-height=\"229\" > <div class=\"tiled-gallery-item tiled-gallery-item-large\" itemprop=\"associatedMedia\" itemscope itemtype=\"http:\/\/schema.org\/ImageObject\"> <a href=\"http:\/\/itineraires.sudvelo.com\/miles\/2015\/06\/12\/porto-vecchio-ajaccio\/img_7052\/\" border=\"0\" itemprop=\"url\"> <meta itemprop=\"width\" content=\"301\"> <meta itemprop=\"height\" content=\"225\"> <img decoding=\"async\" class=\"\" data-attachment-id=\"210\" data-orig-file=\"http:\/\/itineraires.sudvelo.com\/miles\/wp-content\/uploads\/2015\/06\/IMG_7052.jpg\" data-orig-size=\"2592,1936\" data-comments-opened=\"1\" data-image-meta=\"{&quot;aperture&quot;:&quot;2.8&quot;,&quot;credit&quot;:&quot;&quot;,&quot;camera&quot;:&quot;iPhone 4&quot;,&quot;caption&quot;:&quot;&quot;,&quot;created_timestamp&quot;:&quot;1433964804&quot;,&quot;copyright&quot;:&quot;&quot;,&quot;focal_length&quot;:&quot;3.85&quot;,&quot;iso&quot;:&quot;80&quot;,&quot;shutter_speed&quot;:&quot;0.0010604453870626&quot;,&quot;title&quot;:&quot;&quot;,&quot;orientation&quot;:&quot;1&quot;}\" data-image-title=\"IMG_7052\" data-image-description=\"\" data-medium-file=\"https:\/\/i0.wp.com\/itineraires.sudvelo.com\/miles\/wp-content\/uploads\/2015\/06\/IMG_7052.jpg?fit=300%2C224\" data-large-file=\"https:\/\/i0.wp.com\/itineraires.sudvelo.com\/miles\/wp-content\/uploads\/2015\/06\/IMG_7052.jpg?fit=610%2C456\" src=\"https:\/\/i0.wp.com\/itineraires.sudvelo.com\/miles\/wp-content\/uploads\/2015\/06\/IMG_7052.jpg?w=301&#038;h=225\" srcset=\"https:\/\/i0.wp.com\/itineraires.sudvelo.com\/miles\/wp-content\/uploads\/2015\/06\/IMG_7052.jpg?w=2592 2592w, https:\/\/i0.wp.com\/itineraires.sudvelo.com\/miles\/wp-content\/uploads\/2015\/06\/IMG_7052.jpg?resize=300%2C224 300w, https:\/\/i0.wp.com\/itineraires.sudvelo.com\/miles\/wp-content\/uploads\/2015\/06\/IMG_7052.jpg?resize=1024%2C765 1024w, https:\/\/i0.wp.com\/itineraires.sudvelo.com\/miles\/wp-content\/uploads\/2015\/06\/IMG_7052.jpg?w=1220 1220w, https:\/\/i0.wp.com\/itineraires.sudvelo.com\/miles\/wp-content\/uploads\/2015\/06\/IMG_7052.jpg?w=1830 1830w\" width=\"301\" height=\"225\" loading=\"lazy\" data-original-width=\"301\" data-original-height=\"225\" itemprop=\"http:\/\/schema.org\/image\" title=\"IMG_7052\" alt=\"IMG_7052\" style=\"width: 301px; height: 225px;\" \/> <\/a> <\/div> <\/div> <!-- close group --> <div class=\"gallery-group images-1\" style=\"width: 305px; height: 229px;\" data-original-width=\"305\" data-original-height=\"229\" > <div class=\"tiled-gallery-item tiled-gallery-item-large\" itemprop=\"associatedMedia\" itemscope itemtype=\"http:\/\/schema.org\/ImageObject\"> <a href=\"http:\/\/itineraires.sudvelo.com\/miles\/2015\/06\/12\/porto-vecchio-ajaccio\/img_7049\/\" border=\"0\" itemprop=\"url\"> <meta itemprop=\"width\" content=\"301\"> <meta itemprop=\"height\" content=\"225\"> <img decoding=\"async\" class=\"\" data-attachment-id=\"209\" data-orig-file=\"http:\/\/itineraires.sudvelo.com\/miles\/wp-content\/uploads\/2015\/06\/IMG_7049.jpg\" data-orig-size=\"2592,1936\" data-comments-opened=\"1\" data-image-meta=\"{&quot;aperture&quot;:&quot;2.8&quot;,&quot;credit&quot;:&quot;&quot;,&quot;camera&quot;:&quot;iPhone 4&quot;,&quot;caption&quot;:&quot;&quot;,&quot;created_timestamp&quot;:&quot;1433962923&quot;,&quot;copyright&quot;:&quot;&quot;,&quot;focal_length&quot;:&quot;3.85&quot;,&quot;iso&quot;:&quot;80&quot;,&quot;shutter_speed&quot;:&quot;0.0015923566878981&quot;,&quot;title&quot;:&quot;&quot;,&quot;orientation&quot;:&quot;1&quot;}\" data-image-title=\"IMG_7049\" data-image-description=\"\" data-medium-file=\"https:\/\/i0.wp.com\/itineraires.sudvelo.com\/miles\/wp-content\/uploads\/2015\/06\/IMG_7049.jpg?fit=300%2C224\" data-large-file=\"https:\/\/i0.wp.com\/itineraires.sudvelo.com\/miles\/wp-content\/uploads\/2015\/06\/IMG_7049.jpg?fit=610%2C456\" src=\"https:\/\/i0.wp.com\/itineraires.sudvelo.com\/miles\/wp-content\/uploads\/2015\/06\/IMG_7049.jpg?w=301&#038;h=225\" srcset=\"https:\/\/i0.wp.com\/itineraires.sudvelo.com\/miles\/wp-content\/uploads\/2015\/06\/IMG_7049.jpg?w=2592 2592w, https:\/\/i0.wp.com\/itineraires.sudvelo.com\/miles\/wp-content\/uploads\/2015\/06\/IMG_7049.jpg?resize=300%2C224 300w, https:\/\/i0.wp.com\/itineraires.sudvelo.com\/miles\/wp-content\/uploads\/2015\/06\/IMG_7049.jpg?resize=1024%2C765 1024w, https:\/\/i0.wp.com\/itineraires.sudvelo.com\/miles\/wp-content\/uploads\/2015\/06\/IMG_7049.jpg?w=1220 1220w, https:\/\/i0.wp.com\/itineraires.sudvelo.com\/miles\/wp-content\/uploads\/2015\/06\/IMG_7049.jpg?w=1830 1830w\" width=\"301\" height=\"225\" loading=\"lazy\" data-original-width=\"301\" data-original-height=\"225\" itemprop=\"http:\/\/schema.org\/image\" title=\"IMG_7049\" alt=\"IMG_7049\" style=\"width: 301px; height: 225px;\" \/> <\/a> <\/div> <\/div> <!-- close group --> <\/div> <!-- close row --> <\/div><br \/>\nS&rsquo;ensuit une nuit parfaite jusqu&rsquo;au r\u00e9veil \u00e0 6h.<\/p>\n<p>&nbsp;<\/p>\n<p><iframe loading=\"lazy\" src=\"https:\/\/www.strava.com\/activities\/322449307\/embed\/a974af37e51eed8e911fdbcce9549e09965113a7\" width=\"590\" height=\"405\" frameborder=\"0\" scrolling=\"no\"><\/iframe><\/p>\n<p>&nbsp;<\/p>\n<p>&nbsp;<\/p>\n","protected":false},"excerpt":{"rendered":"<p>La Sncm ayant lanc\u00e9 Lundi 8 Juin un pr\u00e9avis de gr\u00e8ve pour le Jeudi, date de notre retour pr\u00e9vu, nous avons donc du bouleverser nos plans pour \u00eatre \u00e0 Ajaccio d\u00e8s Mercredi soir, pour embarquer pour notre voyage de retour. Il fallait donc joindre Ajaccio directement, sans passer par Ziccavo, \u00e9tape initialement pr\u00e9vue, surnomm\u00e9e \u00ab\u00a0\u00e9tape [&hellip;]<\/p>\n","protected":false},"author":2,"featured_media":209,"comment_status":"open","ping_status":"open","sticky":false,"template":"","format":"standard","meta":{"jetpack_post_was_ever_published":false,"_jetpack_newsletter_access":"","_jetpack_dont_email_post_to_subs":false,"_jetpack_newsletter_tier_id":0,"_jetpack_memberships_contains_paywalled_content":false,"_jetpack_memberships_contains_paid_content":false,"footnotes":"","jetpack_publicize_message":"","jetpack_publicize_feature_enabled":true,"jetpack_social_post_already_shared":true,"jetpack_social_options":{"image_generator_settings":{"template":"highway","enabled":false},"version":2}},"categories":[6,8,7],"tags":[],"class_list":["post-204","post","type-post","status-publish","format-standard","has-post-thumbnail","hentry","category-corse","category-sudvelo","category-voyages"],"jetpack_publicize_connections":[],"jetpack_featured_media_url":"https:\/\/i0.wp.com\/itineraires.sudvelo.com\/miles\/wp-content\/uploads\/2015\/06\/IMG_7049.jpg?fit=2592%2C1936","jetpack_sharing_enabled":true,"jetpack_shortlink":"https:\/\/wp.me\/p6ioUK-3i","jetpack_likes_enabled":true,"_links":{"self":[{"href":"http:\/\/itineraires.sudvelo.com\/miles\/wp-json\/wp\/v2\/posts\/204"}],"collection":[{"href":"http:\/\/itineraires.sudvelo.com\/miles\/wp-json\/wp\/v2\/posts"}],"about":[{"href":"http:\/\/itineraires.sudvelo.com\/miles\/wp-json\/wp\/v2\/types\/post"}],"author":[{"embeddable":true,"href":"http:\/\/itineraires.sudvelo.com\/miles\/wp-json\/wp\/v2\/users\/2"}],"replies":[{"embeddable":true,"href":"http:\/\/itineraires.sudvelo.com\/miles\/wp-json\/wp\/v2\/comments?post=204"}],"version-history":[{"count":4,"href":"http:\/\/itineraires.sudvelo.com\/miles\/wp-json\/wp\/v2\/posts\/204\/revisions"}],"predecessor-version":[{"id":213,"href":"http:\/\/itineraires.sudvelo.com\/miles\/wp-json\/wp\/v2\/posts\/204\/revisions\/213"}],"wp:featuredmedia":[{"embeddable":true,"href":"http:\/\/itineraires.sudvelo.com\/miles\/wp-json\/wp\/v2\/media\/209"}],"wp:attachment":[{"href":"http:\/\/itineraires.sudvelo.com\/miles\/wp-json\/wp\/v2\/media?parent=204"}],"wp:term":[{"taxonomy":"category","embeddable":true,"href":"http:\/\/itineraires.sudvelo.com\/miles\/wp-json\/wp\/v2\/categories?post=204"},{"taxonomy":"post_tag","embeddable":true,"href":"http:\/\/itineraires.sudvelo.com\/miles\/wp-json\/wp\/v2\/tags?post=204"}],"curies":[{"name":"wp","href":"https:\/\/api.w.org\/{rel}","templated":true}]}}