{"id":1923,"date":"2016-10-14T16:28:37","date_gmt":"2016-10-14T15:28:37","guid":{"rendered":"http:\/\/itineraires.sudvelo.com\/miles\/?p=1923"},"modified":"2016-10-14T20:14:16","modified_gmt":"2016-10-14T19:14:16","slug":"sur-les-traces-du-rainbow-warrio-chuuutttt-noonn","status":"publish","type":"post","link":"http:\/\/itineraires.sudvelo.com\/miles\/2016\/10\/14\/sur-les-traces-du-rainbow-warrio-chuuutttt-noonn\/","title":{"rendered":"Sur les traces du Rainbow Warrio&#8230;. chuuutttt&#8230; noonn"},"content":{"rendered":"<p style=\"text-align: justify;\">A leur retour de Tokyo l&rsquo;an dernier, l&rsquo;Commodore et l&rsquo;Professor avaient unanimement d\u00e9cid\u00e9 de retourner vers l&rsquo;Est en 2016. \u00c7a faisait partie des morceaux de r\u00eaves qu&rsquo;on finit pas&#8230; parce que les nuits sont trop courtes quand t&rsquo;es press\u00e9 de parcourir la plan\u00e8te \u00e0 bicyclette&#8230; ou que simplement tu te permets pas d&rsquo;y croire&#8230;<\/p>\n<p style=\"text-align: justify;\">Bref l&rsquo;un d&rsquo;eux avait l\u00e2ch\u00e9 :<\/p>\n<ul style=\"text-align: justify;\">\n<li><em>tut&rsquo;rappelles c&rsquo;t&rsquo;histoire de greenpeace l\u00e0 bas chez les Kiwis, on \u00e9tait all\u00e9 leur foutre la p\u00e2t\u00e9e \u00e0 ces c&#8230; d&rsquo;\u00e9colos&#8230;<\/em><\/li>\n<li><em>ah ouai tu parles que j&rsquo;me rappelle, le Rainbow Warrior, la belle \u00e9poque&#8230; On s&#8217;emmerdait pas avec des convictions d&rsquo;bobos \u00e0 c&rsquo;t&rsquo;\u00e9poque, t&rsquo;avais ta 205 GTI et voila comme on grillait du p\u00e9trole&#8230;<\/em><\/li>\n<\/ul>\n<p><img data-recalc-dims=\"1\" loading=\"lazy\" decoding=\"async\" class=\"alignnone\" src=\"https:\/\/pointedactu.files.wordpress.com\/2012\/05\/rainbow-warrior.jpg?w=640&#038;h=392&#038;crop=1&#038;resize=610%2C374\" alt=\"\" width=\"610\" height=\"374\" \/><\/p>\n<p style=\"text-align: justify;\">Sirotant mon verre de Sak\u00e9, je les \u00e9coutais un peu interloqu\u00e9 sachant \u00e0 quel point leur engagement pour la protection de l&rsquo;environnement \u00e9tait aujourd&rsquo;hui fort, et tout cristallis\u00e9 dans leur amour de \u00ab\u00a0Ne Jetez Plus !\u00a0\u00bb, notre cause \u00e0 nous, celle qui nous rassemble depuis 14 Ans !!<\/p>\n<p style=\"text-align: justify;\">Faut quand m\u00eame dire qu&rsquo;ils avaient un peu forc\u00e9 sur l&rsquo;Azahi et la Sapporo, les gla\u00e7ons dans\u00a0le Whisky Nikka et quelques Pic Saint Loup d&rsquo;avant la gr\u00eale.<\/p>\n<ul style=\"text-align: justify;\">\n<li><em>et si on\u00a0y allait voir un peu comment ils sont, ces Kiwis, ces All-Blacks, ces Maoris&#8230; tiens juste de prononcer ces mots, j&rsquo;ai des frissons&#8230; et leur pinard, hein ? leur pinard ?? il est quand m\u00eame pas meilleur que le notre ???<\/em><\/li>\n<li><em>Ouiiii \u00e7a oui leur pinard !!!<\/em><\/li>\n<\/ul>\n<p style=\"text-align: justify;\">Et l\u00e0, en 2 temps 3 mouvements, le planning de la fin d&rsquo;ann\u00e9e \u00e9tait scell\u00e9 : ils partiraient tourner les jambes et vider les tonneaux aux antipodes.<\/p>\n<p style=\"text-align: justify;\">Et puis voil\u00e0 pas qu&rsquo;aux premi\u00e8res sorties de l&rsquo;apr\u00e8s Japon ils s&rsquo;\u00e9taient vu propos\u00e9 d&#8217;embarquer une sportive pr\u00e9nomm\u00e9e V\u00e9ro qui laissait jamais sa part au chien quand il s&rsquo;agissait d&rsquo;en baver sur un v\u00e9lo&#8230; un test alpin grandeur nature plus tard (qu&rsquo;elle avait franchi sans coup f\u00e9rir dans les fournaises de Belledonne et de chartreuse) la voila intronis\u00e9e dans le groupe des itin\u00e9reurs avec un pseudo de circonstance : la Warrior.<\/p>\n<p style=\"text-align: justify;\">Ok&#8230; vous vous dites\u00a0qu&rsquo;avec Commodore, Professor, Blog Doctor et Rainbow Warrior, on fait tout pour faire croire que c&rsquo;est une\u00a0\u00e9quipe en or&#8230; or, c&rsquo;est pas faux. Mais avouez qu&rsquo;on prend un sacr\u00e9 risque&#8230; \u00e0 Auckland faudra pas trop tra\u00eener sur le por, encor.<\/p>\n<p style=\"text-align: justify;\">Bref, tr\u00eave de balivernes&#8230; nous voil\u00e0 embarqu\u00e9s \u00e0 4 sur ce p\u00e9riple. Comme dans les \u00e9ditions pr\u00e9c\u00e9dentes (Chili et Japon), l&rsquo;objectif est de traverser le pays \u00e0 v\u00e9lo.<\/p>\n<p style=\"text-align: justify;\">D\u00e9part du groupe \u00ab\u00a0\u00e9clairor\u00a0\u00bb (Rainbow Warrior donc, Professor et Commodore) le 25 Octobre de Paris : il traverseront l\u2019\u00eele du Nor, d&rsquo;abor, depuis Auckland, direction plein sud, mais un peu en zig-zag<\/p>\n<p style=\"text-align: justify;\"><img data-recalc-dims=\"1\" loading=\"lazy\" decoding=\"async\" data-attachment-id=\"1942\" data-permalink=\"http:\/\/itineraires.sudvelo.com\/miles\/2016\/10\/14\/sur-les-traces-du-rainbow-warrio-chuuutttt-noonn\/zigzag\/\" data-orig-file=\"https:\/\/i0.wp.com\/itineraires.sudvelo.com\/miles\/wp-content\/uploads\/2016\/10\/zigzag.gif?fit=327%2C467\" data-orig-size=\"327,467\" data-comments-opened=\"1\" data-image-meta=\"{&quot;aperture&quot;:&quot;0&quot;,&quot;credit&quot;:&quot;&quot;,&quot;camera&quot;:&quot;&quot;,&quot;caption&quot;:&quot;&quot;,&quot;created_timestamp&quot;:&quot;0&quot;,&quot;copyright&quot;:&quot;&quot;,&quot;focal_length&quot;:&quot;0&quot;,&quot;iso&quot;:&quot;0&quot;,&quot;shutter_speed&quot;:&quot;0&quot;,&quot;title&quot;:&quot;&quot;,&quot;orientation&quot;:&quot;0&quot;}\" data-image-title=\"zigzag\" data-image-description=\"\" data-image-caption=\"\" data-medium-file=\"https:\/\/i0.wp.com\/itineraires.sudvelo.com\/miles\/wp-content\/uploads\/2016\/10\/zigzag.gif?fit=210%2C300\" data-large-file=\"https:\/\/i0.wp.com\/itineraires.sudvelo.com\/miles\/wp-content\/uploads\/2016\/10\/zigzag.gif?fit=327%2C467\" tabindex=\"0\" role=\"button\" class=\"aligncenter wp-image-1942 size-medium\" src=\"https:\/\/i0.wp.com\/itineraires.sudvelo.com\/miles\/wp-content\/uploads\/2016\/10\/zigzag.gif?resize=210%2C300\" alt=\"zigzag\" width=\"210\" height=\"300\" \/><\/p>\n<p style=\"text-align: justify;\">puis l\u2019\u00cele du Sud pour pas arriver trop t\u00f4t \u00e0 Queentown, lieu de rendez-vous avec Doctor, qui arrivera sur zone le 21 Novembre. Si tout se passe comme pr\u00e9vu ils auront une petite semaine de p\u00e9riple \u00e0 4 dans le Fjordland de l&rsquo;Ile du Sud, avant que R&rsquo;Warrior\u00a0et le Professor\u00a0ne repartent pour Paris, laissant Commodore\u00a0et Doctor\u00a0trimbaler leurs sacoches dans ce qui restera \u00e0 visiter en sites merveilleux (et \u00e0 priori, y&rsquo;a c&rsquo;qui faut).<\/p>\n<p style=\"text-align: justify;\">S&rsquo;ils ne se font pas gauler par les services secrets NZ, Commodore et Doctor devraient passer la ligne \u00e0 Roissy aux alentours du samedi 17\/12, en charter pour l&rsquo;un, en classe affaire pour l&rsquo;autre, bon mais \u00e7a c&rsquo;est une autre histoire.<\/p>\n<p style=\"text-align: justify;\">Alors comme de coutume depuis l&rsquo;an dernier, et apr\u00e8s les p\u00e9riples Asiatiques, Islandais, Am\u00e9ricains, Espagnols et Alpins, on tentera de partager un peu de nos journ\u00e9es dans ce coin l\u00e0&#8230; il se dit que la connexion internet est beaucoup moins performante l\u00e0 bas qu&rsquo;elle ne peut l&rsquo;\u00eatre au Japon ou aux USA, peut-\u00eatre m\u00eame qu&rsquo;en Islande&#8230; On verra bien.<\/p>\n<p>J-10 pour la premi\u00e8re vague.<\/p>\n<p>@+ pour des nouvelles.<\/p>\n<p><img data-recalc-dims=\"1\" loading=\"lazy\" decoding=\"async\" data-attachment-id=\"1934\" data-permalink=\"http:\/\/itineraires.sudvelo.com\/miles\/2016\/10\/14\/sur-les-traces-du-rainbow-warrio-chuuutttt-noonn\/20161008_144012\/\" data-orig-file=\"https:\/\/i0.wp.com\/itineraires.sudvelo.com\/miles\/wp-content\/uploads\/2016\/10\/20161008_144012.jpg?fit=1435%2C902\" data-orig-size=\"1435,902\" data-comments-opened=\"1\" data-image-meta=\"{&quot;aperture&quot;:&quot;0&quot;,&quot;credit&quot;:&quot;&quot;,&quot;camera&quot;:&quot;&quot;,&quot;caption&quot;:&quot;&quot;,&quot;created_timestamp&quot;:&quot;0&quot;,&quot;copyright&quot;:&quot;&quot;,&quot;focal_length&quot;:&quot;0&quot;,&quot;iso&quot;:&quot;0&quot;,&quot;shutter_speed&quot;:&quot;0&quot;,&quot;title&quot;:&quot;&quot;,&quot;orientation&quot;:&quot;0&quot;}\" data-image-title=\"20161008_144012\" data-image-description=\"\" data-image-caption=\"\" data-medium-file=\"https:\/\/i0.wp.com\/itineraires.sudvelo.com\/miles\/wp-content\/uploads\/2016\/10\/20161008_144012.jpg?fit=300%2C189\" data-large-file=\"https:\/\/i0.wp.com\/itineraires.sudvelo.com\/miles\/wp-content\/uploads\/2016\/10\/20161008_144012.jpg?fit=610%2C384\" tabindex=\"0\" role=\"button\" class=\"wp-image-1934 size-medium aligncenter\" src=\"https:\/\/i0.wp.com\/itineraires.sudvelo.com\/miles\/wp-content\/uploads\/2016\/10\/20161008_144012.jpg?resize=300%2C189\" alt=\"20161008_144012\" width=\"300\" height=\"189\" srcset=\"https:\/\/i0.wp.com\/itineraires.sudvelo.com\/miles\/wp-content\/uploads\/2016\/10\/20161008_144012.jpg?resize=300%2C189 300w, https:\/\/i0.wp.com\/itineraires.sudvelo.com\/miles\/wp-content\/uploads\/2016\/10\/20161008_144012.jpg?resize=768%2C483 768w, https:\/\/i0.wp.com\/itineraires.sudvelo.com\/miles\/wp-content\/uploads\/2016\/10\/20161008_144012.jpg?resize=1024%2C644 1024w, https:\/\/i0.wp.com\/itineraires.sudvelo.com\/miles\/wp-content\/uploads\/2016\/10\/20161008_144012.jpg?resize=1250%2C786 1250w, https:\/\/i0.wp.com\/itineraires.sudvelo.com\/miles\/wp-content\/uploads\/2016\/10\/20161008_144012.jpg?resize=400%2C251 400w, https:\/\/i0.wp.com\/itineraires.sudvelo.com\/miles\/wp-content\/uploads\/2016\/10\/20161008_144012.jpg?w=1435 1435w\" sizes=\"(max-width: 300px) 100vw, 300px\" \/><\/p>\n","protected":false},"excerpt":{"rendered":"<p>A leur retour de Tokyo l&rsquo;an dernier, l&rsquo;Commodore et l&rsquo;Professor avaient unanimement d\u00e9cid\u00e9 de retourner vers l&rsquo;Est en 2016. \u00c7a faisait partie des morceaux de r\u00eaves qu&rsquo;on finit pas&#8230; parce que les nuits sont trop courtes quand t&rsquo;es press\u00e9 de parcourir la plan\u00e8te \u00e0 bicyclette&#8230; ou que simplement tu te permets pas d&rsquo;y croire&#8230; Bref [&hellip;]<\/p>\n","protected":false},"author":2,"featured_media":0,"comment_status":"open","ping_status":"open","sticky":false,"template":"","format":"standard","meta":{"jetpack_post_was_ever_published":false,"_jetpack_newsletter_access":"","_jetpack_dont_email_post_to_subs":false,"_jetpack_newsletter_tier_id":0,"_jetpack_memberships_contains_paywalled_content":false,"_jetpack_memberships_contains_paid_content":false,"footnotes":"","jetpack_publicize_message":"","jetpack_publicize_feature_enabled":true,"jetpack_social_post_already_shared":true,"jetpack_social_options":{"image_generator_settings":{"template":"highway","enabled":false},"version":2}},"categories":[1,44,43,7],"tags":[],"class_list":["post-1923","post","type-post","status-publish","format-standard","hentry","category-non-classe","category-nouvelle-zelande","category-oceanie","category-voyages"],"jetpack_publicize_connections":[],"jetpack_featured_media_url":"","jetpack_sharing_enabled":true,"jetpack_shortlink":"https:\/\/wp.me\/p6ioUK-v1","jetpack_likes_enabled":true,"_links":{"self":[{"href":"http:\/\/itineraires.sudvelo.com\/miles\/wp-json\/wp\/v2\/posts\/1923"}],"collection":[{"href":"http:\/\/itineraires.sudvelo.com\/miles\/wp-json\/wp\/v2\/posts"}],"about":[{"href":"http:\/\/itineraires.sudvelo.com\/miles\/wp-json\/wp\/v2\/types\/post"}],"author":[{"embeddable":true,"href":"http:\/\/itineraires.sudvelo.com\/miles\/wp-json\/wp\/v2\/users\/2"}],"replies":[{"embeddable":true,"href":"http:\/\/itineraires.sudvelo.com\/miles\/wp-json\/wp\/v2\/comments?post=1923"}],"version-history":[{"count":17,"href":"http:\/\/itineraires.sudvelo.com\/miles\/wp-json\/wp\/v2\/posts\/1923\/revisions"}],"predecessor-version":[{"id":1946,"href":"http:\/\/itineraires.sudvelo.com\/miles\/wp-json\/wp\/v2\/posts\/1923\/revisions\/1946"}],"wp:attachment":[{"href":"http:\/\/itineraires.sudvelo.com\/miles\/wp-json\/wp\/v2\/media?parent=1923"}],"wp:term":[{"taxonomy":"category","embeddable":true,"href":"http:\/\/itineraires.sudvelo.com\/miles\/wp-json\/wp\/v2\/categories?post=1923"},{"taxonomy":"post_tag","embeddable":true,"href":"http:\/\/itineraires.sudvelo.com\/miles\/wp-json\/wp\/v2\/tags?post=1923"}],"curies":[{"name":"wp","href":"https:\/\/api.w.org\/{rel}","templated":true}]}}