{"id":1894,"date":"2016-09-18T21:57:41","date_gmt":"2016-09-18T20:57:41","guid":{"rendered":"http:\/\/itineraires.sudvelo.com\/miles\/?p=1894"},"modified":"2016-09-18T21:57:41","modified_gmt":"2016-09-18T20:57:41","slug":"le-grand-colombier","status":"publish","type":"post","link":"http:\/\/itineraires.sudvelo.com\/miles\/2016\/09\/18\/le-grand-colombier\/","title":{"rendered":"Le Grand Colombier"},"content":{"rendered":"<p>Ca n&rsquo;est pas tous les jours que nous partons faire un tour de v\u00e9lo \u00e0 plus de trois heures de route de Montpellier, et qui plus est sur une montagne aussi renomm\u00e9e que\u00a0le Grand Colombier. Alors, m\u00eame si \u00e7a n&rsquo;est pas le tour du monde, pourquoi ne pas vous relater ce petit p\u00e9riple ?<\/p>\n<p>Nous partons de Montpellier le vendredi soir, Camille, Stef, \u00a0Maxime et Benoit. Direction, le Haut Bugey, dans l&rsquo;Ain. Nous prenons Masha au passage \u00e0 la gare TGV de Valence &#8211; Masha rentre de conf\u00e9rence. Le projet pour Masha, Stef et Benoit consiste \u00e0 monter deux fois le Grand Colombier, dans la m\u00eame sortie, soit environ 80 km pour un d\u00e9nivel\u00e9 positif de 2600 m\u00e8tres.<\/p>\n<p><img data-recalc-dims=\"1\" loading=\"lazy\" decoding=\"async\" data-attachment-id=\"1905\" data-permalink=\"http:\/\/itineraires.sudvelo.com\/miles\/2016\/09\/18\/le-grand-colombier\/img_5060\/\" data-orig-file=\"https:\/\/i0.wp.com\/itineraires.sudvelo.com\/miles\/wp-content\/uploads\/2016\/09\/IMG_5060.jpg?fit=1530%2C1085\" data-orig-size=\"1530,1085\" data-comments-opened=\"1\" data-image-meta=\"{&quot;aperture&quot;:&quot;2.8&quot;,&quot;credit&quot;:&quot;&quot;,&quot;camera&quot;:&quot;iPhone 4&quot;,&quot;caption&quot;:&quot;&quot;,&quot;created_timestamp&quot;:&quot;1474145654&quot;,&quot;copyright&quot;:&quot;&quot;,&quot;focal_length&quot;:&quot;3.85&quot;,&quot;iso&quot;:&quot;250&quot;,&quot;shutter_speed&quot;:&quot;0.058823529411765&quot;,&quot;title&quot;:&quot;&quot;,&quot;orientation&quot;:&quot;1&quot;}\" data-image-title=\"img_5060\" data-image-description=\"\" data-image-caption=\"\" data-medium-file=\"https:\/\/i0.wp.com\/itineraires.sudvelo.com\/miles\/wp-content\/uploads\/2016\/09\/IMG_5060.jpg?fit=300%2C213\" data-large-file=\"https:\/\/i0.wp.com\/itineraires.sudvelo.com\/miles\/wp-content\/uploads\/2016\/09\/IMG_5060.jpg?fit=610%2C432\" tabindex=\"0\" role=\"button\" class=\"aligncenter wp-image-1905 size-large\" src=\"https:\/\/i0.wp.com\/itineraires.sudvelo.com\/miles\/wp-content\/uploads\/2016\/09\/IMG_5060.jpg?resize=610%2C432\" alt=\"img_5060\" width=\"610\" height=\"432\" srcset=\"https:\/\/i0.wp.com\/itineraires.sudvelo.com\/miles\/wp-content\/uploads\/2016\/09\/IMG_5060.jpg?resize=1024%2C726 1024w, https:\/\/i0.wp.com\/itineraires.sudvelo.com\/miles\/wp-content\/uploads\/2016\/09\/IMG_5060.jpg?resize=300%2C213 300w, https:\/\/i0.wp.com\/itineraires.sudvelo.com\/miles\/wp-content\/uploads\/2016\/09\/IMG_5060.jpg?resize=768%2C545 768w, https:\/\/i0.wp.com\/itineraires.sudvelo.com\/miles\/wp-content\/uploads\/2016\/09\/IMG_5060.jpg?resize=1250%2C886 1250w, https:\/\/i0.wp.com\/itineraires.sudvelo.com\/miles\/wp-content\/uploads\/2016\/09\/IMG_5060.jpg?resize=400%2C284 400w, https:\/\/i0.wp.com\/itineraires.sudvelo.com\/miles\/wp-content\/uploads\/2016\/09\/IMG_5060.jpg?w=1530 1530w\" sizes=\"(max-width: 610px) 100vw, 610px\" \/><\/p>\n<p>Nous passons la nuit dans la &lsquo;dacha&rsquo; de Cam et Stef. Une tr\u00e8s belle maison avec un jardin magnifiquement sauvage et une vue sur le Grand Colombier&#8230;R\u00e9veil matinal avec la motivation plus forte que jamais (au moins pour Stef et Masha) d&rsquo;enfourcher les v\u00e9los\u00a0! Seul petit probl\u00e8me: le sommet du Grand Colombier est dans les nuages, et une pluie \u00a0fine tombe sur la r\u00e9gion&#8230;<\/p>\n<p><img data-recalc-dims=\"1\" loading=\"lazy\" decoding=\"async\" data-attachment-id=\"1895\" data-permalink=\"http:\/\/itineraires.sudvelo.com\/miles\/2016\/09\/18\/le-grand-colombier\/img_5033\/\" data-orig-file=\"https:\/\/i0.wp.com\/itineraires.sudvelo.com\/miles\/wp-content\/uploads\/2016\/09\/IMG_5033.jpg?fit=2592%2C1936\" data-orig-size=\"2592,1936\" data-comments-opened=\"1\" data-image-meta=\"{&quot;aperture&quot;:&quot;2.8&quot;,&quot;credit&quot;:&quot;&quot;,&quot;camera&quot;:&quot;iPhone 4&quot;,&quot;caption&quot;:&quot;&quot;,&quot;created_timestamp&quot;:&quot;1474096323&quot;,&quot;copyright&quot;:&quot;&quot;,&quot;focal_length&quot;:&quot;3.85&quot;,&quot;iso&quot;:&quot;1000&quot;,&quot;shutter_speed&quot;:&quot;0.066666666666667&quot;,&quot;title&quot;:&quot;&quot;,&quot;orientation&quot;:&quot;1&quot;}\" data-image-title=\"img_5033\" data-image-description=\"\" data-image-caption=\"\" data-medium-file=\"https:\/\/i0.wp.com\/itineraires.sudvelo.com\/miles\/wp-content\/uploads\/2016\/09\/IMG_5033.jpg?fit=300%2C224\" data-large-file=\"https:\/\/i0.wp.com\/itineraires.sudvelo.com\/miles\/wp-content\/uploads\/2016\/09\/IMG_5033.jpg?fit=610%2C456\" tabindex=\"0\" role=\"button\" class=\"aligncenter wp-image-1895 size-large\" src=\"https:\/\/i0.wp.com\/itineraires.sudvelo.com\/miles\/wp-content\/uploads\/2016\/09\/IMG_5033.jpg?resize=610%2C456\" alt=\"img_5033\" width=\"610\" height=\"456\" srcset=\"https:\/\/i0.wp.com\/itineraires.sudvelo.com\/miles\/wp-content\/uploads\/2016\/09\/IMG_5033.jpg?resize=1024%2C765 1024w, https:\/\/i0.wp.com\/itineraires.sudvelo.com\/miles\/wp-content\/uploads\/2016\/09\/IMG_5033.jpg?resize=300%2C224 300w, https:\/\/i0.wp.com\/itineraires.sudvelo.com\/miles\/wp-content\/uploads\/2016\/09\/IMG_5033.jpg?resize=768%2C574 768w, https:\/\/i0.wp.com\/itineraires.sudvelo.com\/miles\/wp-content\/uploads\/2016\/09\/IMG_5033.jpg?resize=1250%2C934 1250w, https:\/\/i0.wp.com\/itineraires.sudvelo.com\/miles\/wp-content\/uploads\/2016\/09\/IMG_5033.jpg?resize=400%2C299 400w, https:\/\/i0.wp.com\/itineraires.sudvelo.com\/miles\/wp-content\/uploads\/2016\/09\/IMG_5033.jpg?w=1830 1830w\" sizes=\"(max-width: 610px) 100vw, 610px\" \/><\/p>\n<p>Benoit\u00a0essaie de finauder pour \u00e9chapper \u00e0 la sortie, mais Stef et Masha se montrent intraitables. Nous partons malgr\u00e9 des conditions m\u00e9t\u00e9o tr\u00e8s m\u00e9diocres, et\u00a0attaquons la mont\u00e9e du Colombier par ses pentes ouest. Arriv\u00e9s au sommet, nous basculons sur le flanc sud-est, pour atteindre Culoz. Nous descendons tr\u00e8s lentement, la route est raide et glissante, les mains sont froides, nous tremblons&#8230; Le caf\u00e9 \u00e0 Culoz s&rsquo;impose avant de remonter \u00a0par la m\u00eame route, et d&rsquo;affronter les terribles et magnifiques &lsquo;esses&rsquo; de la mont\u00e9e de Culoz !<\/p>\n<div id=\"attachment_1897\" style=\"width: 620px\" class=\"wp-caption aligncenter\"><img data-recalc-dims=\"1\" loading=\"lazy\" decoding=\"async\" aria-describedby=\"caption-attachment-1897\" data-attachment-id=\"1897\" data-permalink=\"http:\/\/itineraires.sudvelo.com\/miles\/2016\/09\/18\/le-grand-colombier\/img_5040\/\" data-orig-file=\"https:\/\/i0.wp.com\/itineraires.sudvelo.com\/miles\/wp-content\/uploads\/2016\/09\/IMG_5040.jpg?fit=2592%2C1936\" data-orig-size=\"2592,1936\" data-comments-opened=\"1\" data-image-meta=\"{&quot;aperture&quot;:&quot;2.8&quot;,&quot;credit&quot;:&quot;&quot;,&quot;camera&quot;:&quot;iPhone 4&quot;,&quot;caption&quot;:&quot;&quot;,&quot;created_timestamp&quot;:&quot;1474115276&quot;,&quot;copyright&quot;:&quot;&quot;,&quot;focal_length&quot;:&quot;3.85&quot;,&quot;iso&quot;:&quot;80&quot;,&quot;shutter_speed&quot;:&quot;0.0018552875695733&quot;,&quot;title&quot;:&quot;&quot;,&quot;orientation&quot;:&quot;1&quot;}\" data-image-title=\"img_5040\" data-image-description=\"\" data-image-caption=\"\" data-medium-file=\"https:\/\/i0.wp.com\/itineraires.sudvelo.com\/miles\/wp-content\/uploads\/2016\/09\/IMG_5040.jpg?fit=300%2C224\" data-large-file=\"https:\/\/i0.wp.com\/itineraires.sudvelo.com\/miles\/wp-content\/uploads\/2016\/09\/IMG_5040.jpg?fit=610%2C456\" tabindex=\"0\" role=\"button\" class=\"wp-image-1897 size-large\" src=\"https:\/\/i0.wp.com\/itineraires.sudvelo.com\/miles\/wp-content\/uploads\/2016\/09\/IMG_5040.jpg?resize=610%2C456\" alt=\"img_5040\" width=\"610\" height=\"456\" srcset=\"https:\/\/i0.wp.com\/itineraires.sudvelo.com\/miles\/wp-content\/uploads\/2016\/09\/IMG_5040.jpg?resize=1024%2C765 1024w, https:\/\/i0.wp.com\/itineraires.sudvelo.com\/miles\/wp-content\/uploads\/2016\/09\/IMG_5040.jpg?resize=300%2C224 300w, https:\/\/i0.wp.com\/itineraires.sudvelo.com\/miles\/wp-content\/uploads\/2016\/09\/IMG_5040.jpg?resize=768%2C574 768w, https:\/\/i0.wp.com\/itineraires.sudvelo.com\/miles\/wp-content\/uploads\/2016\/09\/IMG_5040.jpg?resize=1250%2C934 1250w, https:\/\/i0.wp.com\/itineraires.sudvelo.com\/miles\/wp-content\/uploads\/2016\/09\/IMG_5040.jpg?resize=400%2C299 400w, https:\/\/i0.wp.com\/itineraires.sudvelo.com\/miles\/wp-content\/uploads\/2016\/09\/IMG_5040.jpg?w=1830 1830w\" sizes=\"(max-width: 610px) 100vw, 610px\" \/><p id=\"caption-attachment-1897\" class=\"wp-caption-text\">Une vue sur le Rh\u00f4ne<\/p><\/div>\n<p>La pluie cesse pour un petit bout de temps, nous pouvons profiter de la \u00a0vue sur le Rh\u00f4ne, alors que la lutte est rude pour arriver au sommet ! Stef trouve du courage gr\u00e2ce \u00e0 ses nombreux supporters, qui ont marqu\u00e9 son nom sur la chauss\u00e9e, tandis que Masha est heureuse d&rsquo;\u00eatre dans \u00ab\u00a0ses\u00a0\u00bb montagnes&#8230;<\/p>\n<p><img data-recalc-dims=\"1\" loading=\"lazy\" decoding=\"async\" data-attachment-id=\"1911\" data-permalink=\"http:\/\/itineraires.sudvelo.com\/miles\/2016\/09\/18\/le-grand-colombier\/img_1556\/\" data-orig-file=\"https:\/\/i0.wp.com\/itineraires.sudvelo.com\/miles\/wp-content\/uploads\/2016\/09\/IMG_1556.jpg?fit=2592%2C1936\" data-orig-size=\"2592,1936\" data-comments-opened=\"1\" data-image-meta=\"{&quot;aperture&quot;:&quot;2.8&quot;,&quot;credit&quot;:&quot;&quot;,&quot;camera&quot;:&quot;iPhone 4&quot;,&quot;caption&quot;:&quot;&quot;,&quot;created_timestamp&quot;:&quot;1474119061&quot;,&quot;copyright&quot;:&quot;&quot;,&quot;focal_length&quot;:&quot;3.85&quot;,&quot;iso&quot;:&quot;80&quot;,&quot;shutter_speed&quot;:&quot;0.0051282051282051&quot;,&quot;title&quot;:&quot;&quot;,&quot;orientation&quot;:&quot;1&quot;}\" data-image-title=\"img_1556\" data-image-description=\"\" data-image-caption=\"\" data-medium-file=\"https:\/\/i0.wp.com\/itineraires.sudvelo.com\/miles\/wp-content\/uploads\/2016\/09\/IMG_1556.jpg?fit=300%2C224\" data-large-file=\"https:\/\/i0.wp.com\/itineraires.sudvelo.com\/miles\/wp-content\/uploads\/2016\/09\/IMG_1556.jpg?fit=610%2C456\" tabindex=\"0\" role=\"button\" class=\" wp-image-1911 aligncenter\" src=\"https:\/\/i0.wp.com\/itineraires.sudvelo.com\/miles\/wp-content\/uploads\/2016\/09\/IMG_1556.jpg?resize=508%2C379\" alt=\"img_1556\" width=\"508\" height=\"379\" srcset=\"https:\/\/i0.wp.com\/itineraires.sudvelo.com\/miles\/wp-content\/uploads\/2016\/09\/IMG_1556.jpg?resize=300%2C224 300w, https:\/\/i0.wp.com\/itineraires.sudvelo.com\/miles\/wp-content\/uploads\/2016\/09\/IMG_1556.jpg?resize=768%2C574 768w, https:\/\/i0.wp.com\/itineraires.sudvelo.com\/miles\/wp-content\/uploads\/2016\/09\/IMG_1556.jpg?resize=1024%2C765 1024w, https:\/\/i0.wp.com\/itineraires.sudvelo.com\/miles\/wp-content\/uploads\/2016\/09\/IMG_1556.jpg?resize=1250%2C934 1250w, https:\/\/i0.wp.com\/itineraires.sudvelo.com\/miles\/wp-content\/uploads\/2016\/09\/IMG_1556.jpg?resize=400%2C299 400w, https:\/\/i0.wp.com\/itineraires.sudvelo.com\/miles\/wp-content\/uploads\/2016\/09\/IMG_1556.jpg?w=1830 1830w\" sizes=\"(max-width: 508px) 100vw, 508px\" \/><img data-recalc-dims=\"1\" loading=\"lazy\" decoding=\"async\" data-attachment-id=\"1909\" data-permalink=\"http:\/\/itineraires.sudvelo.com\/miles\/2016\/09\/18\/le-grand-colombier\/img_1546\/\" data-orig-file=\"https:\/\/i0.wp.com\/itineraires.sudvelo.com\/miles\/wp-content\/uploads\/2016\/09\/IMG_1546-e1474227768702.jpg?fit=2592%2C1936\" data-orig-size=\"2592,1936\" data-comments-opened=\"1\" data-image-meta=\"{&quot;aperture&quot;:&quot;2.8&quot;,&quot;credit&quot;:&quot;&quot;,&quot;camera&quot;:&quot;iPhone 4&quot;,&quot;caption&quot;:&quot;&quot;,&quot;created_timestamp&quot;:&quot;1474116256&quot;,&quot;copyright&quot;:&quot;&quot;,&quot;focal_length&quot;:&quot;3.85&quot;,&quot;iso&quot;:&quot;80&quot;,&quot;shutter_speed&quot;:&quot;0.0048076923076923&quot;,&quot;title&quot;:&quot;&quot;,&quot;orientation&quot;:&quot;3&quot;}\" data-image-title=\"img_1546\" data-image-description=\"\" data-image-caption=\"\" data-medium-file=\"https:\/\/i0.wp.com\/itineraires.sudvelo.com\/miles\/wp-content\/uploads\/2016\/09\/IMG_1546-e1474227768702.jpg?fit=300%2C224\" data-large-file=\"https:\/\/i0.wp.com\/itineraires.sudvelo.com\/miles\/wp-content\/uploads\/2016\/09\/IMG_1546-e1474227768702.jpg?fit=610%2C456\" tabindex=\"0\" role=\"button\" class=\" wp-image-1909 aligncenter\" src=\"https:\/\/i0.wp.com\/itineraires.sudvelo.com\/miles\/wp-content\/uploads\/2016\/09\/IMG_1546-e1474227768702-300x224.jpg?resize=489%2C365\" alt=\"img_1546\" width=\"489\" height=\"365\" srcset=\"https:\/\/i0.wp.com\/itineraires.sudvelo.com\/miles\/wp-content\/uploads\/2016\/09\/IMG_1546-e1474227768702.jpg?resize=300%2C224 300w, https:\/\/i0.wp.com\/itineraires.sudvelo.com\/miles\/wp-content\/uploads\/2016\/09\/IMG_1546-e1474227768702.jpg?resize=768%2C574 768w, https:\/\/i0.wp.com\/itineraires.sudvelo.com\/miles\/wp-content\/uploads\/2016\/09\/IMG_1546-e1474227768702.jpg?resize=1024%2C765 1024w, https:\/\/i0.wp.com\/itineraires.sudvelo.com\/miles\/wp-content\/uploads\/2016\/09\/IMG_1546-e1474227768702.jpg?resize=1250%2C934 1250w, https:\/\/i0.wp.com\/itineraires.sudvelo.com\/miles\/wp-content\/uploads\/2016\/09\/IMG_1546-e1474227768702.jpg?resize=400%2C299 400w, https:\/\/i0.wp.com\/itineraires.sudvelo.com\/miles\/wp-content\/uploads\/2016\/09\/IMG_1546-e1474227768702.jpg?w=1830 1830w\" sizes=\"(max-width: 489px) 100vw, 489px\" \/><img data-recalc-dims=\"1\" loading=\"lazy\" decoding=\"async\" data-attachment-id=\"1910\" data-permalink=\"http:\/\/itineraires.sudvelo.com\/miles\/2016\/09\/18\/le-grand-colombier\/img_1548-2\/\" data-orig-file=\"https:\/\/i0.wp.com\/itineraires.sudvelo.com\/miles\/wp-content\/uploads\/2016\/09\/IMG_1548-2.jpg?fit=2137%2C1595\" data-orig-size=\"2137,1595\" data-comments-opened=\"1\" data-image-meta=\"{&quot;aperture&quot;:&quot;2.8&quot;,&quot;credit&quot;:&quot;&quot;,&quot;camera&quot;:&quot;iPhone 4&quot;,&quot;caption&quot;:&quot;&quot;,&quot;created_timestamp&quot;:&quot;1474116303&quot;,&quot;copyright&quot;:&quot;&quot;,&quot;focal_length&quot;:&quot;3.85&quot;,&quot;iso&quot;:&quot;80&quot;,&quot;shutter_speed&quot;:&quot;0.0033112582781457&quot;,&quot;title&quot;:&quot;&quot;,&quot;orientation&quot;:&quot;1&quot;}\" data-image-title=\"img_1548-2\" data-image-description=\"\" data-image-caption=\"\" data-medium-file=\"https:\/\/i0.wp.com\/itineraires.sudvelo.com\/miles\/wp-content\/uploads\/2016\/09\/IMG_1548-2.jpg?fit=300%2C224\" data-large-file=\"https:\/\/i0.wp.com\/itineraires.sudvelo.com\/miles\/wp-content\/uploads\/2016\/09\/IMG_1548-2.jpg?fit=610%2C455\" tabindex=\"0\" role=\"button\" class=\" wp-image-1910 aligncenter\" src=\"https:\/\/i0.wp.com\/itineraires.sudvelo.com\/miles\/wp-content\/uploads\/2016\/09\/IMG_1548-2.jpg?resize=497%2C371\" alt=\"img_1548-2\" width=\"497\" height=\"371\" srcset=\"https:\/\/i0.wp.com\/itineraires.sudvelo.com\/miles\/wp-content\/uploads\/2016\/09\/IMG_1548-2.jpg?resize=300%2C224 300w, https:\/\/i0.wp.com\/itineraires.sudvelo.com\/miles\/wp-content\/uploads\/2016\/09\/IMG_1548-2.jpg?resize=768%2C573 768w, https:\/\/i0.wp.com\/itineraires.sudvelo.com\/miles\/wp-content\/uploads\/2016\/09\/IMG_1548-2.jpg?resize=1024%2C764 1024w, https:\/\/i0.wp.com\/itineraires.sudvelo.com\/miles\/wp-content\/uploads\/2016\/09\/IMG_1548-2.jpg?resize=1250%2C933 1250w, https:\/\/i0.wp.com\/itineraires.sudvelo.com\/miles\/wp-content\/uploads\/2016\/09\/IMG_1548-2.jpg?resize=400%2C299 400w, https:\/\/i0.wp.com\/itineraires.sudvelo.com\/miles\/wp-content\/uploads\/2016\/09\/IMG_1548-2.jpg?w=1830 1830w\" sizes=\"(max-width: 497px) 100vw, 497px\" \/><\/p>\n<p>Nous voila au sommet pour la deuxieme fois. Visibilit\u00e9 = 20 m\u00e8tres, tout au plus. Par beau temps, il y a une tr\u00e8s belle vue (il para\u00eet)&#8230; Mais vous pouvez lire \u00ab\u00a0Grand Colombier\u00a0\u00bb en arri\u00e8re plan \ud83d\ude42<br \/>\n<img data-recalc-dims=\"1\" loading=\"lazy\" decoding=\"async\" data-attachment-id=\"1896\" data-permalink=\"http:\/\/itineraires.sudvelo.com\/miles\/2016\/09\/18\/le-grand-colombier\/img_5037\/\" data-orig-file=\"https:\/\/i0.wp.com\/itineraires.sudvelo.com\/miles\/wp-content\/uploads\/2016\/09\/IMG_5037.jpg?fit=2592%2C1936\" data-orig-size=\"2592,1936\" data-comments-opened=\"1\" data-image-meta=\"{&quot;aperture&quot;:&quot;2.8&quot;,&quot;credit&quot;:&quot;&quot;,&quot;camera&quot;:&quot;iPhone 4&quot;,&quot;caption&quot;:&quot;&quot;,&quot;created_timestamp&quot;:&quot;1474108450&quot;,&quot;copyright&quot;:&quot;&quot;,&quot;focal_length&quot;:&quot;3.85&quot;,&quot;iso&quot;:&quot;80&quot;,&quot;shutter_speed&quot;:&quot;0.0035087719298246&quot;,&quot;title&quot;:&quot;&quot;,&quot;orientation&quot;:&quot;1&quot;}\" data-image-title=\"img_5037\" data-image-description=\"\" data-image-caption=\"\" data-medium-file=\"https:\/\/i0.wp.com\/itineraires.sudvelo.com\/miles\/wp-content\/uploads\/2016\/09\/IMG_5037.jpg?fit=300%2C224\" data-large-file=\"https:\/\/i0.wp.com\/itineraires.sudvelo.com\/miles\/wp-content\/uploads\/2016\/09\/IMG_5037.jpg?fit=610%2C456\" tabindex=\"0\" role=\"button\" class=\"size-medium wp-image-1896 aligncenter\" src=\"https:\/\/i0.wp.com\/itineraires.sudvelo.com\/miles\/wp-content\/uploads\/2016\/09\/IMG_5037.jpg?resize=300%2C224\" alt=\"img_5037\" width=\"300\" height=\"224\" srcset=\"https:\/\/i0.wp.com\/itineraires.sudvelo.com\/miles\/wp-content\/uploads\/2016\/09\/IMG_5037.jpg?resize=300%2C224 300w, https:\/\/i0.wp.com\/itineraires.sudvelo.com\/miles\/wp-content\/uploads\/2016\/09\/IMG_5037.jpg?resize=768%2C574 768w, https:\/\/i0.wp.com\/itineraires.sudvelo.com\/miles\/wp-content\/uploads\/2016\/09\/IMG_5037.jpg?resize=1024%2C765 1024w, https:\/\/i0.wp.com\/itineraires.sudvelo.com\/miles\/wp-content\/uploads\/2016\/09\/IMG_5037.jpg?resize=1250%2C934 1250w, https:\/\/i0.wp.com\/itineraires.sudvelo.com\/miles\/wp-content\/uploads\/2016\/09\/IMG_5037.jpg?resize=400%2C299 400w, https:\/\/i0.wp.com\/itineraires.sudvelo.com\/miles\/wp-content\/uploads\/2016\/09\/IMG_5037.jpg?w=1830 1830w\" sizes=\"(max-width: 300px) 100vw, 300px\" \/><\/p>\n<p>De retour \u00e0 la maison -douche, repas et \u00a0une belle petite balade \u00e0 pied pour visiter l&rsquo;arri\u00e8re pays. Les feuilles sont \u00e0 moiti\u00e9 jaunes, br\u00fbl\u00e9es par le soleil et la s\u00e9cheresse de l&rsquo;\u00e9t\u00e9, \u00e7a donne les couleurs d&rsquo;automne.<br \/>\n<img data-recalc-dims=\"1\" loading=\"lazy\" decoding=\"async\" data-attachment-id=\"1900\" data-permalink=\"http:\/\/itineraires.sudvelo.com\/miles\/2016\/09\/18\/le-grand-colombier\/img_5048\/\" data-orig-file=\"https:\/\/i0.wp.com\/itineraires.sudvelo.com\/miles\/wp-content\/uploads\/2016\/09\/IMG_5048.jpg?fit=1936%2C2592\" data-orig-size=\"1936,2592\" data-comments-opened=\"1\" data-image-meta=\"{&quot;aperture&quot;:&quot;2.8&quot;,&quot;credit&quot;:&quot;&quot;,&quot;camera&quot;:&quot;iPhone 4&quot;,&quot;caption&quot;:&quot;&quot;,&quot;created_timestamp&quot;:&quot;1474133809&quot;,&quot;copyright&quot;:&quot;&quot;,&quot;focal_length&quot;:&quot;3.85&quot;,&quot;iso&quot;:&quot;80&quot;,&quot;shutter_speed&quot;:&quot;0.016666666666667&quot;,&quot;title&quot;:&quot;&quot;,&quot;orientation&quot;:&quot;1&quot;}\" data-image-title=\"img_5048\" data-image-description=\"\" data-image-caption=\"\" data-medium-file=\"https:\/\/i0.wp.com\/itineraires.sudvelo.com\/miles\/wp-content\/uploads\/2016\/09\/IMG_5048.jpg?fit=224%2C300\" data-large-file=\"https:\/\/i0.wp.com\/itineraires.sudvelo.com\/miles\/wp-content\/uploads\/2016\/09\/IMG_5048.jpg?fit=610%2C817\" tabindex=\"0\" role=\"button\" class=\"wp-image-1900 size-medium alignleft\" src=\"https:\/\/i0.wp.com\/itineraires.sudvelo.com\/miles\/wp-content\/uploads\/2016\/09\/IMG_5048.jpg?resize=224%2C300\" alt=\"img_5048\" width=\"224\" height=\"300\" srcset=\"https:\/\/i0.wp.com\/itineraires.sudvelo.com\/miles\/wp-content\/uploads\/2016\/09\/IMG_5048.jpg?resize=224%2C300 224w, https:\/\/i0.wp.com\/itineraires.sudvelo.com\/miles\/wp-content\/uploads\/2016\/09\/IMG_5048.jpg?resize=768%2C1028 768w, https:\/\/i0.wp.com\/itineraires.sudvelo.com\/miles\/wp-content\/uploads\/2016\/09\/IMG_5048.jpg?resize=765%2C1024 765w, https:\/\/i0.wp.com\/itineraires.sudvelo.com\/miles\/wp-content\/uploads\/2016\/09\/IMG_5048.jpg?resize=1250%2C1674 1250w, https:\/\/i0.wp.com\/itineraires.sudvelo.com\/miles\/wp-content\/uploads\/2016\/09\/IMG_5048.jpg?resize=400%2C536 400w, https:\/\/i0.wp.com\/itineraires.sudvelo.com\/miles\/wp-content\/uploads\/2016\/09\/IMG_5048.jpg?w=1936 1936w, https:\/\/i0.wp.com\/itineraires.sudvelo.com\/miles\/wp-content\/uploads\/2016\/09\/IMG_5048.jpg?w=1830 1830w\" sizes=\"(max-width: 224px) 100vw, 224px\" \/>\u00a0<img data-recalc-dims=\"1\" loading=\"lazy\" decoding=\"async\" data-attachment-id=\"1899\" data-permalink=\"http:\/\/itineraires.sudvelo.com\/miles\/2016\/09\/18\/le-grand-colombier\/img_5046\/\" data-orig-file=\"https:\/\/i0.wp.com\/itineraires.sudvelo.com\/miles\/wp-content\/uploads\/2016\/09\/IMG_5046.jpg?fit=2592%2C1936\" data-orig-size=\"2592,1936\" data-comments-opened=\"1\" data-image-meta=\"{&quot;aperture&quot;:&quot;2.8&quot;,&quot;credit&quot;:&quot;&quot;,&quot;camera&quot;:&quot;iPhone 4&quot;,&quot;caption&quot;:&quot;&quot;,&quot;created_timestamp&quot;:&quot;1474133769&quot;,&quot;copyright&quot;:&quot;&quot;,&quot;focal_length&quot;:&quot;3.85&quot;,&quot;iso&quot;:&quot;80&quot;,&quot;shutter_speed&quot;:&quot;0.016666666666667&quot;,&quot;title&quot;:&quot;&quot;,&quot;orientation&quot;:&quot;1&quot;}\" data-image-title=\"img_5046\" data-image-description=\"\" data-image-caption=\"\" data-medium-file=\"https:\/\/i0.wp.com\/itineraires.sudvelo.com\/miles\/wp-content\/uploads\/2016\/09\/IMG_5046.jpg?fit=300%2C224\" data-large-file=\"https:\/\/i0.wp.com\/itineraires.sudvelo.com\/miles\/wp-content\/uploads\/2016\/09\/IMG_5046.jpg?fit=610%2C456\" tabindex=\"0\" role=\"button\" class=\"size-medium wp-image-1899 alignnone\" src=\"https:\/\/i0.wp.com\/itineraires.sudvelo.com\/miles\/wp-content\/uploads\/2016\/09\/IMG_5046.jpg?resize=300%2C224\" alt=\"img_5046\" width=\"300\" height=\"224\" srcset=\"https:\/\/i0.wp.com\/itineraires.sudvelo.com\/miles\/wp-content\/uploads\/2016\/09\/IMG_5046.jpg?resize=300%2C224 300w, https:\/\/i0.wp.com\/itineraires.sudvelo.com\/miles\/wp-content\/uploads\/2016\/09\/IMG_5046.jpg?resize=768%2C574 768w, https:\/\/i0.wp.com\/itineraires.sudvelo.com\/miles\/wp-content\/uploads\/2016\/09\/IMG_5046.jpg?resize=1024%2C765 1024w, https:\/\/i0.wp.com\/itineraires.sudvelo.com\/miles\/wp-content\/uploads\/2016\/09\/IMG_5046.jpg?resize=1250%2C934 1250w, https:\/\/i0.wp.com\/itineraires.sudvelo.com\/miles\/wp-content\/uploads\/2016\/09\/IMG_5046.jpg?resize=400%2C299 400w, https:\/\/i0.wp.com\/itineraires.sudvelo.com\/miles\/wp-content\/uploads\/2016\/09\/IMG_5046.jpg?w=1830 1830w\" sizes=\"(max-width: 300px) 100vw, 300px\" \/><\/p>\n<p>&nbsp;<\/p>\n<p>&nbsp;<\/p>\n<p>Et pour finir, la troisi\u00e8me mi-temps, non, je veux dire&#8230; un bon plat de p\u00e2tes pour f\u00eater tout \u00e7a, avec quelques sp\u00e9cialit\u00e9s locales (un bon vin bugiste), pas tr\u00e8s locales (quelques bi\u00e8res blondes) ou pas \u00a0locales du tout (un petit vin moldave rapport\u00e9 par Masha !)<\/p>\n<p><img data-recalc-dims=\"1\" loading=\"lazy\" decoding=\"async\" data-attachment-id=\"1903\" data-permalink=\"http:\/\/itineraires.sudvelo.com\/miles\/2016\/09\/18\/le-grand-colombier\/img_5057\/\" data-orig-file=\"https:\/\/i0.wp.com\/itineraires.sudvelo.com\/miles\/wp-content\/uploads\/2016\/09\/IMG_5057.jpg?fit=1838%2C1622\" data-orig-size=\"1838,1622\" data-comments-opened=\"1\" data-image-meta=\"{&quot;aperture&quot;:&quot;2.8&quot;,&quot;credit&quot;:&quot;&quot;,&quot;camera&quot;:&quot;iPhone 4&quot;,&quot;caption&quot;:&quot;&quot;,&quot;created_timestamp&quot;:&quot;1474145445&quot;,&quot;copyright&quot;:&quot;&quot;,&quot;focal_length&quot;:&quot;3.85&quot;,&quot;iso&quot;:&quot;125&quot;,&quot;shutter_speed&quot;:&quot;0.058823529411765&quot;,&quot;title&quot;:&quot;&quot;,&quot;orientation&quot;:&quot;1&quot;}\" data-image-title=\"img_5057\" data-image-description=\"\" data-image-caption=\"\" data-medium-file=\"https:\/\/i0.wp.com\/itineraires.sudvelo.com\/miles\/wp-content\/uploads\/2016\/09\/IMG_5057.jpg?fit=300%2C265\" data-large-file=\"https:\/\/i0.wp.com\/itineraires.sudvelo.com\/miles\/wp-content\/uploads\/2016\/09\/IMG_5057.jpg?fit=610%2C539\" tabindex=\"0\" role=\"button\" class=\"wp-image-1903 alignleft\" src=\"https:\/\/i0.wp.com\/itineraires.sudvelo.com\/miles\/wp-content\/uploads\/2016\/09\/IMG_5057.jpg?resize=238%2C210\" alt=\"img_5057\" width=\"238\" height=\"210\" srcset=\"https:\/\/i0.wp.com\/itineraires.sudvelo.com\/miles\/wp-content\/uploads\/2016\/09\/IMG_5057.jpg?resize=300%2C265 300w, https:\/\/i0.wp.com\/itineraires.sudvelo.com\/miles\/wp-content\/uploads\/2016\/09\/IMG_5057.jpg?resize=768%2C678 768w, https:\/\/i0.wp.com\/itineraires.sudvelo.com\/miles\/wp-content\/uploads\/2016\/09\/IMG_5057.jpg?resize=1024%2C904 1024w, https:\/\/i0.wp.com\/itineraires.sudvelo.com\/miles\/wp-content\/uploads\/2016\/09\/IMG_5057.jpg?resize=1250%2C1103 1250w, https:\/\/i0.wp.com\/itineraires.sudvelo.com\/miles\/wp-content\/uploads\/2016\/09\/IMG_5057.jpg?resize=400%2C353 400w, https:\/\/i0.wp.com\/itineraires.sudvelo.com\/miles\/wp-content\/uploads\/2016\/09\/IMG_5057.jpg?w=1838 1838w\" sizes=\"(max-width: 238px) 100vw, 238px\" \/><img data-recalc-dims=\"1\" loading=\"lazy\" decoding=\"async\" data-attachment-id=\"1902\" data-permalink=\"http:\/\/itineraires.sudvelo.com\/miles\/2016\/09\/18\/le-grand-colombier\/img_5054\/\" data-orig-file=\"https:\/\/i0.wp.com\/itineraires.sudvelo.com\/miles\/wp-content\/uploads\/2016\/09\/IMG_5054.jpg?fit=1359%2C1693\" data-orig-size=\"1359,1693\" data-comments-opened=\"1\" data-image-meta=\"{&quot;aperture&quot;:&quot;2.8&quot;,&quot;credit&quot;:&quot;&quot;,&quot;camera&quot;:&quot;iPhone 4&quot;,&quot;caption&quot;:&quot;&quot;,&quot;created_timestamp&quot;:&quot;1474141981&quot;,&quot;copyright&quot;:&quot;&quot;,&quot;focal_length&quot;:&quot;3.85&quot;,&quot;iso&quot;:&quot;200&quot;,&quot;shutter_speed&quot;:&quot;0.058823529411765&quot;,&quot;title&quot;:&quot;&quot;,&quot;orientation&quot;:&quot;1&quot;}\" data-image-title=\"img_5054\" data-image-description=\"\" data-image-caption=\"\" data-medium-file=\"https:\/\/i0.wp.com\/itineraires.sudvelo.com\/miles\/wp-content\/uploads\/2016\/09\/IMG_5054.jpg?fit=241%2C300\" data-large-file=\"https:\/\/i0.wp.com\/itineraires.sudvelo.com\/miles\/wp-content\/uploads\/2016\/09\/IMG_5054.jpg?fit=610%2C760\" tabindex=\"0\" role=\"button\" class=\"wp-image-1902 alignleft\" src=\"https:\/\/i0.wp.com\/itineraires.sudvelo.com\/miles\/wp-content\/uploads\/2016\/09\/IMG_5054.jpg?resize=199%2C248\" alt=\"img_5054\" width=\"199\" height=\"248\" srcset=\"https:\/\/i0.wp.com\/itineraires.sudvelo.com\/miles\/wp-content\/uploads\/2016\/09\/IMG_5054.jpg?resize=241%2C300 241w, https:\/\/i0.wp.com\/itineraires.sudvelo.com\/miles\/wp-content\/uploads\/2016\/09\/IMG_5054.jpg?resize=768%2C957 768w, https:\/\/i0.wp.com\/itineraires.sudvelo.com\/miles\/wp-content\/uploads\/2016\/09\/IMG_5054.jpg?resize=822%2C1024 822w, https:\/\/i0.wp.com\/itineraires.sudvelo.com\/miles\/wp-content\/uploads\/2016\/09\/IMG_5054.jpg?resize=1250%2C1557 1250w, https:\/\/i0.wp.com\/itineraires.sudvelo.com\/miles\/wp-content\/uploads\/2016\/09\/IMG_5054.jpg?resize=400%2C498 400w, https:\/\/i0.wp.com\/itineraires.sudvelo.com\/miles\/wp-content\/uploads\/2016\/09\/IMG_5054.jpg?w=1359 1359w\" sizes=\"(max-width: 199px) 100vw, 199px\" \/><\/p>\n<p>&nbsp;<\/p>\n<p>&nbsp;<\/p>\n<p>&nbsp;<\/p>\n<p>&nbsp;<\/p>\n<p>&nbsp;<\/p>\n<p>&nbsp;<\/p>\n<p>les pommes du jardin font un tr\u00e8s bon compl\u00e9ment !<\/p>\n<p><img data-recalc-dims=\"1\" loading=\"lazy\" decoding=\"async\" data-attachment-id=\"1904\" data-permalink=\"http:\/\/itineraires.sudvelo.com\/miles\/2016\/09\/18\/le-grand-colombier\/img_5059\/\" data-orig-file=\"https:\/\/i0.wp.com\/itineraires.sudvelo.com\/miles\/wp-content\/uploads\/2016\/09\/IMG_5059.jpg?fit=1460%2C1401\" data-orig-size=\"1460,1401\" data-comments-opened=\"1\" data-image-meta=\"{&quot;aperture&quot;:&quot;2.8&quot;,&quot;credit&quot;:&quot;&quot;,&quot;camera&quot;:&quot;iPhone 4&quot;,&quot;caption&quot;:&quot;&quot;,&quot;created_timestamp&quot;:&quot;1474145482&quot;,&quot;copyright&quot;:&quot;&quot;,&quot;focal_length&quot;:&quot;3.85&quot;,&quot;iso&quot;:&quot;400&quot;,&quot;shutter_speed&quot;:&quot;0.058823529411765&quot;,&quot;title&quot;:&quot;&quot;,&quot;orientation&quot;:&quot;1&quot;}\" data-image-title=\"img_5059\" data-image-description=\"\" data-image-caption=\"\" data-medium-file=\"https:\/\/i0.wp.com\/itineraires.sudvelo.com\/miles\/wp-content\/uploads\/2016\/09\/IMG_5059.jpg?fit=300%2C288\" data-large-file=\"https:\/\/i0.wp.com\/itineraires.sudvelo.com\/miles\/wp-content\/uploads\/2016\/09\/IMG_5059.jpg?fit=610%2C586\" tabindex=\"0\" role=\"button\" class=\" wp-image-1904 alignleft\" src=\"https:\/\/i0.wp.com\/itineraires.sudvelo.com\/miles\/wp-content\/uploads\/2016\/09\/IMG_5059.jpg?resize=252%2C242\" alt=\"img_5059\" width=\"252\" height=\"242\" srcset=\"https:\/\/i0.wp.com\/itineraires.sudvelo.com\/miles\/wp-content\/uploads\/2016\/09\/IMG_5059.jpg?resize=300%2C288 300w, https:\/\/i0.wp.com\/itineraires.sudvelo.com\/miles\/wp-content\/uploads\/2016\/09\/IMG_5059.jpg?resize=768%2C737 768w, https:\/\/i0.wp.com\/itineraires.sudvelo.com\/miles\/wp-content\/uploads\/2016\/09\/IMG_5059.jpg?resize=1024%2C983 1024w, https:\/\/i0.wp.com\/itineraires.sudvelo.com\/miles\/wp-content\/uploads\/2016\/09\/IMG_5059.jpg?resize=1250%2C1199 1250w, https:\/\/i0.wp.com\/itineraires.sudvelo.com\/miles\/wp-content\/uploads\/2016\/09\/IMG_5059.jpg?resize=400%2C384 400w, https:\/\/i0.wp.com\/itineraires.sudvelo.com\/miles\/wp-content\/uploads\/2016\/09\/IMG_5059.jpg?w=1460 1460w\" sizes=\"(max-width: 252px) 100vw, 252px\" \/><img data-recalc-dims=\"1\" loading=\"lazy\" decoding=\"async\" data-attachment-id=\"1901\" data-permalink=\"http:\/\/itineraires.sudvelo.com\/miles\/2016\/09\/18\/le-grand-colombier\/img_5052\/\" data-orig-file=\"https:\/\/i0.wp.com\/itineraires.sudvelo.com\/miles\/wp-content\/uploads\/2016\/09\/IMG_5052.jpg?fit=2592%2C1936\" data-orig-size=\"2592,1936\" data-comments-opened=\"1\" data-image-meta=\"{&quot;aperture&quot;:&quot;2.8&quot;,&quot;credit&quot;:&quot;&quot;,&quot;camera&quot;:&quot;iPhone 4&quot;,&quot;caption&quot;:&quot;&quot;,&quot;created_timestamp&quot;:&quot;1474136576&quot;,&quot;copyright&quot;:&quot;&quot;,&quot;focal_length&quot;:&quot;3.85&quot;,&quot;iso&quot;:&quot;250&quot;,&quot;shutter_speed&quot;:&quot;0.066666666666667&quot;,&quot;title&quot;:&quot;&quot;,&quot;orientation&quot;:&quot;1&quot;}\" data-image-title=\"img_5052\" data-image-description=\"\" data-image-caption=\"\" data-medium-file=\"https:\/\/i0.wp.com\/itineraires.sudvelo.com\/miles\/wp-content\/uploads\/2016\/09\/IMG_5052.jpg?fit=300%2C224\" data-large-file=\"https:\/\/i0.wp.com\/itineraires.sudvelo.com\/miles\/wp-content\/uploads\/2016\/09\/IMG_5052.jpg?fit=610%2C456\" tabindex=\"0\" role=\"button\" class=\"size-medium wp-image-1901 alignleft\" src=\"https:\/\/i0.wp.com\/itineraires.sudvelo.com\/miles\/wp-content\/uploads\/2016\/09\/IMG_5052.jpg?resize=300%2C224\" alt=\"img_5052\" width=\"300\" height=\"224\" srcset=\"https:\/\/i0.wp.com\/itineraires.sudvelo.com\/miles\/wp-content\/uploads\/2016\/09\/IMG_5052.jpg?resize=300%2C224 300w, https:\/\/i0.wp.com\/itineraires.sudvelo.com\/miles\/wp-content\/uploads\/2016\/09\/IMG_5052.jpg?resize=768%2C574 768w, https:\/\/i0.wp.com\/itineraires.sudvelo.com\/miles\/wp-content\/uploads\/2016\/09\/IMG_5052.jpg?resize=1024%2C765 1024w, https:\/\/i0.wp.com\/itineraires.sudvelo.com\/miles\/wp-content\/uploads\/2016\/09\/IMG_5052.jpg?resize=1250%2C934 1250w, https:\/\/i0.wp.com\/itineraires.sudvelo.com\/miles\/wp-content\/uploads\/2016\/09\/IMG_5052.jpg?resize=400%2C299 400w, https:\/\/i0.wp.com\/itineraires.sudvelo.com\/miles\/wp-content\/uploads\/2016\/09\/IMG_5052.jpg?w=1830 1830w\" sizes=\"(max-width: 300px) 100vw, 300px\" \/><\/p>\n<p>&nbsp;<\/p>\n<p>&nbsp;<\/p>\n<p>&nbsp;<\/p>\n<p>&nbsp;<\/p>\n<p>&nbsp;<\/p>\n<p>&nbsp;<\/p>\n<p>&nbsp;<\/p>\n<p>Dimanche matin: le temps est vraiment pourri, nous renon\u00e7ons \u00e0 faire une deuxi\u00e8me vir\u00e9e&#8230;<\/p>\n<p>On d\u00e9cide\u00a0de visiter la fruiti\u00e8re \u00e0 Comt\u00e9 du coin, ou le fromager est en train de preparer les fromages devant nous. Nous admirons son travail, alors que la pluie s&rsquo;acharne \u00e0 l&rsquo;ext\u00e9rieur.<\/p>\n<p>&nbsp;<\/p>\n<p><img data-recalc-dims=\"1\" loading=\"lazy\" decoding=\"async\" data-attachment-id=\"1907\" data-permalink=\"http:\/\/itineraires.sudvelo.com\/miles\/2016\/09\/18\/le-grand-colombier\/img_5063\/\" data-orig-file=\"https:\/\/i0.wp.com\/itineraires.sudvelo.com\/miles\/wp-content\/uploads\/2016\/09\/IMG_5063.jpg?fit=2166%2C1416\" data-orig-size=\"2166,1416\" data-comments-opened=\"1\" data-image-meta=\"{&quot;aperture&quot;:&quot;2.8&quot;,&quot;credit&quot;:&quot;&quot;,&quot;camera&quot;:&quot;iPhone 4&quot;,&quot;caption&quot;:&quot;&quot;,&quot;created_timestamp&quot;:&quot;1474190580&quot;,&quot;copyright&quot;:&quot;&quot;,&quot;focal_length&quot;:&quot;3.85&quot;,&quot;iso&quot;:&quot;100&quot;,&quot;shutter_speed&quot;:&quot;0.058823529411765&quot;,&quot;title&quot;:&quot;&quot;,&quot;orientation&quot;:&quot;1&quot;}\" data-image-title=\"img_5063\" data-image-description=\"\" data-image-caption=\"\" data-medium-file=\"https:\/\/i0.wp.com\/itineraires.sudvelo.com\/miles\/wp-content\/uploads\/2016\/09\/IMG_5063.jpg?fit=300%2C196\" data-large-file=\"https:\/\/i0.wp.com\/itineraires.sudvelo.com\/miles\/wp-content\/uploads\/2016\/09\/IMG_5063.jpg?fit=610%2C399\" tabindex=\"0\" role=\"button\" class=\"alignnone size-medium wp-image-1907\" src=\"https:\/\/i0.wp.com\/itineraires.sudvelo.com\/miles\/wp-content\/uploads\/2016\/09\/IMG_5063.jpg?resize=300%2C196\" alt=\"img_5063\" width=\"300\" height=\"196\" srcset=\"https:\/\/i0.wp.com\/itineraires.sudvelo.com\/miles\/wp-content\/uploads\/2016\/09\/IMG_5063.jpg?resize=300%2C196 300w, https:\/\/i0.wp.com\/itineraires.sudvelo.com\/miles\/wp-content\/uploads\/2016\/09\/IMG_5063.jpg?resize=768%2C502 768w, https:\/\/i0.wp.com\/itineraires.sudvelo.com\/miles\/wp-content\/uploads\/2016\/09\/IMG_5063.jpg?resize=1024%2C669 1024w, https:\/\/i0.wp.com\/itineraires.sudvelo.com\/miles\/wp-content\/uploads\/2016\/09\/IMG_5063.jpg?resize=1250%2C817 1250w, https:\/\/i0.wp.com\/itineraires.sudvelo.com\/miles\/wp-content\/uploads\/2016\/09\/IMG_5063.jpg?resize=400%2C261 400w, https:\/\/i0.wp.com\/itineraires.sudvelo.com\/miles\/wp-content\/uploads\/2016\/09\/IMG_5063.jpg?w=1830 1830w\" sizes=\"(max-width: 300px) 100vw, 300px\" \/>\u00a0<img data-recalc-dims=\"1\" loading=\"lazy\" decoding=\"async\" data-attachment-id=\"1906\" data-permalink=\"http:\/\/itineraires.sudvelo.com\/miles\/2016\/09\/18\/le-grand-colombier\/img_5061\/\" data-orig-file=\"https:\/\/i0.wp.com\/itineraires.sudvelo.com\/miles\/wp-content\/uploads\/2016\/09\/IMG_5061.jpg?fit=1936%2C2592\" data-orig-size=\"1936,2592\" data-comments-opened=\"1\" data-image-meta=\"{&quot;aperture&quot;:&quot;2.8&quot;,&quot;credit&quot;:&quot;&quot;,&quot;camera&quot;:&quot;iPhone 4&quot;,&quot;caption&quot;:&quot;&quot;,&quot;created_timestamp&quot;:&quot;1474190333&quot;,&quot;copyright&quot;:&quot;&quot;,&quot;focal_length&quot;:&quot;3.85&quot;,&quot;iso&quot;:&quot;200&quot;,&quot;shutter_speed&quot;:&quot;0.066666666666667&quot;,&quot;title&quot;:&quot;&quot;,&quot;orientation&quot;:&quot;1&quot;}\" data-image-title=\"img_5061\" data-image-description=\"\" data-image-caption=\"\" data-medium-file=\"https:\/\/i0.wp.com\/itineraires.sudvelo.com\/miles\/wp-content\/uploads\/2016\/09\/IMG_5061.jpg?fit=224%2C300\" data-large-file=\"https:\/\/i0.wp.com\/itineraires.sudvelo.com\/miles\/wp-content\/uploads\/2016\/09\/IMG_5061.jpg?fit=610%2C817\" tabindex=\"0\" role=\"button\" class=\"alignnone size-medium wp-image-1906\" src=\"https:\/\/i0.wp.com\/itineraires.sudvelo.com\/miles\/wp-content\/uploads\/2016\/09\/IMG_5061.jpg?resize=224%2C300\" alt=\"img_5061\" width=\"224\" height=\"300\" srcset=\"https:\/\/i0.wp.com\/itineraires.sudvelo.com\/miles\/wp-content\/uploads\/2016\/09\/IMG_5061.jpg?resize=224%2C300 224w, https:\/\/i0.wp.com\/itineraires.sudvelo.com\/miles\/wp-content\/uploads\/2016\/09\/IMG_5061.jpg?resize=768%2C1028 768w, https:\/\/i0.wp.com\/itineraires.sudvelo.com\/miles\/wp-content\/uploads\/2016\/09\/IMG_5061.jpg?resize=765%2C1024 765w, https:\/\/i0.wp.com\/itineraires.sudvelo.com\/miles\/wp-content\/uploads\/2016\/09\/IMG_5061.jpg?resize=1250%2C1674 1250w, https:\/\/i0.wp.com\/itineraires.sudvelo.com\/miles\/wp-content\/uploads\/2016\/09\/IMG_5061.jpg?resize=400%2C536 400w, https:\/\/i0.wp.com\/itineraires.sudvelo.com\/miles\/wp-content\/uploads\/2016\/09\/IMG_5061.jpg?w=1936 1936w, https:\/\/i0.wp.com\/itineraires.sudvelo.com\/miles\/wp-content\/uploads\/2016\/09\/IMG_5061.jpg?w=1830 1830w\" sizes=\"(max-width: 224px) 100vw, 224px\" \/><\/p>\n<p>Lorsque nous \u00a0quittons le village pour revenir sur Montpellier, il pleut toujours et les nuages sont encore bien bas&#8230; On n&rsquo;aura pas vraiment vu le sommet cette fois! Mais \u00e0 bient\u00f4t le Grand Colombier: il reste encore 4 mont\u00e9es du d\u00e9fi Bugiste \u00e0 explorer, \u00e7a n&rsquo;est que partie remise&#8230; !<\/p>\n<p><img data-recalc-dims=\"1\" loading=\"lazy\" decoding=\"async\" data-attachment-id=\"1908\" data-permalink=\"http:\/\/itineraires.sudvelo.com\/miles\/2016\/09\/18\/le-grand-colombier\/img_5067\/\" data-orig-file=\"https:\/\/i0.wp.com\/itineraires.sudvelo.com\/miles\/wp-content\/uploads\/2016\/09\/IMG_5067.jpg?fit=2389%2C1433\" data-orig-size=\"2389,1433\" data-comments-opened=\"1\" data-image-meta=\"{&quot;aperture&quot;:&quot;2.8&quot;,&quot;credit&quot;:&quot;&quot;,&quot;camera&quot;:&quot;iPhone 4&quot;,&quot;caption&quot;:&quot;&quot;,&quot;created_timestamp&quot;:&quot;1474208310&quot;,&quot;copyright&quot;:&quot;&quot;,&quot;focal_length&quot;:&quot;3.85&quot;,&quot;iso&quot;:&quot;80&quot;,&quot;shutter_speed&quot;:&quot;0.004739336492891&quot;,&quot;title&quot;:&quot;&quot;,&quot;orientation&quot;:&quot;1&quot;}\" data-image-title=\"img_5067\" data-image-description=\"\" data-image-caption=\"\" data-medium-file=\"https:\/\/i0.wp.com\/itineraires.sudvelo.com\/miles\/wp-content\/uploads\/2016\/09\/IMG_5067.jpg?fit=300%2C180\" data-large-file=\"https:\/\/i0.wp.com\/itineraires.sudvelo.com\/miles\/wp-content\/uploads\/2016\/09\/IMG_5067.jpg?fit=610%2C366\" tabindex=\"0\" role=\"button\" class=\"aligncenter wp-image-1908 size-full\" src=\"https:\/\/i0.wp.com\/itineraires.sudvelo.com\/miles\/wp-content\/uploads\/2016\/09\/IMG_5067.jpg?resize=610%2C366\" alt=\"img_5067\" width=\"610\" height=\"366\" srcset=\"https:\/\/i0.wp.com\/itineraires.sudvelo.com\/miles\/wp-content\/uploads\/2016\/09\/IMG_5067.jpg?w=2389 2389w, https:\/\/i0.wp.com\/itineraires.sudvelo.com\/miles\/wp-content\/uploads\/2016\/09\/IMG_5067.jpg?resize=300%2C180 300w, https:\/\/i0.wp.com\/itineraires.sudvelo.com\/miles\/wp-content\/uploads\/2016\/09\/IMG_5067.jpg?resize=768%2C461 768w, https:\/\/i0.wp.com\/itineraires.sudvelo.com\/miles\/wp-content\/uploads\/2016\/09\/IMG_5067.jpg?resize=1024%2C614 1024w, https:\/\/i0.wp.com\/itineraires.sudvelo.com\/miles\/wp-content\/uploads\/2016\/09\/IMG_5067.jpg?resize=1250%2C750 1250w, https:\/\/i0.wp.com\/itineraires.sudvelo.com\/miles\/wp-content\/uploads\/2016\/09\/IMG_5067.jpg?resize=400%2C240 400w, https:\/\/i0.wp.com\/itineraires.sudvelo.com\/miles\/wp-content\/uploads\/2016\/09\/IMG_5067.jpg?w=1830 1830w\" sizes=\"(max-width: 610px) 100vw, 610px\" \/><\/p>\n","protected":false},"excerpt":{"rendered":"<p>Ca n&rsquo;est pas tous les jours que nous partons faire un tour de v\u00e9lo \u00e0 plus de trois heures de route de Montpellier, et qui plus est sur une montagne aussi renomm\u00e9e que\u00a0le Grand Colombier. Alors, m\u00eame si \u00e7a n&rsquo;est pas le tour du monde, pourquoi ne pas vous relater ce petit p\u00e9riple ? Nous [&hellip;]<\/p>\n","protected":false},"author":8,"featured_media":0,"comment_status":"open","ping_status":"open","sticky":false,"template":"","format":"standard","meta":{"jetpack_post_was_ever_published":false,"_jetpack_newsletter_access":"","_jetpack_dont_email_post_to_subs":false,"_jetpack_newsletter_tier_id":0,"_jetpack_memberships_contains_paywalled_content":false,"_jetpack_memberships_contains_paid_content":false,"footnotes":"","jetpack_publicize_message":"","jetpack_publicize_feature_enabled":true,"jetpack_social_post_already_shared":true,"jetpack_social_options":{"image_generator_settings":{"template":"highway","enabled":false},"version":2}},"categories":[40,36,1],"tags":[],"class_list":["post-1894","post","type-post","status-publish","format-standard","hentry","category-alpes","category-hexagone","category-non-classe"],"jetpack_publicize_connections":[],"jetpack_featured_media_url":"","jetpack_sharing_enabled":true,"jetpack_shortlink":"https:\/\/wp.me\/p6ioUK-uy","jetpack_likes_enabled":true,"_links":{"self":[{"href":"http:\/\/itineraires.sudvelo.com\/miles\/wp-json\/wp\/v2\/posts\/1894"}],"collection":[{"href":"http:\/\/itineraires.sudvelo.com\/miles\/wp-json\/wp\/v2\/posts"}],"about":[{"href":"http:\/\/itineraires.sudvelo.com\/miles\/wp-json\/wp\/v2\/types\/post"}],"author":[{"embeddable":true,"href":"http:\/\/itineraires.sudvelo.com\/miles\/wp-json\/wp\/v2\/users\/8"}],"replies":[{"embeddable":true,"href":"http:\/\/itineraires.sudvelo.com\/miles\/wp-json\/wp\/v2\/comments?post=1894"}],"version-history":[{"count":5,"href":"http:\/\/itineraires.sudvelo.com\/miles\/wp-json\/wp\/v2\/posts\/1894\/revisions"}],"predecessor-version":[{"id":1916,"href":"http:\/\/itineraires.sudvelo.com\/miles\/wp-json\/wp\/v2\/posts\/1894\/revisions\/1916"}],"wp:attachment":[{"href":"http:\/\/itineraires.sudvelo.com\/miles\/wp-json\/wp\/v2\/media?parent=1894"}],"wp:term":[{"taxonomy":"category","embeddable":true,"href":"http:\/\/itineraires.sudvelo.com\/miles\/wp-json\/wp\/v2\/categories?post=1894"},{"taxonomy":"post_tag","embeddable":true,"href":"http:\/\/itineraires.sudvelo.com\/miles\/wp-json\/wp\/v2\/tags?post=1894"}],"curies":[{"name":"wp","href":"https:\/\/api.w.org\/{rel}","templated":true}]}}