{"id":1608,"date":"2016-07-17T16:19:44","date_gmt":"2016-07-17T15:19:44","guid":{"rendered":"http:\/\/itineraires.sudvelo.com\/miles\/?p=1608"},"modified":"2016-07-20T09:40:39","modified_gmt":"2016-07-20T08:40:39","slug":"8jours-deja","status":"publish","type":"post","link":"http:\/\/itineraires.sudvelo.com\/miles\/2016\/07\/17\/8jours-deja\/","title":{"rendered":"8jours d\u00e9j\u00e0"},"content":{"rendered":"<p>Arriv\u00e9s hier \u00e0 Akureyri, la capitale du nord &nbsp;apr\u00e8s avoir travers\u00e9 l&rsquo;Islande par la piste F35 et des d\u00e9serts de lave o\u00f9 l&rsquo;on ne croise plus que des 4&#215;4 et qq cyclistes qui luttent contre les \u00e9l\u00e9ments, contraste avec les sites tr\u00e9s touristes plus au sud.<\/p>\n<p>Le temps change tr\u00e9s souvent et rapidement le vent \u00e9tant omnipr\u00e9sent. Nous avons eu globalement de belles journ\u00e9es ponctu\u00e9es de qq averses la temp\u00e9rature oscille entre 6 et 15 degr\u00e9s les paysages sont superbes et l&rsquo;on a parfois l&rsquo;impression d&rsquo;\u00eatr<\/p>\n<p><span id=\"img_container_1468768909050\" class=\"img_container\"><\/span><a href=\"https:\/\/i0.wp.com\/itineraires.sudvelo.com\/miles\/wp-content\/uploads\/2016\/07\/wp-image-1936258889jpg.jpg\"><img data-recalc-dims=\"1\" loading=\"lazy\" decoding=\"async\" src=\"https:\/\/i0.wp.com\/itineraires.sudvelo.com\/miles\/wp-content\/uploads\/2016\/07\/wp-image-1936258889jpg.jpg?resize=610%2C343\" alt=\"\" class=\"wp-image-1610 alignnone size-full\" width=\"610\" height=\"343\"><\/a><\/p>\n<p><a href=\"https:\/\/i0.wp.com\/itineraires.sudvelo.com\/miles\/wp-content\/uploads\/2016\/07\/wp-image-1789248677jpg.jpg\"><img data-recalc-dims=\"1\" loading=\"lazy\" decoding=\"async\" src=\"https:\/\/i0.wp.com\/itineraires.sudvelo.com\/miles\/wp-content\/uploads\/2016\/07\/wp-image-1789248677jpg.jpg?resize=610%2C1084\" alt=\"\" class=\"wp-image-1612 alignnone size-full\" width=\"610\" height=\"1084\"><\/a><\/p>\n<p><a href=\"https:\/\/i0.wp.com\/itineraires.sudvelo.com\/miles\/wp-content\/uploads\/2016\/07\/wp-image-1675822907jpg.jpg\"><img data-recalc-dims=\"1\" loading=\"lazy\" decoding=\"async\" src=\"https:\/\/i0.wp.com\/itineraires.sudvelo.com\/miles\/wp-content\/uploads\/2016\/07\/wp-image-1675822907jpg.jpg?resize=610%2C343\" alt=\"\" class=\"wp-image-1613 alignnone size-full\" width=\"610\" height=\"343\"><\/a><\/p>\n<p>e sur la lune; on fait une escale technique qq jours avant de partir vers l&rsquo;est probablement par des pistes afin d&rsquo;\u00e9viter au max la route N\u00b01 qui fait le tour de l&rsquo;\u00eele et o\u00f9 la circulation est intense&nbsp;<\/p>\n<p><span id=\"img_container_1468769653929\" class=\"img_container smallFail\"><img decoding=\"async\" src=\"\/data\/user\/0\/org.wordpress.android\/cache\/wp-image--1059899702jpg\" alt=\"\" class=\"uploading\">8<\/span><\/p>\n","protected":false},"excerpt":{"rendered":"<p>Arriv\u00e9s hier \u00e0 Akureyri, la capitale du nord &nbsp;apr\u00e8s avoir travers\u00e9 l&rsquo;Islande par la piste F35 et des d\u00e9serts de lave o\u00f9 l&rsquo;on ne croise plus que des 4&#215;4 et qq cyclistes qui luttent contre les \u00e9l\u00e9ments, contraste avec les sites tr\u00e9s touristes plus au sud. Le temps change tr\u00e9s souvent et rapidement le vent [&hellip;]<\/p>\n","protected":false},"author":11,"featured_media":0,"comment_status":"open","ping_status":"open","sticky":false,"template":"","format":"standard","meta":{"jetpack_post_was_ever_published":false,"_jetpack_newsletter_access":"","_jetpack_dont_email_post_to_subs":false,"_jetpack_newsletter_tier_id":0,"_jetpack_memberships_contains_paywalled_content":false,"_jetpack_memberships_contains_paid_content":false,"footnotes":"","jetpack_publicize_message":"","jetpack_publicize_feature_enabled":true,"jetpack_social_post_already_shared":true,"jetpack_social_options":{"image_generator_settings":{"template":"highway","enabled":false},"version":2}},"categories":[41,1],"tags":[],"class_list":["post-1608","post","type-post","status-publish","format-standard","hentry","category-islande","category-non-classe"],"jetpack_publicize_connections":[],"jetpack_featured_media_url":"","jetpack_sharing_enabled":true,"jetpack_shortlink":"https:\/\/wp.me\/p6ioUK-pW","jetpack_likes_enabled":true,"_links":{"self":[{"href":"http:\/\/itineraires.sudvelo.com\/miles\/wp-json\/wp\/v2\/posts\/1608"}],"collection":[{"href":"http:\/\/itineraires.sudvelo.com\/miles\/wp-json\/wp\/v2\/posts"}],"about":[{"href":"http:\/\/itineraires.sudvelo.com\/miles\/wp-json\/wp\/v2\/types\/post"}],"author":[{"embeddable":true,"href":"http:\/\/itineraires.sudvelo.com\/miles\/wp-json\/wp\/v2\/users\/11"}],"replies":[{"embeddable":true,"href":"http:\/\/itineraires.sudvelo.com\/miles\/wp-json\/wp\/v2\/comments?post=1608"}],"version-history":[{"count":2,"href":"http:\/\/itineraires.sudvelo.com\/miles\/wp-json\/wp\/v2\/posts\/1608\/revisions"}],"predecessor-version":[{"id":1617,"href":"http:\/\/itineraires.sudvelo.com\/miles\/wp-json\/wp\/v2\/posts\/1608\/revisions\/1617"}],"wp:attachment":[{"href":"http:\/\/itineraires.sudvelo.com\/miles\/wp-json\/wp\/v2\/media?parent=1608"}],"wp:term":[{"taxonomy":"category","embeddable":true,"href":"http:\/\/itineraires.sudvelo.com\/miles\/wp-json\/wp\/v2\/categories?post=1608"},{"taxonomy":"post_tag","embeddable":true,"href":"http:\/\/itineraires.sudvelo.com\/miles\/wp-json\/wp\/v2\/tags?post=1608"}],"curies":[{"name":"wp","href":"https:\/\/api.w.org\/{rel}","templated":true}]}}