{"id":1535,"date":"2016-03-02T14:00:50","date_gmt":"2016-03-02T13:00:50","guid":{"rendered":"http:\/\/itineraires.sudvelo.com\/miles\/?p=1535"},"modified":"2016-03-02T14:00:50","modified_gmt":"2016-03-02T13:00:50","slug":"le-vent-ma-tuer","status":"publish","type":"post","link":"http:\/\/itineraires.sudvelo.com\/miles\/2016\/03\/02\/le-vent-ma-tuer\/","title":{"rendered":"Le vent m&rsquo;a tuer&#8230;"},"content":{"rendered":"<p><img data-recalc-dims=\"1\" loading=\"lazy\" decoding=\"async\" data-attachment-id=\"1536\" data-permalink=\"http:\/\/itineraires.sudvelo.com\/miles\/2016\/03\/02\/le-vent-ma-tuer\/image-12\/\" data-orig-file=\"https:\/\/i0.wp.com\/itineraires.sudvelo.com\/miles\/wp-content\/uploads\/2016\/03\/image-2.jpeg?fit=3264%2C2448\" data-orig-size=\"3264,2448\" data-comments-opened=\"1\" data-image-meta=\"{&quot;aperture&quot;:&quot;2.4&quot;,&quot;credit&quot;:&quot;&quot;,&quot;camera&quot;:&quot;iPhone 4S&quot;,&quot;caption&quot;:&quot;&quot;,&quot;created_timestamp&quot;:&quot;1456913039&quot;,&quot;copyright&quot;:&quot;&quot;,&quot;focal_length&quot;:&quot;4.28&quot;,&quot;iso&quot;:&quot;50&quot;,&quot;shutter_speed&quot;:&quot;0.00079681274900398&quot;,&quot;title&quot;:&quot;&quot;,&quot;orientation&quot;:&quot;1&quot;}\" data-image-title=\"image\" data-image-description=\"\" data-image-caption=\"\" data-medium-file=\"https:\/\/i0.wp.com\/itineraires.sudvelo.com\/miles\/wp-content\/uploads\/2016\/03\/image-2.jpeg?fit=300%2C225\" data-large-file=\"https:\/\/i0.wp.com\/itineraires.sudvelo.com\/miles\/wp-content\/uploads\/2016\/03\/image-2.jpeg?fit=610%2C458\" tabindex=\"0\" role=\"button\" class=\"alignnone size-medium wp-image-1536\" src=\"https:\/\/i0.wp.com\/itineraires.sudvelo.com\/miles\/wp-content\/uploads\/2016\/03\/image-2.jpeg?resize=300%2C225\" alt=\"image\" width=\"300\" height=\"225\" srcset=\"https:\/\/i0.wp.com\/itineraires.sudvelo.com\/miles\/wp-content\/uploads\/2016\/03\/image-2.jpeg?resize=300%2C225 300w, https:\/\/i0.wp.com\/itineraires.sudvelo.com\/miles\/wp-content\/uploads\/2016\/03\/image-2.jpeg?resize=768%2C576 768w, https:\/\/i0.wp.com\/itineraires.sudvelo.com\/miles\/wp-content\/uploads\/2016\/03\/image-2.jpeg?resize=1024%2C768 1024w, https:\/\/i0.wp.com\/itineraires.sudvelo.com\/miles\/wp-content\/uploads\/2016\/03\/image-2.jpeg?w=1220 1220w, https:\/\/i0.wp.com\/itineraires.sudvelo.com\/miles\/wp-content\/uploads\/2016\/03\/image-2.jpeg?w=1830 1830w\" sizes=\"(max-width: 300px) 100vw, 300px\" \/> <img data-recalc-dims=\"1\" loading=\"lazy\" decoding=\"async\" data-attachment-id=\"1537\" data-permalink=\"http:\/\/itineraires.sudvelo.com\/miles\/2016\/03\/02\/le-vent-ma-tuer\/image-13\/\" data-orig-file=\"https:\/\/i0.wp.com\/itineraires.sudvelo.com\/miles\/wp-content\/uploads\/2016\/03\/image-3.jpeg?fit=3264%2C2448\" data-orig-size=\"3264,2448\" data-comments-opened=\"1\" data-image-meta=\"{&quot;aperture&quot;:&quot;2.4&quot;,&quot;credit&quot;:&quot;&quot;,&quot;camera&quot;:&quot;iPhone 4S&quot;,&quot;caption&quot;:&quot;&quot;,&quot;created_timestamp&quot;:&quot;1456842416&quot;,&quot;copyright&quot;:&quot;&quot;,&quot;focal_length&quot;:&quot;4.28&quot;,&quot;iso&quot;:&quot;50&quot;,&quot;shutter_speed&quot;:&quot;0.00163132137031&quot;,&quot;title&quot;:&quot;&quot;,&quot;orientation&quot;:&quot;1&quot;}\" data-image-title=\"image\" data-image-description=\"\" data-image-caption=\"\" data-medium-file=\"https:\/\/i0.wp.com\/itineraires.sudvelo.com\/miles\/wp-content\/uploads\/2016\/03\/image-3.jpeg?fit=300%2C225\" data-large-file=\"https:\/\/i0.wp.com\/itineraires.sudvelo.com\/miles\/wp-content\/uploads\/2016\/03\/image-3.jpeg?fit=610%2C458\" tabindex=\"0\" role=\"button\" class=\"alignnone size-medium wp-image-1537\" src=\"https:\/\/i0.wp.com\/itineraires.sudvelo.com\/miles\/wp-content\/uploads\/2016\/03\/image-3.jpeg?resize=300%2C225\" alt=\"image\" width=\"300\" height=\"225\" srcset=\"https:\/\/i0.wp.com\/itineraires.sudvelo.com\/miles\/wp-content\/uploads\/2016\/03\/image-3.jpeg?resize=300%2C225 300w, https:\/\/i0.wp.com\/itineraires.sudvelo.com\/miles\/wp-content\/uploads\/2016\/03\/image-3.jpeg?resize=768%2C576 768w, https:\/\/i0.wp.com\/itineraires.sudvelo.com\/miles\/wp-content\/uploads\/2016\/03\/image-3.jpeg?resize=1024%2C768 1024w, https:\/\/i0.wp.com\/itineraires.sudvelo.com\/miles\/wp-content\/uploads\/2016\/03\/image-3.jpeg?w=1220 1220w, https:\/\/i0.wp.com\/itineraires.sudvelo.com\/miles\/wp-content\/uploads\/2016\/03\/image-3.jpeg?w=1830 1830w\" sizes=\"(max-width: 300px) 100vw, 300px\" \/>B&#8230; et aussi un peu un debut de tendinite rotulienne qui malgre ou a cause de mes tentatives de reglage de selle, me fait mal<\/p>\n<p>Donc direction la gare SNCF de Perpignan pour rapatriement dur Montpellier<\/p>\n<p>ce matin , c&rsquo;\u00e9tait tres beau la montee vers Coustonges avec les ch\u00eanes li\u00e8ges r\u00e9colt\u00e9s, puis la descente vers Arles sur Tech sur de belles routes transuilles.<\/p>\n<p>A bient\u00f4t pour de nouvelles expeditions. Bizz<\/p>\n","protected":false},"excerpt":{"rendered":"<p>B&#8230; et aussi un peu un debut de tendinite rotulienne qui malgre ou a cause de mes tentatives de reglage de selle, me fait mal Donc direction la gare SNCF de Perpignan pour rapatriement dur Montpellier ce matin , c&rsquo;\u00e9tait tres beau la montee vers Coustonges avec les ch\u00eanes li\u00e8ges r\u00e9colt\u00e9s, puis la descente vers [&hellip;]<\/p>\n","protected":false},"author":3,"featured_media":0,"comment_status":"open","ping_status":"open","sticky":false,"template":"","format":"standard","meta":{"jetpack_post_was_ever_published":false,"_jetpack_newsletter_access":"","_jetpack_dont_email_post_to_subs":false,"_jetpack_newsletter_tier_id":0,"_jetpack_memberships_contains_paywalled_content":false,"_jetpack_memberships_contains_paid_content":false,"footnotes":"","jetpack_publicize_message":"","jetpack_publicize_feature_enabled":true,"jetpack_social_post_already_shared":true,"jetpack_social_options":{"image_generator_settings":{"template":"highway","enabled":false},"version":2}},"categories":[38],"tags":[],"class_list":["post-1535","post","type-post","status-publish","format-standard","hentry","category-pyrenees-orientales"],"jetpack_publicize_connections":[],"jetpack_featured_media_url":"","jetpack_sharing_enabled":true,"jetpack_shortlink":"https:\/\/wp.me\/p6ioUK-oL","jetpack_likes_enabled":true,"_links":{"self":[{"href":"http:\/\/itineraires.sudvelo.com\/miles\/wp-json\/wp\/v2\/posts\/1535"}],"collection":[{"href":"http:\/\/itineraires.sudvelo.com\/miles\/wp-json\/wp\/v2\/posts"}],"about":[{"href":"http:\/\/itineraires.sudvelo.com\/miles\/wp-json\/wp\/v2\/types\/post"}],"author":[{"embeddable":true,"href":"http:\/\/itineraires.sudvelo.com\/miles\/wp-json\/wp\/v2\/users\/3"}],"replies":[{"embeddable":true,"href":"http:\/\/itineraires.sudvelo.com\/miles\/wp-json\/wp\/v2\/comments?post=1535"}],"version-history":[{"count":1,"href":"http:\/\/itineraires.sudvelo.com\/miles\/wp-json\/wp\/v2\/posts\/1535\/revisions"}],"predecessor-version":[{"id":1538,"href":"http:\/\/itineraires.sudvelo.com\/miles\/wp-json\/wp\/v2\/posts\/1535\/revisions\/1538"}],"wp:attachment":[{"href":"http:\/\/itineraires.sudvelo.com\/miles\/wp-json\/wp\/v2\/media?parent=1535"}],"wp:term":[{"taxonomy":"category","embeddable":true,"href":"http:\/\/itineraires.sudvelo.com\/miles\/wp-json\/wp\/v2\/categories?post=1535"},{"taxonomy":"post_tag","embeddable":true,"href":"http:\/\/itineraires.sudvelo.com\/miles\/wp-json\/wp\/v2\/tags?post=1535"}],"curies":[{"name":"wp","href":"https:\/\/api.w.org\/{rel}","templated":true}]}}