{"id":1532,"date":"2016-03-01T18:39:27","date_gmt":"2016-03-01T17:39:27","guid":{"rendered":"http:\/\/itineraires.sudvelo.com\/miles\/?p=1532"},"modified":"2016-03-01T18:39:27","modified_gmt":"2016-03-01T17:39:27","slug":"un-petit-tour-en-france","status":"publish","type":"post","link":"http:\/\/itineraires.sudvelo.com\/miles\/2016\/03\/01\/un-petit-tour-en-france\/","title":{"rendered":"Un petit tour en France"},"content":{"rendered":"<p><img data-recalc-dims=\"1\" loading=\"lazy\" decoding=\"async\" data-attachment-id=\"1533\" data-permalink=\"http:\/\/itineraires.sudvelo.com\/miles\/2016\/03\/01\/un-petit-tour-en-france\/image-11\/\" data-orig-file=\"https:\/\/i0.wp.com\/itineraires.sudvelo.com\/miles\/wp-content\/uploads\/2016\/03\/image-1.jpeg?fit=3264%2C2448\" data-orig-size=\"3264,2448\" data-comments-opened=\"1\" data-image-meta=\"{&quot;aperture&quot;:&quot;2.4&quot;,&quot;credit&quot;:&quot;&quot;,&quot;camera&quot;:&quot;iPhone 4S&quot;,&quot;caption&quot;:&quot;&quot;,&quot;created_timestamp&quot;:&quot;1456851775&quot;,&quot;copyright&quot;:&quot;&quot;,&quot;focal_length&quot;:&quot;4.28&quot;,&quot;iso&quot;:&quot;50&quot;,&quot;shutter_speed&quot;:&quot;0.0065789473684211&quot;,&quot;title&quot;:&quot;&quot;,&quot;orientation&quot;:&quot;1&quot;}\" data-image-title=\"image\" data-image-description=\"\" data-image-caption=\"\" data-medium-file=\"https:\/\/i0.wp.com\/itineraires.sudvelo.com\/miles\/wp-content\/uploads\/2016\/03\/image-1.jpeg?fit=300%2C225\" data-large-file=\"https:\/\/i0.wp.com\/itineraires.sudvelo.com\/miles\/wp-content\/uploads\/2016\/03\/image-1.jpeg?fit=610%2C458\" tabindex=\"0\" role=\"button\" class=\"alignnone size-medium wp-image-1533\" src=\"https:\/\/i0.wp.com\/itineraires.sudvelo.com\/miles\/wp-content\/uploads\/2016\/03\/image-1.jpeg?resize=300%2C225\" alt=\"image\" width=\"300\" height=\"225\" srcset=\"https:\/\/i0.wp.com\/itineraires.sudvelo.com\/miles\/wp-content\/uploads\/2016\/03\/image-1.jpeg?resize=300%2C225 300w, https:\/\/i0.wp.com\/itineraires.sudvelo.com\/miles\/wp-content\/uploads\/2016\/03\/image-1.jpeg?resize=768%2C576 768w, https:\/\/i0.wp.com\/itineraires.sudvelo.com\/miles\/wp-content\/uploads\/2016\/03\/image-1.jpeg?resize=1024%2C768 1024w, https:\/\/i0.wp.com\/itineraires.sudvelo.com\/miles\/wp-content\/uploads\/2016\/03\/image-1.jpeg?w=1220 1220w, https:\/\/i0.wp.com\/itineraires.sudvelo.com\/miles\/wp-content\/uploads\/2016\/03\/image-1.jpeg?w=1830 1830w\" sizes=\"(max-width: 300px) 100vw, 300px\" \/>Arriv\u00e9 assez t\u00f4t \u00e0 l&rsquo;hotel, petite douche et rando jusqu&rsquo;au sommet de la montagne au dessus de Macanet. A 1100 m, j&rsquo;ai donc vu ma premiere neige de la saison! Pas tres bien equip\u00e9 avec chaussures de trial, je suis redescendu avec les pieds gel\u00e9s. Une petite cerveza, une seconde bonne douche bien chaude et je serai pr\u00eat pour le repas catalan<\/p>\n<p>Demain matin, je remonterai a 1100 mais en velo cette fois ci pour repasser la frontiere et me diriger vers Ill sur Tet, patrie de Caminade!<\/p>\n<p>a +<\/p>\n<p>merci pour vos petits commentaires Masha et Manu. Bizz<\/p>\n","protected":false},"excerpt":{"rendered":"<p>Arriv\u00e9 assez t\u00f4t \u00e0 l&rsquo;hotel, petite douche et rando jusqu&rsquo;au sommet de la montagne au dessus de Macanet. A 1100 m, j&rsquo;ai donc vu ma premiere neige de la saison! Pas tres bien equip\u00e9 avec chaussures de trial, je suis redescendu avec les pieds gel\u00e9s. Une petite cerveza, une seconde bonne douche bien chaude et [&hellip;]<\/p>\n","protected":false},"author":3,"featured_media":0,"comment_status":"open","ping_status":"open","sticky":false,"template":"","format":"standard","meta":{"jetpack_post_was_ever_published":false,"_jetpack_newsletter_access":"","_jetpack_dont_email_post_to_subs":false,"_jetpack_newsletter_tier_id":0,"_jetpack_memberships_contains_paywalled_content":false,"_jetpack_memberships_contains_paid_content":false,"footnotes":"","jetpack_publicize_message":"","jetpack_publicize_feature_enabled":true,"jetpack_social_post_already_shared":true,"jetpack_social_options":{"image_generator_settings":{"template":"highway","enabled":false},"version":2}},"categories":[38],"tags":[],"class_list":["post-1532","post","type-post","status-publish","format-standard","hentry","category-pyrenees-orientales"],"jetpack_publicize_connections":[],"jetpack_featured_media_url":"","jetpack_sharing_enabled":true,"jetpack_shortlink":"https:\/\/wp.me\/p6ioUK-oI","jetpack_likes_enabled":true,"_links":{"self":[{"href":"http:\/\/itineraires.sudvelo.com\/miles\/wp-json\/wp\/v2\/posts\/1532"}],"collection":[{"href":"http:\/\/itineraires.sudvelo.com\/miles\/wp-json\/wp\/v2\/posts"}],"about":[{"href":"http:\/\/itineraires.sudvelo.com\/miles\/wp-json\/wp\/v2\/types\/post"}],"author":[{"embeddable":true,"href":"http:\/\/itineraires.sudvelo.com\/miles\/wp-json\/wp\/v2\/users\/3"}],"replies":[{"embeddable":true,"href":"http:\/\/itineraires.sudvelo.com\/miles\/wp-json\/wp\/v2\/comments?post=1532"}],"version-history":[{"count":1,"href":"http:\/\/itineraires.sudvelo.com\/miles\/wp-json\/wp\/v2\/posts\/1532\/revisions"}],"predecessor-version":[{"id":1534,"href":"http:\/\/itineraires.sudvelo.com\/miles\/wp-json\/wp\/v2\/posts\/1532\/revisions\/1534"}],"wp:attachment":[{"href":"http:\/\/itineraires.sudvelo.com\/miles\/wp-json\/wp\/v2\/media?parent=1532"}],"wp:term":[{"taxonomy":"category","embeddable":true,"href":"http:\/\/itineraires.sudvelo.com\/miles\/wp-json\/wp\/v2\/categories?post=1532"},{"taxonomy":"post_tag","embeddable":true,"href":"http:\/\/itineraires.sudvelo.com\/miles\/wp-json\/wp\/v2\/tags?post=1532"}],"curies":[{"name":"wp","href":"https:\/\/api.w.org\/{rel}","templated":true}]}}