{"id":1525,"date":"2016-03-01T13:44:35","date_gmt":"2016-03-01T12:44:35","guid":{"rendered":"http:\/\/itineraires.sudvelo.com\/miles\/?p=1525"},"modified":"2016-03-01T14:15:54","modified_gmt":"2016-03-01T13:15:54","slug":"meteo-patagonienne-ravito-japonais","status":"publish","type":"post","link":"http:\/\/itineraires.sudvelo.com\/miles\/2016\/03\/01\/meteo-patagonienne-ravito-japonais\/","title":{"rendered":"M\u00e9t\u00e9o patagonienne. Ravito japonais"},"content":{"rendered":"<p><img data-recalc-dims=\"1\" loading=\"lazy\" decoding=\"async\" data-attachment-id=\"1530\" data-permalink=\"http:\/\/itineraires.sudvelo.com\/miles\/2016\/03\/01\/meteo-patagonienne-ravito-japonais\/bikejb\/\" data-orig-file=\"https:\/\/i0.wp.com\/itineraires.sudvelo.com\/miles\/wp-content\/uploads\/2016\/03\/bikeJB.jpeg?fit=768%2C1024\" data-orig-size=\"768,1024\" data-comments-opened=\"1\" data-image-meta=\"{&quot;aperture&quot;:&quot;0&quot;,&quot;credit&quot;:&quot;&quot;,&quot;camera&quot;:&quot;&quot;,&quot;caption&quot;:&quot;&quot;,&quot;created_timestamp&quot;:&quot;0&quot;,&quot;copyright&quot;:&quot;&quot;,&quot;focal_length&quot;:&quot;0&quot;,&quot;iso&quot;:&quot;0&quot;,&quot;shutter_speed&quot;:&quot;0&quot;,&quot;title&quot;:&quot;&quot;,&quot;orientation&quot;:&quot;1&quot;}\" data-image-title=\"bikeJB\" data-image-description=\"\" data-image-caption=\"\" data-medium-file=\"https:\/\/i0.wp.com\/itineraires.sudvelo.com\/miles\/wp-content\/uploads\/2016\/03\/bikeJB.jpeg?fit=225%2C300\" data-large-file=\"https:\/\/i0.wp.com\/itineraires.sudvelo.com\/miles\/wp-content\/uploads\/2016\/03\/bikeJB.jpeg?fit=610%2C813\" tabindex=\"0\" role=\"button\" class=\"alignnone size-medium wp-image-1530\" src=\"https:\/\/i0.wp.com\/itineraires.sudvelo.com\/miles\/wp-content\/uploads\/2016\/03\/bikeJB.jpeg?resize=225%2C300\" alt=\"bikeJB\" width=\"225\" height=\"300\" srcset=\"https:\/\/i0.wp.com\/itineraires.sudvelo.com\/miles\/wp-content\/uploads\/2016\/03\/bikeJB.jpeg?resize=225%2C300 225w, https:\/\/i0.wp.com\/itineraires.sudvelo.com\/miles\/wp-content\/uploads\/2016\/03\/bikeJB.jpeg?w=768 768w\" sizes=\"(max-width: 225px) 100vw, 225px\" \/>60 kms en 4 heures! Avec cette fois ci le vent de face. Parfois j&rsquo;etais completement a l&rsquo;arr\u00eat! Parfois balay\u00e9 par une rafale de c\u00f4t\u00e9 vers le milieu de la route. Heureusement peu de circulation et conducteurs prudentsImpossible de resister a la promo Snickers +15% (de plastique inside?). Ca rappelle des bons souvenirs.<\/p>\n<p>Dejeuner a Darnyus. Apres on verra bien<\/p>\n","protected":false},"excerpt":{"rendered":"<p>60 kms en 4 heures! Avec cette fois ci le vent de face. Parfois j&rsquo;etais completement a l&rsquo;arr\u00eat! Parfois balay\u00e9 par une rafale de c\u00f4t\u00e9 vers le milieu de la route. Heureusement peu de circulation et conducteurs prudentsImpossible de resister a la promo Snickers +15% (de plastique inside?). Ca rappelle des bons souvenirs. Dejeuner a [&hellip;]<\/p>\n","protected":false},"author":3,"featured_media":0,"comment_status":"open","ping_status":"open","sticky":false,"template":"","format":"standard","meta":{"jetpack_post_was_ever_published":false,"_jetpack_newsletter_access":"","_jetpack_dont_email_post_to_subs":false,"_jetpack_newsletter_tier_id":0,"_jetpack_memberships_contains_paywalled_content":false,"_jetpack_memberships_contains_paid_content":false,"footnotes":"","jetpack_publicize_message":"","jetpack_publicize_feature_enabled":true,"jetpack_social_post_already_shared":true,"jetpack_social_options":{"image_generator_settings":{"template":"highway","enabled":false},"version":2}},"categories":[1,38],"tags":[],"class_list":["post-1525","post","type-post","status-publish","format-standard","hentry","category-non-classe","category-pyrenees-orientales"],"jetpack_publicize_connections":[],"jetpack_featured_media_url":"","jetpack_sharing_enabled":true,"jetpack_shortlink":"https:\/\/wp.me\/p6ioUK-oB","jetpack_likes_enabled":true,"_links":{"self":[{"href":"http:\/\/itineraires.sudvelo.com\/miles\/wp-json\/wp\/v2\/posts\/1525"}],"collection":[{"href":"http:\/\/itineraires.sudvelo.com\/miles\/wp-json\/wp\/v2\/posts"}],"about":[{"href":"http:\/\/itineraires.sudvelo.com\/miles\/wp-json\/wp\/v2\/types\/post"}],"author":[{"embeddable":true,"href":"http:\/\/itineraires.sudvelo.com\/miles\/wp-json\/wp\/v2\/users\/3"}],"replies":[{"embeddable":true,"href":"http:\/\/itineraires.sudvelo.com\/miles\/wp-json\/wp\/v2\/comments?post=1525"}],"version-history":[{"count":3,"href":"http:\/\/itineraires.sudvelo.com\/miles\/wp-json\/wp\/v2\/posts\/1525\/revisions"}],"predecessor-version":[{"id":1531,"href":"http:\/\/itineraires.sudvelo.com\/miles\/wp-json\/wp\/v2\/posts\/1525\/revisions\/1531"}],"wp:attachment":[{"href":"http:\/\/itineraires.sudvelo.com\/miles\/wp-json\/wp\/v2\/media?parent=1525"}],"wp:term":[{"taxonomy":"category","embeddable":true,"href":"http:\/\/itineraires.sudvelo.com\/miles\/wp-json\/wp\/v2\/categories?post=1525"},{"taxonomy":"post_tag","embeddable":true,"href":"http:\/\/itineraires.sudvelo.com\/miles\/wp-json\/wp\/v2\/tags?post=1525"}],"curies":[{"name":"wp","href":"https:\/\/api.w.org\/{rel}","templated":true}]}}