{"id":1196,"date":"2015-09-28T13:21:04","date_gmt":"2015-09-28T12:21:04","guid":{"rendered":"http:\/\/itineraires.sudvelo.com\/miles\/?p=1196"},"modified":"2015-10-21T08:45:54","modified_gmt":"2015-10-21T07:45:54","slug":"une-journee-particuliere","status":"publish","type":"post","link":"http:\/\/itineraires.sudvelo.com\/miles\/2015\/09\/28\/une-journee-particuliere\/","title":{"rendered":"Une journ\u00e9e particuli\u00e8re\u00a0"},"content":{"rendered":"<p>&nbsp;<a href=\"https:\/\/i0.wp.com\/itineraires.sudvelo.com\/miles\/wp-content\/uploads\/2015\/09\/IMG_7218.jpg\"><img data-recalc-dims=\"1\" decoding=\"async\" src=\"https:\/\/i0.wp.com\/itineraires.sudvelo.com\/miles\/wp-content\/uploads\/2015\/09\/IMG_7218.jpg?w=610\" alt=\"\"><\/a>&nbsp;Joyeux anniversaire Jean-Yves!!!!&nbsp;<a href=\"https:\/\/i0.wp.com\/itineraires.sudvelo.com\/miles\/wp-content\/uploads\/2015\/09\/IMG_7130.jpg\"><img data-recalc-dims=\"1\" decoding=\"async\" src=\"https:\/\/i0.wp.com\/itineraires.sudvelo.com\/miles\/wp-content\/uploads\/2015\/09\/IMG_7130.jpg?w=610\" alt=\"\"><\/a>&nbsp;&nbsp;<a href=\"https:\/\/i0.wp.com\/itineraires.sudvelo.com\/miles\/wp-content\/uploads\/2015\/09\/IMG_7132.jpg\"><img data-recalc-dims=\"1\" decoding=\"async\" src=\"https:\/\/i0.wp.com\/itineraires.sudvelo.com\/miles\/wp-content\/uploads\/2015\/09\/IMG_7132.jpg?w=610\" alt=\"\"><\/a>&nbsp;Petit d\u00e9jeuner presque comme \u00e0 la maison&nbsp;<\/p>\n<ul>\n<li><a href=\"https:\/\/i0.wp.com\/itineraires.sudvelo.com\/miles\/wp-content\/uploads\/2015\/09\/IMG_7137.jpg\"><img data-recalc-dims=\"1\" decoding=\"async\" src=\"https:\/\/i0.wp.com\/itineraires.sudvelo.com\/miles\/wp-content\/uploads\/2015\/09\/IMG_7137.jpg?w=610\" alt=\"\"><span style=\"color: rgb(45, 45, 45);\">&nbsp;M\u00e9ditation sur le temps qui passe.<\/span><br \/>\n<\/a><\/li>\n<\/ul>\n<p>Peut -\u00eatre que le temps est immobile et que c&rsquo;est nous qui passons.&nbsp;<a href=\"https:\/\/i0.wp.com\/itineraires.sudvelo.com\/miles\/wp-content\/uploads\/2015\/09\/IMG_7169.jpg\"><img data-recalc-dims=\"1\" decoding=\"async\" src=\"https:\/\/i0.wp.com\/itineraires.sudvelo.com\/miles\/wp-content\/uploads\/2015\/09\/IMG_7169.jpg?w=610\" alt=\"\"><\/a>&nbsp;&nbsp;<a href=\"https:\/\/i0.wp.com\/itineraires.sudvelo.com\/miles\/wp-content\/uploads\/2015\/09\/IMG_7170.jpg\"><img data-recalc-dims=\"1\" decoding=\"async\" src=\"https:\/\/i0.wp.com\/itineraires.sudvelo.com\/miles\/wp-content\/uploads\/2015\/09\/IMG_7170.jpg?w=610\" alt=\"\"><\/a>&nbsp;Filets de truite \u00e0 midi.&nbsp;<\/p>\n<p><a href=\"https:\/\/i0.wp.com\/itineraires.sudvelo.com\/miles\/wp-content\/uploads\/2015\/09\/IMG_7154-0.jpg\"><img data-recalc-dims=\"1\" decoding=\"async\" src=\"https:\/\/i0.wp.com\/itineraires.sudvelo.com\/miles\/wp-content\/uploads\/2015\/09\/IMG_7154-0.jpg?w=610\" alt=\"\"><\/a>&nbsp;&nbsp;<a href=\"https:\/\/i0.wp.com\/itineraires.sudvelo.com\/miles\/wp-content\/uploads\/2015\/09\/IMG_7149.jpg\"><img data-recalc-dims=\"1\" decoding=\"async\" src=\"https:\/\/i0.wp.com\/itineraires.sudvelo.com\/miles\/wp-content\/uploads\/2015\/09\/IMG_7149.jpg?w=610\" alt=\"\"><\/a>&nbsp;&nbsp;<br \/>\n<a href=\"https:\/\/i0.wp.com\/itineraires.sudvelo.com\/miles\/wp-content\/uploads\/2015\/09\/IMG_7167-0.jpg\"><img data-recalc-dims=\"1\" decoding=\"async\" src=\"https:\/\/i0.wp.com\/itineraires.sudvelo.com\/miles\/wp-content\/uploads\/2015\/09\/IMG_7167-0.jpg?w=610\" alt=\"\"><span style=\"color: rgb(45, 45, 45);\">&nbsp;Chemin de Compostelle japonais<\/span>&nbsp;<\/a><a href=\"https:\/\/i0.wp.com\/itineraires.sudvelo.com\/miles\/wp-content\/uploads\/2015\/09\/IMG_7207.jpg\"><img data-recalc-dims=\"1\" decoding=\"async\" src=\"https:\/\/i0.wp.com\/itineraires.sudvelo.com\/miles\/wp-content\/uploads\/2015\/09\/IMG_7207.jpg?w=610\" alt=\"\"><\/a>&nbsp;&nbsp;<a href=\"https:\/\/i0.wp.com\/itineraires.sudvelo.com\/miles\/wp-content\/uploads\/2015\/09\/IMG_7209.jpg\"><img data-recalc-dims=\"1\" decoding=\"async\" src=\"https:\/\/i0.wp.com\/itineraires.sudvelo.com\/miles\/wp-content\/uploads\/2015\/09\/IMG_7209.jpg?w=610\" alt=\"\"><\/a>&nbsp;Apr\u00e8s 110km de v\u00e9lo un petit ap\u00e9ritif .&nbsp;<\/p>\n<p><a href=\"https:\/\/i0.wp.com\/itineraires.sudvelo.com\/miles\/wp-content\/uploads\/2015\/09\/IMG_7210.jpg\"><img data-recalc-dims=\"1\" decoding=\"async\" src=\"https:\/\/i0.wp.com\/itineraires.sudvelo.com\/miles\/wp-content\/uploads\/2015\/09\/IMG_7210.jpg?w=610\" alt=\"\"><\/a>&nbsp;&nbsp;<a href=\"https:\/\/i0.wp.com\/itineraires.sudvelo.com\/miles\/wp-content\/uploads\/2015\/09\/IMG_7212.jpg\"><img data-recalc-dims=\"1\" decoding=\"async\" src=\"https:\/\/i0.wp.com\/itineraires.sudvelo.com\/miles\/wp-content\/uploads\/2015\/09\/IMG_7212.jpg?w=610\" alt=\"\"><\/a>&nbsp;&nbsp;<br \/>\n<a href=\"https:\/\/i0.wp.com\/itineraires.sudvelo.com\/miles\/wp-content\/uploads\/2015\/09\/IMG_7217.jpg\"><img data-recalc-dims=\"1\" decoding=\"async\" src=\"https:\/\/i0.wp.com\/itineraires.sudvelo.com\/miles\/wp-content\/uploads\/2015\/09\/IMG_7217.jpg?w=610\" alt=\"\"><\/a>&nbsp;&nbsp;<a href=\"https:\/\/i0.wp.com\/itineraires.sudvelo.com\/miles\/wp-content\/uploads\/2015\/09\/IMG_7219.jpg\"><img data-recalc-dims=\"1\" decoding=\"async\" src=\"https:\/\/i0.wp.com\/itineraires.sudvelo.com\/miles\/wp-content\/uploads\/2015\/09\/IMG_7219.jpg?w=610\" alt=\"\"><\/a>&nbsp;&nbsp;<\/p>\n<ul>\n<li><a href=\"https:\/\/i0.wp.com\/itineraires.sudvelo.com\/miles\/wp-content\/uploads\/2015\/09\/IMG_7213.jpg\"><img data-recalc-dims=\"1\" decoding=\"async\" src=\"https:\/\/i0.wp.com\/itineraires.sudvelo.com\/miles\/wp-content\/uploads\/2015\/09\/IMG_7213.jpg?w=610\" alt=\"\"><span style=\"color: rgb(45, 45, 45);\">&nbsp;Un bon d\u00eener :<\/span><br \/>\n<\/a><\/li>\n<li><span style=\"color: rgb(45, 45, 45);\"><a href=\"http:\/\/itineraires.sudvelo.com\/miles\/wp-content\/uploads\/2015\/09\/IMG_7213.jpg\">T<\/a>empora<\/span><\/li>\n<li><span style=\"color: rgb(45, 45, 45);\">Filet d&rsquo;anguille&nbsp;<\/span><\/li>\n<li><span style=\"color: rgb(45, 45, 45);\">Et un bon dessert.<\/span><\/li>\n<\/ul>\n","protected":false},"excerpt":{"rendered":"<p>&nbsp;&nbsp;Joyeux anniversaire Jean-Yves!!!!&nbsp;&nbsp;&nbsp;&nbsp;Petit d\u00e9jeuner presque comme \u00e0 la maison&nbsp; &nbsp;M\u00e9ditation sur le temps qui passe. Peut -\u00eatre que le temps est immobile et que c&rsquo;est nous qui passons.&nbsp;&nbsp;&nbsp;&nbsp;Filets de truite \u00e0 midi.&nbsp; &nbsp;&nbsp;&nbsp;&nbsp; &nbsp;Chemin de Compostelle japonais&nbsp;&nbsp;&nbsp;&nbsp;Apr\u00e8s 110km de v\u00e9lo un petit ap\u00e9ritif .&nbsp; &nbsp;&nbsp;&nbsp;&nbsp; &nbsp;&nbsp;&nbsp;&nbsp; &nbsp;Un bon d\u00eener : Tempora Filet d&rsquo;anguille&nbsp; Et un [&hellip;]<\/p>\n","protected":false},"author":4,"featured_media":0,"comment_status":"open","ping_status":"open","sticky":false,"template":"","format":"standard","meta":{"jetpack_post_was_ever_published":false,"_jetpack_newsletter_access":"","_jetpack_dont_email_post_to_subs":false,"_jetpack_newsletter_tier_id":0,"_jetpack_memberships_contains_paywalled_content":false,"_jetpack_memberships_contains_paid_content":false,"footnotes":"","jetpack_publicize_message":"","jetpack_publicize_feature_enabled":true,"jetpack_social_post_already_shared":true,"jetpack_social_options":{"image_generator_settings":{"template":"highway","enabled":false},"version":2}},"categories":[5,32,3,30,8,7],"tags":[],"class_list":["post-1196","post","type-post","status-publish","format-standard","hentry","category-japon","category-kyushu","category-periples","category-shikoku","category-sudvelo","category-voyages"],"jetpack_publicize_connections":[],"jetpack_featured_media_url":"","jetpack_sharing_enabled":true,"jetpack_shortlink":"https:\/\/wp.me\/p6ioUK-ji","jetpack_likes_enabled":true,"_links":{"self":[{"href":"http:\/\/itineraires.sudvelo.com\/miles\/wp-json\/wp\/v2\/posts\/1196"}],"collection":[{"href":"http:\/\/itineraires.sudvelo.com\/miles\/wp-json\/wp\/v2\/posts"}],"about":[{"href":"http:\/\/itineraires.sudvelo.com\/miles\/wp-json\/wp\/v2\/types\/post"}],"author":[{"embeddable":true,"href":"http:\/\/itineraires.sudvelo.com\/miles\/wp-json\/wp\/v2\/users\/4"}],"replies":[{"embeddable":true,"href":"http:\/\/itineraires.sudvelo.com\/miles\/wp-json\/wp\/v2\/comments?post=1196"}],"version-history":[{"count":1,"href":"http:\/\/itineraires.sudvelo.com\/miles\/wp-json\/wp\/v2\/posts\/1196\/revisions"}],"predecessor-version":[{"id":1197,"href":"http:\/\/itineraires.sudvelo.com\/miles\/wp-json\/wp\/v2\/posts\/1196\/revisions\/1197"}],"wp:attachment":[{"href":"http:\/\/itineraires.sudvelo.com\/miles\/wp-json\/wp\/v2\/media?parent=1196"}],"wp:term":[{"taxonomy":"category","embeddable":true,"href":"http:\/\/itineraires.sudvelo.com\/miles\/wp-json\/wp\/v2\/categories?post=1196"},{"taxonomy":"post_tag","embeddable":true,"href":"http:\/\/itineraires.sudvelo.com\/miles\/wp-json\/wp\/v2\/tags?post=1196"}],"curies":[{"name":"wp","href":"https:\/\/api.w.org\/{rel}","templated":true}]}}